{"id":133747,"date":"2024-05-16T18:23:02","date_gmt":"2024-05-16T16:23:02","guid":{"rendered":"https:\/\/www.festivalhopper.de\/news\/?p=133747"},"modified":"2024-06-01T18:37:11","modified_gmt":"2024-06-01T16:37:11","slug":"rudolstadt-bundesverdienstkreuz-programmchef-hanneken","status":"publish","type":"post","link":"https:\/\/www.festivalhopper.de\/news\/2024\/05\/16\/rudolstadt-bundesverdienstkreuz-programmchef-hanneken\/","title":{"rendered":"Rudolstadt Festival: Bundesverdienstkreuz f\u00fcr Programmchef Hanneken"},"content":{"rendered":"<p><a href=\"https:\/\/www.festivalhopper.de\/news\/wp-content\/uploads\/2023\/07\/Rudolstadt2023-Bernhard-Hanneken_3008_55.jpg\"><img loading=\"lazy\" decoding=\"async\" class=\"size-medium wp-image-132074 alignleft\" src=\"https:\/\/www.festivalhopper.de\/news\/wp-content\/uploads\/2023\/07\/Rudolstadt2023-Bernhard-Hanneken_3008_55-300x200.jpg\" alt=\"\" width=\"300\" height=\"200\" srcset=\"https:\/\/www.festivalhopper.de\/news\/wp-content\/uploads\/2023\/07\/Rudolstadt2023-Bernhard-Hanneken_3008_55-300x200.jpg 300w, https:\/\/www.festivalhopper.de\/news\/wp-content\/uploads\/2023\/07\/Rudolstadt2023-Bernhard-Hanneken_3008_55-768x511.jpg 768w, https:\/\/www.festivalhopper.de\/news\/wp-content\/uploads\/2023\/07\/Rudolstadt2023-Bernhard-Hanneken_3008_55.jpg 1024w\" sizes=\"auto, (max-width: 300px) 100vw, 300px\" \/><\/a>Sechs Wochen vor der kommenden Ausgabe des <a href=\"https:\/\/www.festivalhopper.de\/festival\/rudolstadt-festival-2024\">Rudolstadt Festivals<\/a> haben wir ansonsten andere Neuigkeiten f\u00fcr Euch. Da geht um aktuelle \u00c4nderungen beim Programm, Einzelheiten zur Anreise oder den Hinweis, dass nicht mehr viele Karten verf\u00fcgbar sind. Dieses Mal geht es aber allein um die Ehrung einer Pers\u00f6nlichkeit und damit der Ehrung und Anerkennung der Arbeit die das gesamte Team des Rudolstadt Festivals leistet.<\/p>\n<p><!--more--><\/p>\n<p><a href=\"https:\/\/www.festivalhopper.de\/news\/wp-content\/uploads\/2023\/07\/Rudolstadt-Festival-2023_2674_8.jpg\"><img loading=\"lazy\" decoding=\"async\" class=\"size-medium wp-image-132033 alignright\" src=\"https:\/\/www.festivalhopper.de\/news\/wp-content\/uploads\/2023\/07\/Rudolstadt-Festival-2023_2674_8-300x200.jpg\" alt=\"\" width=\"300\" height=\"200\" srcset=\"https:\/\/www.festivalhopper.de\/news\/wp-content\/uploads\/2023\/07\/Rudolstadt-Festival-2023_2674_8-300x200.jpg 300w, https:\/\/www.festivalhopper.de\/news\/wp-content\/uploads\/2023\/07\/Rudolstadt-Festival-2023_2674_8-768x511.jpg 768w, https:\/\/www.festivalhopper.de\/news\/wp-content\/uploads\/2023\/07\/Rudolstadt-Festival-2023_2674_8.jpg 1024w\" sizes=\"auto, (max-width: 300px) 100vw, 300px\" \/><\/a><a href=\"https:\/\/www.festivalhopper.de\/news\/wp-content\/uploads\/2023\/07\/Rudolstadt2023-Imar-001-c-MatthiasK-net.jpg\"> <\/a>Wenn es jemanden gibt, auf den der Begriff <strong>&#8222;das Gesicht des Rudolstadt Festivals&#8220;<\/strong> zutrifft, dann ist es <strong>Bernhard Hanneken<\/strong>. Wie kaum ein anderer wird der Programmdirektor mit dem Festival identifiziert. Gestern wurde Hanneken in Weimar das <strong>Verdienstkreuz der Bundesrepublik Deutschland am Bande<\/strong> verliehen. Dieser Verdienstorden geh\u00f6rt zu den h\u00f6chsten Anerkennungen, die die Bundesrepublik f\u00fcr Verdienste um das Gemeinwohl ausspricht. Bernhard Hanneken, der in unserem Land wie kaum ein anderer f\u00fcr sein Engagement in Sachen Roots- Folk- und Weltmusik steht, bekam das Bundesverdienstkreuz am Bande <strong>&#8222;f\u00fcr seine vielf\u00e4ltigen Verdienste um die Folkmusik in Deutschland&#8220;<\/strong>.<\/p>\n<blockquote><p><strong><em>&#8222;Ein kulturelles Ereignis von solch internationaler Bedeutung zu schaffen, damit kulturelle und wirtschaftliche Impulse gleicherma\u00dfen zu setzen und dar\u00fcber hinaus die lokale Gemeinschaft zu st\u00e4rken, ist nahezu einzigartig. Mit seinem Einsatz f\u00fcr die Sichtbarkeit von Folk- und Weltmusik hat Bernhard Hanneken das Festival zu einem internationalen Aush\u00e4ngeschild f\u00fcr Th\u00fcringen<\/em> gemacht. Daf\u00fcr verdient er unsere Wertsch\u00e4tzung&#8220;<\/strong>, so Th\u00fcringens Ministerpr\u00e4sident <strong>Bodo Ramelow<\/strong>.<\/p><\/blockquote>\n<p><a href=\"https:\/\/www.festivalhopper.de\/news\/wp-content\/uploads\/2023\/07\/Rudolstadt2023-Bernhard-Hanneken_2773_23.jpg\"><img loading=\"lazy\" decoding=\"async\" class=\"alignleft size-medium wp-image-132073\" src=\"https:\/\/www.festivalhopper.de\/news\/wp-content\/uploads\/2023\/07\/Rudolstadt2023-Bernhard-Hanneken_2773_23-300x200.jpg\" alt=\"\" width=\"300\" height=\"200\" srcset=\"https:\/\/www.festivalhopper.de\/news\/wp-content\/uploads\/2023\/07\/Rudolstadt2023-Bernhard-Hanneken_2773_23-300x200.jpg 300w, https:\/\/www.festivalhopper.de\/news\/wp-content\/uploads\/2023\/07\/Rudolstadt2023-Bernhard-Hanneken_2773_23-768x511.jpg 768w, https:\/\/www.festivalhopper.de\/news\/wp-content\/uploads\/2023\/07\/Rudolstadt2023-Bernhard-Hanneken_2773_23.jpg 1024w\" sizes=\"auto, (max-width: 300px) 100vw, 300px\" \/><\/a>Hanneken verwies bei den <strong>Dankesworten<\/strong> auf seine Mitstreiter:<\/p>\n<blockquote><p><strong><em>&#8222;Diesen Preis nehme ich auch stellvertretend f\u00fcr all diejenigen entgegen, die das Rudolstadt-Festival im Laufe der vergangenen Jahrzehnte zu dem gemacht haben, was es heute ist. Man macht so etwas nie allein, und wir werden sehen, wohin sich das Festival entwickelt. Ich hoffe, dass alle diejenigen, die im Laufe der Jahre beteiligt waren und bis jetzt sind, in der Lage sein werden, das Festival noch \u00fcber viele, viele Jahrzehnte zu einer guten Zukunft zu<\/em> f\u00fchren.&#8220;<\/strong><\/p><\/blockquote>\n<p><a href=\"https:\/\/www.festivalhopper.de\/news\/wp-content\/uploads\/2013\/07\/2013_07_07-Sonntag-319.jpg\"><img loading=\"lazy\" decoding=\"async\" class=\"size-medium wp-image-83433 alignright\" src=\"https:\/\/www.festivalhopper.de\/news\/wp-content\/uploads\/2013\/07\/2013_07_07-Sonntag-319-200x300.jpg\" alt=\"\" width=\"200\" height=\"300\" srcset=\"https:\/\/www.festivalhopper.de\/news\/wp-content\/uploads\/2013\/07\/2013_07_07-Sonntag-319-200x300.jpg 200w, https:\/\/www.festivalhopper.de\/news\/wp-content\/uploads\/2013\/07\/2013_07_07-Sonntag-319.jpg 683w\" sizes=\"auto, (max-width: 200px) 100vw, 200px\" \/><\/a>Schon lange vor 1989 reiste <strong>Hanneken<\/strong> vom damals heimischen Bonn regelm\u00e4\u00dfig in die DDR, um die dortige Folkszene kennenzulernen &#8211; und dar\u00fcber zu berichten. Unter anderem als Journalist und ehemaliger Chefredakteur das Magazin <strong>Folker<\/strong>. Herausgeber <strong>Mike Kamp<\/strong> sch\u00e4tzt an Hanneken seine Akribie, Hingabe und Fachkenntnis:<strong> &#8222;Entweder ganz oder gar nicht, und wenn ganz, dann m\u00f6glichst <\/strong><strong>150 %.&#8220;<\/strong>. Der <strong>&#8222;Weltklang-Enzyklop\u00e4dist&#8220;<\/strong> (Die ZEIT) ist ein international bekannter Festivalmacher (Rudolstadt-Festival, transVOCALE etc), Buchautor (u.a. Deutschfolk -Das Volksliedrevival in der BRDDR, 2021) sowie Herausgeber der 2015 mit dem Preis der Deutschen Schallplattenkritik ausgezeichneten CD-Edition <strong>&#8222;World Music Instruments&#8220;<\/strong> (Label: NoEthno).<\/p>\n<blockquote><p><em><strong>&#8222;Seine umfassende Kenntnis und Wertsch\u00e4tzung der Musik unterschiedlichster Kulturen brachte ihm weltweit Anerkennung. Sein Ruf festigte auch das Renommee des Festivals und lockte Ensembles aus allen Kontinenten nach Rudolstadt.&#8220;<\/strong><\/em>, so Rudolstadts B\u00fcrgermeister J\u00f6rg Reichl, der diese Auszeichnung von Anfang an unterst\u00fctzte.<\/p><\/blockquote>\n<p><a href=\"https:\/\/www.festivalhopper.de\/news\/wp-content\/uploads\/2022\/07\/FRK_3555-Rudolstadt-Festival.jpg\"><img loading=\"lazy\" decoding=\"async\" class=\"alignleft size-medium wp-image-129541\" src=\"https:\/\/www.festivalhopper.de\/news\/wp-content\/uploads\/2022\/07\/FRK_3555-Rudolstadt-Festival-300x200.jpg\" alt=\"\" width=\"300\" height=\"200\" srcset=\"https:\/\/www.festivalhopper.de\/news\/wp-content\/uploads\/2022\/07\/FRK_3555-Rudolstadt-Festival-300x200.jpg 300w, https:\/\/www.festivalhopper.de\/news\/wp-content\/uploads\/2022\/07\/FRK_3555-Rudolstadt-Festival-768x512.jpg 768w, https:\/\/www.festivalhopper.de\/news\/wp-content\/uploads\/2022\/07\/FRK_3555-Rudolstadt-Festival.jpg 1024w\" sizes=\"auto, (max-width: 300px) 100vw, 300px\" \/><\/a>Im aktuellen Festivaljahr pr\u00e4sentieren Preistr\u00e4ger <strong>Hanneken<\/strong> und das <a href=\"https:\/\/www.festivalhopper.de\/festival\/rudolstadt-festival-2024\">Rudolstadt Festival<\/a> \u00fcbrigens <a href=\"https:\/\/www.festivalhopper.de\/news\/2023\/07\/10\/rudolstadt-festival-2024-laenderschwerpunkt-deutschland\/\">als L\u00e4nderschwerpunkt Deutschland<\/a>. <em>Nach so vielen bewegten Jahren sei es nun an der Zeit f\u00fcr den Blick auf das eigene Land<\/em>, hei\u00dft es. Wir freuen uns darauf auf und unterhalb der <strong>Heidecksburg<\/strong> dieses Jahr wieder rund 1.000 Musiker und K\u00fcnstler aus aller Welt und aus dem eigenen Land erleben zu d\u00fcrfen &#8211; vom <strong>04.-07.07.2024<\/strong> in <strong>Rudolstadt<\/strong>! Noch sind <a href=\"https:\/\/www.tixforgigs.com\/de-DE\/Event\/53707\/rudolstadt-festival-roots-folk-weltmusik-festivalgelande\">Rudolstadt Festival Tickets<\/a> verf\u00fcgbar.<\/p>","protected":false},"excerpt":{"rendered":"<p>Sechs Wochen vor der kommenden Ausgabe des Rudolstadt Festivals haben wir ansonsten andere Neuigkeiten f\u00fcr Euch. Da geht um aktuelle \u00c4nderungen beim Programm, Einzelheiten zur Anreise oder den Hinweis, dass nicht mehr viele Karten verf\u00fcgbar sind. Dieses Mal geht es aber allein um die Ehrung einer Pers\u00f6nlichkeit und damit der Ehrung und Anerkennung der Arbeit [&hellip;]<\/p>\n","protected":false},"author":45,"featured_media":0,"comment_status":"open","ping_status":"open","sticky":false,"template":"","format":"standard","meta":{"footnotes":""},"categories":[2,882,1310,40,284,20,19],"tags":[],"class_list":["post-133747","post","type-post","status-publish","format-standard","hentry","category-festivalnews","category-festivalorganisation","category-festivals-2024","category-festivals-in-europa","category-folk-festivals","category-tickets-kaufen","category-welt-musik"],"_links":{"self":[{"href":"https:\/\/www.festivalhopper.de\/news\/wp-json\/wp\/v2\/posts\/133747","targetHints":{"allow":["GET"]}}],"collection":[{"href":"https:\/\/www.festivalhopper.de\/news\/wp-json\/wp\/v2\/posts"}],"about":[{"href":"https:\/\/www.festivalhopper.de\/news\/wp-json\/wp\/v2\/types\/post"}],"author":[{"embeddable":true,"href":"https:\/\/www.festivalhopper.de\/news\/wp-json\/wp\/v2\/users\/45"}],"replies":[{"embeddable":true,"href":"https:\/\/www.festivalhopper.de\/news\/wp-json\/wp\/v2\/comments?post=133747"}],"version-history":[{"count":2,"href":"https:\/\/www.festivalhopper.de\/news\/wp-json\/wp\/v2\/posts\/133747\/revisions"}],"predecessor-version":[{"id":133770,"href":"https:\/\/www.festivalhopper.de\/news\/wp-json\/wp\/v2\/posts\/133747\/revisions\/133770"}],"wp:attachment":[{"href":"https:\/\/www.festivalhopper.de\/news\/wp-json\/wp\/v2\/media?parent=133747"}],"wp:term":[{"taxonomy":"category","embeddable":true,"href":"https:\/\/www.festivalhopper.de\/news\/wp-json\/wp\/v2\/categories?post=133747"},{"taxonomy":"post_tag","embeddable":true,"href":"https:\/\/www.festivalhopper.de\/news\/wp-json\/wp\/v2\/tags?post=133747"}],"curies":[{"name":"wp","href":"https:\/\/api.w.org\/{rel}","templated":true}]}}