{"id":13145,"date":"2009-08-06T11:45:26","date_gmt":"2009-08-06T09:45:26","guid":{"rendered":"http:\/\/www.festivalhopper.de\/news\/?p=13145"},"modified":"2009-08-06T01:51:08","modified_gmt":"2009-08-05T23:51:08","slug":"open-air-freaktal-und-schluss","status":"publish","type":"post","link":"https:\/\/www.festivalhopper.de\/news\/2009\/08\/06\/open-air-freaktal-und-schluss\/","title":{"rendered":"Ab heute das 10. Freaktal und Schluss!"},"content":{"rendered":"<p><img loading=\"lazy\" decoding=\"async\" class=\"alignnone size-full wp-image-13164\" title=\"Freaktal Logo\" src=\"https:\/\/www.festivalhopper.de\/news\/wp-content\/uploads\/2009\/08\/Freaktal-klein.png\" alt=\"Freaktal Logo\" width=\"500\" height=\"175\" srcset=\"https:\/\/www.festivalhopper.de\/news\/wp-content\/uploads\/2009\/08\/Freaktal-klein.png 500w, https:\/\/www.festivalhopper.de\/news\/wp-content\/uploads\/2009\/08\/Freaktal-klein-300x105.png 300w\" sizes=\"auto, (max-width: 500px) 100vw, 500px\" \/><\/p>\n<p><strong>Freaks sterben nie aus, freakige Festivals leider ab und zu schon.<\/strong> Und so verabschiedet sich das <a href=\"https:\/\/www.festivalhopper.de\/festival\/open-air-freaktal-2009\">Open Air Freaktal<\/a> mit seiner <strong>10. und letzten Auflage<\/strong> aus der Schweizer Festivallandschaft. Aber wenn Freaks gehen dann mit einem Paukenschlag, wie am Line-Up des <a href=\"https:\/\/www.festivalhopper.de\/festival\/open-air-freaktal-2009\">Open Air Freaktal 2009<\/a> unschwer zu erkennen ist.<\/p>\n<p><!--more--><strong>Ab heute bis Sonntag<\/strong> werden Euch in Oberfrick in der Schweiz 3 B\u00fchnen, jede Menge internationale und nationale Live-Acts, Sportangebote, Film Vorf\u00fchrungen und Jam Sessions geboten\u2026eben alles was das Festival-Herz begehrt. Aber nun mal alles der Reihe nach.<\/p>\n<p><strong>Das Festival<\/strong><br \/>\nDas <a href=\"https:\/\/www.festivalhopper.de\/festival\/open-air-freaktal-2009\">Open Air Freaktal<\/a> hat im Jahr 2000 klein angefangen und sich \u00fcber die Jahre zu einem der bekanntesten Schweizer Kultfestivals entwickelt. Dabei zeichnet es sich vor allem durch qualitativ hoch stehende Musikprogramme, freakige Contests, liebevoll dekorierte Bars, gem\u00fctliche Atmosph\u00e4re, kreative Bauten und der Liebe zum Detail aus. Getragen wird das <a href=\"https:\/\/www.festivalhopper.de\/festival\/open-air-freaktal-2009\">Open Air Freaktal 2009<\/a>, <a href=\"https:\/\/www.festivalhopper.de\/news\/2008\/08\/02\/openair-freaktal-ohrenschmaus-pur\">wie schon die Jahre zuvor<\/a>, vom Verein Freaks, der unterdessen rund 120 Mitglieder z\u00e4hlt. Durch den unerm\u00fcdlichen Einsatz aller Beteiligten, die alle ehrenamtlich arbeiten, gelang es, ein einzigartiges Festival zu realisieren.<\/p>\n<p><strong>Line-Up, Zeitplan und Programm im Detail<\/strong><br \/>\nLos geht\u00b4s heute, am Donnerstag den 06.08.2009, um 18:00 Uhr. Dann werden die T\u00fcren f\u00fcr das <a href=\"https:\/\/www.festivalhopper.de\/festival\/open-air-freaktal-2009\">10. und letzte Open Air Freaktal<\/a> ge\u00f6ffnet. Was auf Euch zukommt bzw. Euch geboten wird, k\u00f6nnt Ihr im Folgenden herausfinden:<\/p>\n<p><strong>Donnerstag, 6. August 2009<a href=\"https:\/\/www.festivalhopper.de\/news\/wp-content\/uploads\/2009\/08\/Freaktal-flyer.jpg\"><img loading=\"lazy\" decoding=\"async\" class=\"alignright size-medium wp-image-13155\" src=\"https:\/\/www.festivalhopper.de\/news\/wp-content\/uploads\/2009\/08\/Freaktal-flyer-300x211.jpg\" alt=\"Freaktal-flyer\" width=\"300\" height=\"211\" srcset=\"https:\/\/www.festivalhopper.de\/news\/wp-content\/uploads\/2009\/08\/Freaktal-flyer-300x211.jpg 300w, https:\/\/www.festivalhopper.de\/news\/wp-content\/uploads\/2009\/08\/Freaktal-flyer.jpg 500w\" sizes=\"auto, (max-width: 300px) 100vw, 300px\" \/><\/a><\/strong><\/p>\n<p><em>HAUPTB\u00dcHNE<\/em><br \/>\n20:00 <a href=\"https:\/\/www.festivalhopper.de\/bands\/karten\/notausgang.php\">NOTAUSGANG<\/a> (CH)<br \/>\n00:15 <a href=\"https:\/\/www.festivalhopper.de\/bands\/karten\/die-schroeders.php\">DIE SCHR\u00d6DERS<\/a> (DE)<br \/>\n<em>ZELTB\u00dcHNE<\/em><br \/>\n21:30 Openair-Kino: Walk the Line<\/p>\n<p><strong>Freitag, 7. August 2009<\/strong><\/p>\n<p><em>HAUPTB\u00dcHNE<\/em><br \/>\n16:45 <a href=\"https:\/\/www.festivalhopper.de\/bands\/karten\/the-impulse.php\">THE IMPULSE <\/a>(CH)<br \/>\n18:15 <a href=\"https:\/\/www.festivalhopper.de\/bands\/karten\/dogs-bollocks.php\">DOGS BOLLOCKS <\/a>(CH)<br \/>\n20:15 <a href=\"https:\/\/www.festivalhopper.de\/bands\/karten\/too-strong.php\">TOO STRONG<\/a> (DE)<br \/>\n22:15 <a href=\"https:\/\/www.festivalhopper.de\/bands\/karten\/navel.php\">NAVEL <\/a>(CH)<br \/>\n00:30 <a href=\"https:\/\/www.festivalhopper.de\/bands\/karten\/water-lily.php\">WATER LILY<\/a> (CH)<br \/>\n<em>ZELTB\u00dcHNE<\/em><br \/>\n19:15 <a href=\"https:\/\/www.festivalhopper.de\/bands\/karten\/the-dreadnoughts.php\">THE DREADNOUGHTS <\/a>(CAN)<br \/>\n21:15 <a href=\"https:\/\/www.festivalhopper.de\/bands\/karten\/trummer.php\">TRUMMER<\/a> (CH)<br \/>\n23:45 <a href=\"https:\/\/www.festivalhopper.de\/bands\/karten\/duality-of-mind.php\">DUALITY OF MIND<\/a> (CH)<br \/>\n<em>MOE&#8217;S TAVERNE<\/em><br \/>\n18:30<a href=\"https:\/\/www.festivalhopper.de\/bands\/karten\/sch-fer.php\"> SCH\u00c4FER<\/a> (CH)<br \/>\n20:15 <a href=\"https:\/\/www.festivalhopper.de\/bands\/karten\/xkaos.php\">XKAOS <\/a>(CH)<br \/>\n22:30 <a href=\"https:\/\/www.festivalhopper.de\/bands\/karten\/cruszt.php\">CRUSZT<\/a> (CH)<br \/>\n00:45 <a href=\"https:\/\/www.festivalhopper.de\/bands\/karten\/mad-hillda.php\">MAD HILLDA<\/a> (CH)<br \/>\n<em>RAHMENPROGRAMM<\/em><br \/>\n14:00 GR\u00dcMPELI-TURNIER<br \/>\nWATERSLIDE AM NACHMITTAG F\u00dcR TRAINING GE\u00d6FFNET LEGO-CONTEST<\/p>\n<p><strong><a href=\"https:\/\/www.festivalhopper.de\/news\/wp-content\/uploads\/2009\/08\/DIE-SCHROEDERS-klein.jpg\"><img loading=\"lazy\" decoding=\"async\" class=\"alignleft size-medium wp-image-13157\" src=\"https:\/\/www.festivalhopper.de\/news\/wp-content\/uploads\/2009\/08\/DIE-SCHROEDERS-klein-207x300.jpg\" alt=\"DIE-SCHROEDERS-klein\" width=\"207\" height=\"300\" srcset=\"https:\/\/www.festivalhopper.de\/news\/wp-content\/uploads\/2009\/08\/DIE-SCHROEDERS-klein-207x300.jpg 207w, https:\/\/www.festivalhopper.de\/news\/wp-content\/uploads\/2009\/08\/DIE-SCHROEDERS-klein.jpg 485w\" sizes=\"auto, (max-width: 207px) 100vw, 207px\" \/><\/a>Samstag, 8. August 2009<\/strong><\/p>\n<p><em>HAUPTB\u00dcHNE<\/em><br \/>\n18:00 <a href=\"https:\/\/www.festivalhopper.de\/bands\/karten\/kontrust.php\">KONTRUST<\/a><br \/>\n20:00 <a href=\"https:\/\/www.festivalhopper.de\/bands\/karten\/dopewalka.php\">DOPEWALKA <\/a>(DE)<br \/>\n22:15<a href=\"https:\/\/www.festivalhopper.de\/bands\/karten\/rainer-von-vielen.php\"> RAINER VON VIELEN<\/a> (DE)<br \/>\n00:30<a href=\"https:\/\/www.festivalhopper.de\/bands\/karten\/aloan.php\"> ALOAN<\/a> (CH)<br \/>\n<em>ZELTB\u00dcHNE<\/em><br \/>\n13:00 <a href=\"https:\/\/www.festivalhopper.de\/bands\/karten\/phonons.php\">PHONONS<\/a> (DE)<br \/>\n13:30 <a href=\"https:\/\/www.festivalhopper.de\/bands\/karten\/jana-kouril.php\">JANA KOURIL<\/a> (CH)<br \/>\nn.n.b. <a href=\"https:\/\/www.festivalhopper.de\/bands\/karten\/sickapplez.php\">SICKAPPLEZ<\/a> (CH)<br \/>\n19:15<a href=\"https:\/\/www.festivalhopper.de\/bands\/karten\/tom-myhre.php\"> TOM MYHRE<\/a> (USA\/CH)<br \/>\n21:15<a href=\"https:\/\/www.festivalhopper.de\/bands\/karten\/the-flatliners.php\"> THE FLATLINERS <\/a>(CAN)<br \/>\n23:30 <a href=\"https:\/\/www.festivalhopper.de\/bands\/karten\/meauns-klikke.php\">MEAUNS KLIKKE <\/a>(CH)<br \/>\n<em>MOE&#8217;S TAVERNE<\/em><br \/>\n10.00 <a href=\"https:\/\/www.festivalhopper.de\/bands\/karten\/das-pferd.php\">DAS PFERD<\/a><br \/>\n18:15 <a href=\"https:\/\/www.festivalhopper.de\/bands\/karten\/erupdead.php\">ERUPDEAD<\/a><br \/>\n20:15 <a href=\"https:\/\/www.festivalhopper.de\/bands\/karten\/conquest-of-steel.php\">CONQUEST OF STEEL<\/a><br \/>\n22:30 <a href=\"https:\/\/www.festivalhopper.de\/bands\/karten\/sin-logica.php\">SIN LOGICA<\/a><br \/>\n00:45 <a href=\"https:\/\/www.festivalhopper.de\/bands\/karten\/attack-of-the-mad-axeman.php\">ATTACK OF THE MAD AXEMAN<\/a><br \/>\n<em>RAHMENPROGRAMM<\/em><br \/>\n14:00 JAMSESSION<br \/>\n14:30 WATERSLIDE-CONTEST<br \/>\n16:30 GUMMITWIST-CONTEST<br \/>\n18.00 PR\u00c4MIERUNG LEGO-CONTEST<\/p>\n<p><strong>Sonntag, 9. August 2009<\/strong><\/p>\n<p><em>MOE&#8217;S TAVERNE<\/em><br \/>\n11.00: <a href=\"https:\/\/www.festivalhopper.de\/bands\/karten\/smith-smart.php\">SMITH &amp; SMART<\/a><br \/>\nAnschlie\u00dfend Kr\u00f6nung der waschechten Freaks<\/p>\n<p><strong>Tickets<\/strong><br \/>\nDer Vorverkauf ist rum, wer h\u00e4tte das gedacht *g*. Deshalb werdet Ihr Eure Karten an der Abendkasse kaufen m\u00fcssen. Die Preise daf\u00fcr staffeln sich wie folgt*:<br \/>\nDonnerstag: SFr. 12.-<br \/>\nFreitag: SFr. 25.-<br \/>\nSamstag: SFr. 25.-<br \/>\nSonntag: gratis<br \/>\nDo + Fr + Sa + So: SFr. 55.-<br \/>\nFr + Sa: SFr. 45.-<br \/>\n*(Angaben laut Veranstalter)<\/p>\n<p>Und hier die wichtigsten Infos noch mal in K\u00fcrze:<br \/>\n<strong>Was?<\/strong> <a href=\"https:\/\/www.festivalhopper.de\/festival\/open-air-freaktal-2009\">Open Air Freaktal 2009<\/a><br \/>\n<strong>Wann?<\/strong> 06.08. bis 09.08.2009<br \/>\n<strong>Wo?<\/strong> Frick\/Oberfrick, Schweiz<\/p>\n<p>Weitere Informationen findet Ihr wie immer auf <a href=\"https:\/\/www.festivalhopper.de\/festival\/open-air-freaktal-2009\">Festivalhopper.de<\/a> und auf <a href=\"http:\/\/www.openair-freaktal.ch\" target=\"_blank\">www.openair-freaktal.ch<\/a>.<\/p>","protected":false},"excerpt":{"rendered":"<p>Freaks sterben nie aus, freakige Festivals leider ab und zu schon. Und so verabschiedet sich das Open Air Freaktal mit seiner 10. und letzten Auflage aus der Schweizer Festivallandschaft. Aber wenn Freaks gehen dann mit einem Paukenschlag, wie am Line-Up des Open Air Freaktal 2009 unschwer zu erkennen ist.<\/p>\n","protected":false},"author":138,"featured_media":0,"comment_status":"open","ping_status":"open","sticky":false,"template":"","format":"standard","meta":{"footnotes":""},"categories":[2,37,131,40,33,137,21],"tags":[],"class_list":["post-13145","post","type-post","status-publish","format-standard","hentry","category-festivalnews","category-festivals-2008","category-festivals-2009","category-festivals-in-europa","category-filme","category-kleines-festival","category-schweiz"],"_links":{"self":[{"href":"https:\/\/www.festivalhopper.de\/news\/wp-json\/wp\/v2\/posts\/13145","targetHints":{"allow":["GET"]}}],"collection":[{"href":"https:\/\/www.festivalhopper.de\/news\/wp-json\/wp\/v2\/posts"}],"about":[{"href":"https:\/\/www.festivalhopper.de\/news\/wp-json\/wp\/v2\/types\/post"}],"author":[{"embeddable":true,"href":"https:\/\/www.festivalhopper.de\/news\/wp-json\/wp\/v2\/users\/138"}],"replies":[{"embeddable":true,"href":"https:\/\/www.festivalhopper.de\/news\/wp-json\/wp\/v2\/comments?post=13145"}],"version-history":[{"count":0,"href":"https:\/\/www.festivalhopper.de\/news\/wp-json\/wp\/v2\/posts\/13145\/revisions"}],"wp:attachment":[{"href":"https:\/\/www.festivalhopper.de\/news\/wp-json\/wp\/v2\/media?parent=13145"}],"wp:term":[{"taxonomy":"category","embeddable":true,"href":"https:\/\/www.festivalhopper.de\/news\/wp-json\/wp\/v2\/categories?post=13145"},{"taxonomy":"post_tag","embeddable":true,"href":"https:\/\/www.festivalhopper.de\/news\/wp-json\/wp\/v2\/tags?post=13145"}],"curies":[{"name":"wp","href":"https:\/\/api.w.org\/{rel}","templated":true}]}}