{"id":130933,"date":"2023-04-24T18:23:21","date_gmt":"2023-04-24T16:23:21","guid":{"rendered":"https:\/\/www.festivalhopper.de\/news\/?p=130933"},"modified":"2023-07-03T13:32:36","modified_gmt":"2023-07-03T11:32:36","slug":"rudolstad-festival-programm-2023","status":"publish","type":"post","link":"https:\/\/www.festivalhopper.de\/news\/2023\/04\/24\/rudolstad-festival-programm-2023\/","title":{"rendered":"Rudolstadt Festival Programm 2023"},"content":{"rendered":"<p><a href=\"https:\/\/www.festivalhopper.de\/news\/wp-content\/uploads\/2022\/07\/FRK_3555-Rudolstadt-Festival.jpg\"><img loading=\"lazy\" decoding=\"async\" class=\"alignleft size-medium wp-image-129541\" src=\"https:\/\/www.festivalhopper.de\/news\/wp-content\/uploads\/2022\/07\/FRK_3555-Rudolstadt-Festival-300x200.jpg\" alt=\"\" width=\"300\" height=\"200\" srcset=\"https:\/\/www.festivalhopper.de\/news\/wp-content\/uploads\/2022\/07\/FRK_3555-Rudolstadt-Festival-300x200.jpg 300w, https:\/\/www.festivalhopper.de\/news\/wp-content\/uploads\/2022\/07\/FRK_3555-Rudolstadt-Festival-768x512.jpg 768w, https:\/\/www.festivalhopper.de\/news\/wp-content\/uploads\/2022\/07\/FRK_3555-Rudolstadt-Festival.jpg 1024w\" sizes=\"auto, (max-width: 300px) 100vw, 300px\" \/><\/a><strong>&#8222;Kl\u00e4nge einer Insel, die Musik lebt, f\u00fcr eine Stadt, die Musik lebt.&#8220;<\/strong> &#8211; so \u00fcberschreibt das <a href=\"https:\/\/www.festivalhopper.de\/festival\/rudolstadt-festival-2023\">Rudolstadt Festival<\/a> in Persona des Programmchefs <strong>Bernhard Hanneken<\/strong> sein diesj\u00e4hriges Programm, das den L\u00e4nderschwerpunkt <strong>Kuba<\/strong> feieren wird.<\/p>\n<p>Vom <strong>06.-09.07.2023<\/strong> l\u00e4dt Deutschlands gr\u00f6\u00dftes Festival f\u00fcr <strong>Roots, Folk, Weltmusik<\/strong> erneut nach Rudolstadt ein und pr\u00e4sentiert ein Programm mit<strong> 120 Acts<\/strong> aus \u00fcber <strong>30 L\u00e4ndern, Workshops, Vortr\u00e4gen, Tanz-<\/strong> und <strong>Stra\u00dfenaktionen<\/strong>.<\/p>\n<p><!--more--><\/p>\n<p><a href=\"https:\/\/www.festivalhopper.de\/news\/wp-content\/uploads\/2010\/08\/buena-vista-1.jpg\"><img loading=\"lazy\" decoding=\"async\" class=\"alignright size-medium wp-image-32473\" src=\"https:\/\/www.festivalhopper.de\/news\/wp-content\/uploads\/2010\/08\/buena-vista-1-300x200.jpg\" alt=\"\" width=\"300\" height=\"200\" srcset=\"https:\/\/www.festivalhopper.de\/news\/wp-content\/uploads\/2010\/08\/buena-vista-1-300x200.jpg 300w, https:\/\/www.festivalhopper.de\/news\/wp-content\/uploads\/2010\/08\/buena-vista-1.jpg 1024w\" sizes=\"auto, (max-width: 300px) 100vw, 300px\" \/><\/a>Zum Festivalauftakt spielt diesmal eine Legende aus Kuba: <strong>Eliades Ochoa<\/strong>. Er geh\u00f6rt zur Riege jener Musiker, die vor 27 Jahren den <strong>Buena Vista Social Club<\/strong> bildeten. Mit seinem Sextett Grupo Patria bringt er kubanische Lebensfreude und karibische Leichtigkeit auf die Gro\u00dfe B\u00fchne im Heinepark.<\/p>\n<p>Die Musikszene Kubas hat viel zu bieten, sie ist kunstvoll und facettenreich: <strong>Cimafunk<\/strong> ist einer der herausragenden Vertreter der alternativen Musikszene des Landes und war bereits f\u00fcr einen Grammy nominiert. 1989 als <strong>Erik Alejandro Iglesias Rodr\u00edguez<\/strong> geboren, w\u00e4hlte er sich seinen B\u00fchnennamen in Erinnerung an die Cimarr\u00f3n, die schwarzen Sklaven auf Kuba, die der Sklaverei entkommen waren und Selbstversorger-Kommunen gegr\u00fcndet hatten, sowie an Funk, den er mit kubanischer Musik und afrikanischen Rhythmen vermengt. Als stilistischer Gegenpol dazu spielt die kubanische Cellistin und S\u00e4ngerin <strong>Ana Carla Maza<\/strong> im Rahmen des insgesamt aus zehn Acts bestehenden L\u00e4nderschwerpunkts Kuba.<\/p>\n<p><a href=\"https:\/\/www.festivalhopper.de\/news\/wp-content\/uploads\/2019\/09\/xavier-Rudd_2.jpg\"><img loading=\"lazy\" decoding=\"async\" class=\"size-medium wp-image-126687 alignleft\" src=\"https:\/\/www.festivalhopper.de\/news\/wp-content\/uploads\/2019\/09\/xavier-Rudd_2-300x200.jpg\" alt=\"\" width=\"300\" height=\"200\" srcset=\"https:\/\/www.festivalhopper.de\/news\/wp-content\/uploads\/2019\/09\/xavier-Rudd_2-300x200.jpg 300w, https:\/\/www.festivalhopper.de\/news\/wp-content\/uploads\/2019\/09\/xavier-Rudd_2-768x512.jpg 768w, https:\/\/www.festivalhopper.de\/news\/wp-content\/uploads\/2019\/09\/xavier-Rudd_2.jpg 1024w\" sizes=\"auto, (max-width: 300px) 100vw, 300px\" \/><\/a>Au\u00dferdem erwarten Euch Solok\u00fcnstler wie <strong>Max Prosa<\/strong> oder den australischen Klimasch\u00fctzer, S\u00e4nger und Vegetarier <strong>Xavier Rudd<\/strong> eingeladen haben. Bands wie <strong>Jazzrausch, Steve \u2019n\u2019 Seagulls, PoiL Ueda, The Slow Show<\/strong> und <strong>Los Van Van<\/strong> sorgen f\u00fcr den Tanzrausch in diesem Jahr.<\/p>\n<p>Der deutsche<strong> Folk- und Weltmusikpreis RUTH<\/strong> wird dieses Jahr f\u00fcr ein <strong>Lebenswerk<\/strong> verliehen und geht an die Gruppe <strong>Folkl\u00e4nder<\/strong> aus Leipzig. Die Gruppe entstammt der DDR- Folkszene, Gr\u00fcndungsmitglied <strong>Peter Uhlmann<\/strong> bemerkte einmal <a href=\"https:\/\/www.festivalhopper.de\/news\/wp-content\/uploads\/2022\/07\/FRK_3707-Rudolstadt-Festival-Folklaender.jpg\"><img loading=\"lazy\" decoding=\"async\" class=\"alignright wp-image-129531 size-medium\" src=\"https:\/\/www.festivalhopper.de\/news\/wp-content\/uploads\/2022\/07\/FRK_3707-Rudolstadt-Festival-Folklaender-300x200.jpg\" alt=\"\" width=\"300\" height=\"200\" srcset=\"https:\/\/www.festivalhopper.de\/news\/wp-content\/uploads\/2022\/07\/FRK_3707-Rudolstadt-Festival-Folklaender-300x200.jpg 300w, https:\/\/www.festivalhopper.de\/news\/wp-content\/uploads\/2022\/07\/FRK_3707-Rudolstadt-Festival-Folklaender-768x512.jpg 768w, https:\/\/www.festivalhopper.de\/news\/wp-content\/uploads\/2022\/07\/FRK_3707-Rudolstadt-Festival-Folklaender.jpg 1024w\" sizes=\"auto, (max-width: 300px) 100vw, 300px\" \/><\/a>r\u00fcckblickend, sie habe es vermocht, &#8222;mit Engagement, Kreativit\u00e4t und Durchsetzungsverm\u00f6gen trotz aller Wirrungen und Hemmnisse schrittbestimmend zu wirken&#8220;. Der mehrfach ausgezeichnete Musiker und <strong>Autor Wenzel<\/strong> attestierte, die Musiker h\u00e4tten versucht,<strong> &#8222;einen Gegenentwurf zu der bestehenden Welt zu wagen, mit den magischen Kr\u00e4ften der Musik und den kl\u00e4renden Einsichten der Worte&#8220;<\/strong>.<\/p>\n<p>Au\u00dferdem: Das armenische <strong>Naghash Ensemble<\/strong> spielt mit den<strong> Th\u00fcringer Symphonikern<\/strong> in deutscher Erstauff\u00fchrung <strong>&#8222;Songs of Exile&#8220;<\/strong>. <span dir=\"ltr\" role=\"presentation\">Das Naghash Ensemble ist eine <\/span><span dir=\"ltr\" role=\"presentation\">siebenk\u00f6pfige Gruppe um den Komponisten und Pianisten <strong>John Hodian<\/strong>, die mittelalterliche armenische <\/span><span dir=\"ltr\" role=\"presentation\">Gedichte, Klagen und Beschw\u00f6rungen zu neuem Leben erweckt. Die erdigen Kl\u00e4nge traditioneller armenischer <\/span><span dir=\"ltr\" role=\"presentation\">Instrumente verbindet er mit formalen Elementen von Neuer Klassik und der Energie des Jazz.<\/span><\/p>\n<p><a href=\"https:\/\/www.festivalhopper.de\/news\/wp-content\/uploads\/2023\/04\/FRK_3645-Rudolstadt-Festival.jpg\"><img loading=\"lazy\" decoding=\"async\" class=\"size-medium wp-image-131731 alignleft\" src=\"https:\/\/www.festivalhopper.de\/news\/wp-content\/uploads\/2023\/04\/FRK_3645-Rudolstadt-Festival-300x200.jpg\" alt=\"\" width=\"300\" height=\"200\" srcset=\"https:\/\/www.festivalhopper.de\/news\/wp-content\/uploads\/2023\/04\/FRK_3645-Rudolstadt-Festival-300x200.jpg 300w, https:\/\/www.festivalhopper.de\/news\/wp-content\/uploads\/2023\/04\/FRK_3645-Rudolstadt-Festival-768x512.jpg 768w, https:\/\/www.festivalhopper.de\/news\/wp-content\/uploads\/2023\/04\/FRK_3645-Rudolstadt-Festival.jpg 1024w\" sizes=\"auto, (max-width: 300px) 100vw, 300px\" \/><\/a>Das diesj\u00e4hrige <strong>Songposium<\/strong> reflektiert aktuelle Fragen zu Krieg und Frieden mit <strong>&#8222;Sag mir, wo die Blumen sind? \u2013 Oder: Wann wird man je verstehn?&#8220;<\/strong>. Als G\u00e4ste mit dabei sind der Dresdner S\u00e4nger, Autor und &#8222;Songposiarch&#8220; <strong>Dieter Beckert<\/strong>, der Folkexperte <strong>Michael Kleff<\/strong> und die Band <strong>Buckijit<\/strong>.<\/p>\n<p>Das komplette LineUp, alle K\u00fcnstler, Zeiten, Rahmenprogramm und weiterf\u00fchrende Informationen gibt es bei <a href=\"http:\/\/www.rudolstadt-festival.de\" target=\"_blank\" rel=\"noopener noreferrer\">www.rudolstadt-festival.de<\/a>.<\/p>","protected":false},"excerpt":{"rendered":"<p>&#8222;Kl\u00e4nge einer Insel, die Musik lebt, f\u00fcr eine Stadt, die Musik lebt.&#8220; &#8211; so \u00fcberschreibt das Rudolstadt Festival in Persona des Programmchefs Bernhard Hanneken sein diesj\u00e4hriges Programm, das den L\u00e4nderschwerpunkt Kuba feieren wird. Vom 06.-09.07.2023 l\u00e4dt Deutschlands gr\u00f6\u00dftes Festival f\u00fcr Roots, Folk, Weltmusik erneut nach Rudolstadt ein und pr\u00e4sentiert ein Programm mit 120 Acts aus [&hellip;]<\/p>\n","protected":false},"author":45,"featured_media":0,"comment_status":"open","ping_status":"open","sticky":false,"template":"","format":"standard","meta":{"footnotes":""},"categories":[2,1309,284,616,978,49,20,19],"tags":[],"class_list":["post-130933","post","type-post","status-publish","format-standard","hentry","category-festivalnews","category-festivals-2023","category-folk-festivals","category-jazz-festival","category-kunstfestival","category-marktfestivals","category-tickets-kaufen","category-welt-musik"],"_links":{"self":[{"href":"https:\/\/www.festivalhopper.de\/news\/wp-json\/wp\/v2\/posts\/130933","targetHints":{"allow":["GET"]}}],"collection":[{"href":"https:\/\/www.festivalhopper.de\/news\/wp-json\/wp\/v2\/posts"}],"about":[{"href":"https:\/\/www.festivalhopper.de\/news\/wp-json\/wp\/v2\/types\/post"}],"author":[{"embeddable":true,"href":"https:\/\/www.festivalhopper.de\/news\/wp-json\/wp\/v2\/users\/45"}],"replies":[{"embeddable":true,"href":"https:\/\/www.festivalhopper.de\/news\/wp-json\/wp\/v2\/comments?post=130933"}],"version-history":[{"count":5,"href":"https:\/\/www.festivalhopper.de\/news\/wp-json\/wp\/v2\/posts\/130933\/revisions"}],"predecessor-version":[{"id":131740,"href":"https:\/\/www.festivalhopper.de\/news\/wp-json\/wp\/v2\/posts\/130933\/revisions\/131740"}],"wp:attachment":[{"href":"https:\/\/www.festivalhopper.de\/news\/wp-json\/wp\/v2\/media?parent=130933"}],"wp:term":[{"taxonomy":"category","embeddable":true,"href":"https:\/\/www.festivalhopper.de\/news\/wp-json\/wp\/v2\/categories?post=130933"},{"taxonomy":"post_tag","embeddable":true,"href":"https:\/\/www.festivalhopper.de\/news\/wp-json\/wp\/v2\/tags?post=130933"}],"curies":[{"name":"wp","href":"https:\/\/api.w.org\/{rel}","templated":true}]}}