{"id":128828,"date":"2022-06-14T15:19:04","date_gmt":"2022-06-14T13:19:04","guid":{"rendered":"https:\/\/www.festivalhopper.de\/news\/?p=128828"},"modified":"2022-06-15T03:44:10","modified_gmt":"2022-06-15T01:44:10","slug":"absage-wacken2022-till-lindemann","status":"publish","type":"post","link":"https:\/\/www.festivalhopper.de\/news\/2022\/06\/14\/absage-wacken2022-till-lindemann\/","title":{"rendered":"Absage f\u00fcr Wacken 2022: Till Lindemann, Death SS und Angel Witch"},"content":{"rendered":"<p><a href=\"https:\/\/www.festivalhopper.de\/news\/wp-content\/uploads\/2013\/06\/IMG_3747.jpg\"><img loading=\"lazy\" decoding=\"async\" class=\"alignleft size-medium wp-image-81579\" src=\"https:\/\/www.festivalhopper.de\/news\/wp-content\/uploads\/2013\/06\/IMG_3747-300x225.jpg\" alt=\"\" width=\"300\" height=\"225\" srcset=\"https:\/\/www.festivalhopper.de\/news\/wp-content\/uploads\/2013\/06\/IMG_3747-300x225.jpg 300w, https:\/\/www.festivalhopper.de\/news\/wp-content\/uploads\/2013\/06\/IMG_3747.jpg 1024w\" sizes=\"auto, (max-width: 300px) 100vw, 300px\" \/><\/a>W\u00fcrde es jede Bandabsage in unsere News schaffen, k\u00f6nntet ihr hier kaum etwas anderes lesen &#8211; diese hier hat es aber in sich, denn es handelt sich um niemand geringeres als einen Headliner des <a href=\"https:\/\/www.festivalhopper.de\/festival\/wacken-open-air-2022\">WACKEN OPEN AIRs 2022<\/a>: Rammsteins&#8216; <strong>Till Lindemann<\/strong> sagt die Teilnahme seines gleichnamigen Soloprojekts beim weltber\u00fchmten <strong>Wacken Festival<\/strong> f\u00fcr dieses Jahr ab.<\/p>\n<p>Nach zweij\u00e4hriger Pause steigt das <strong>Wacken Open Air<\/strong> wieder, vom <strong>04.-06.08.2022<\/strong>.<\/p>\n<p><!--more--><\/p>\n<p><a href=\"https:\/\/www.festivalhopper.de\/news\/wp-content\/uploads\/2019\/08\/wacken-fans-2019-a.havergo-103.jpg\"><img loading=\"lazy\" decoding=\"async\" class=\"size-medium wp-image-125567 alignright\" src=\"https:\/\/www.festivalhopper.de\/news\/wp-content\/uploads\/2019\/08\/wacken-fans-2019-a.havergo-103-300x200.jpg\" alt=\"\" width=\"300\" height=\"200\" srcset=\"https:\/\/www.festivalhopper.de\/news\/wp-content\/uploads\/2019\/08\/wacken-fans-2019-a.havergo-103-300x200.jpg 300w, https:\/\/www.festivalhopper.de\/news\/wp-content\/uploads\/2019\/08\/wacken-fans-2019-a.havergo-103-768x512.jpg 768w, https:\/\/www.festivalhopper.de\/news\/wp-content\/uploads\/2019\/08\/wacken-fans-2019-a.havergo-103.jpg 1024w\" sizes=\"auto, (max-width: 300px) 100vw, 300px\" \/><\/a>Die Kombination der Auswirkungen der Corona-Pandemie und des russischen Angriffskriegs gegen die Ukraine hat nun auch das Wacken Open Air erreicht, berichten die Veranstalter in ihrer aktuellen Meldung. Bereits in den letzten Wochen habe es viele Bands, Konzerte und Festivals getroffen (wir berichteten bspw. vom <a href=\"https:\/\/www.festivalhopper.de\/news\/2022\/06\/10\/puls-open-air-abgebrochen\/\">Abbruch des Puls Open Airs<\/a>), weil beispielsweise Logistik unm\u00f6glich geworden ist, Personal fehlte oder die Verkaufszahlen die Kosten nicht decken k\u00f6nnen angesichts der fortschreitenden Inflation. Man konnte beim Wacken Open Air dies bislang von den Besuchern fernhalten, hei\u00dft es weiter. Welche Bands vor ihrer Ank\u00fcndigung aufgrund von Problemen absagen m\u00fcssen, bekommt ihr ja schlie\u00dflich nicht mit und Budget\u00fcberschreitungen ebenfalls nicht.<\/p>\n<p>Es hatte bereits Anfang des Jahres Verschiebungen bei der <strong>Lindemann &#8211; &#8222;Ich hasse Kinder Tour 2022&#8220;<\/strong> gegeben, die Konzerte in sechs osteurop\u00e4ischen St\u00e4dten, die zwischen dem 18.01. und 28.01. stattfinden sollten, wurden zun\u00e4chst in den November verschoben: <strong>Kiew (16.11.), Riga (18.11.), Prag (22.11.), Bratislava (24.11.), Nowosibirsk (05.12.) <\/strong>und <strong>Moskau (11.12.). <\/strong>Nach Beginn des Krieges gab Lindemann dann bekannt, dass die beiden russischen Termine ersatzlos gestrichen werden.<\/p>\n<p><a href=\"https:\/\/www.festivalhopper.de\/news\/wp-content\/uploads\/2013\/08\/Rammstein-Wacken-2013-31.jpg\"><img loading=\"lazy\" decoding=\"async\" class=\"size-medium wp-image-85237 alignleft\" src=\"https:\/\/www.festivalhopper.de\/news\/wp-content\/uploads\/2013\/08\/Rammstein-Wacken-2013-31-300x168.jpg\" alt=\"\" width=\"300\" height=\"168\" srcset=\"https:\/\/www.festivalhopper.de\/news\/wp-content\/uploads\/2013\/08\/Rammstein-Wacken-2013-31-300x168.jpg 300w, https:\/\/www.festivalhopper.de\/news\/wp-content\/uploads\/2013\/08\/Rammstein-Wacken-2013-31.jpg 900w\" sizes=\"auto, (max-width: 300px) 100vw, 300px\" \/><\/a>Nun traf es leider auch bereits angek\u00fcndigte Bands:<strong> Till Lindemann, Death SS<\/strong> und <strong>Angel Witch<\/strong> k\u00f6nnen leider nicht wie geplant bei uns auftreten.<\/p>\n<blockquote><p><em><strong>&#8222;Wie bei den Absagen von anderen Auftritten bei anderen Festivals bekannt, sind die Gr\u00fcnde vielf\u00e4ltig \u2013 meist fehlt es aber schlicht und ergreifend an erfahrenem Fachpersonal. Viele Expert*innen sind in andere Branchen abgewandert, Firmen und Selbstst\u00e4ndige haben Insolvenz angemeldet. Wer noch da ist, ist auf lange Zeit ausgebucht. Egal ob Busfahrer, Backliner oder Stagehand, die Branche hat sich geh\u00e4utet. Der ungeplante Ausfall einzelner Personen, etwa wegen Verletzungen oder Erkrankungen, kann so ganze Touren zunichte machen, egal wie gut geplant diese waren. In normalen Jahren ist Ersatz in solchen F\u00e4llen kein Problem, in diesem Jahr ist die Reserve hingegen bereits fest verplant gewesen zwangsl\u00e4ufig.&#8220;<\/strong><\/em>, so die Veranstalter.<\/p><\/blockquote>\n<p>Aller Probleme zum Trotz arbeitet man weiter hart daran Euch ein fantastisches W:O:A 2022 zu pr\u00e4sentieren. Die n\u00e4chste Ank\u00fcndigung neuer Bands werde gerade finalisiert.<\/p>\n<blockquote><p><em><strong>&#8222;\u00dcbrigens \u2013 auch wir suchen gute Leute!&#8220;<\/strong><\/em>, so die W:O:A Crew.<\/p><\/blockquote>\n<p>Hier geht es zu unserer Wacken Vorschau von letzter Woche &#8222;<a href=\"https:\/\/www.festivalhopper.de\/news\/2022\/06\/08\/wacken-open-air-2022-buehnenprogramm\/\" data-click=\"News|TopNews|2022\/06\/08\/wacken-open-air-2022-buehnenprogramm\/\">Wacken Open Air 2022 \u2013 Entscheidend ist auf der B\u00fchne<\/a>&#8222;: Weiteres zum <a href=\"https:\/\/www.festivalhopper.de\/festival\/wacken-open-air-2022\">W:O:A hier<\/a> und auf <a href=\"https:\/\/www.wacken.com\/de\/\" target=\"_blank\" rel=\"noopener noreferrer\">www.wacken.com<\/a>.<\/p>","protected":false},"excerpt":{"rendered":"<p>W\u00fcrde es jede Bandabsage in unsere News schaffen, k\u00f6nntet ihr hier kaum etwas anderes lesen &#8211; diese hier hat es aber in sich, denn es handelt sich um niemand geringeres als einen Headliner des WACKEN OPEN AIRs 2022: Rammsteins&#8216; Till Lindemann sagt die Teilnahme seines gleichnamigen Soloprojekts beim weltber\u00fchmten Wacken Festival f\u00fcr dieses Jahr ab. [&hellip;]<\/p>\n","protected":false},"author":45,"featured_media":0,"comment_status":"open","ping_status":"open","sticky":false,"template":"","format":"standard","meta":{"footnotes":""},"categories":[32,1307,2,882,1308,40,338,3],"tags":[],"class_list":["post-128828","post","type-post","status-publish","format-standard","hentry","category-bands-abgesagt","category-corona-virus-covid-19-sars-cov-2","category-festivalnews","category-festivalorganisation","category-festivals-2022","category-festivals-in-europa","category-festivals-weltweit","category-metal-festivals"],"_links":{"self":[{"href":"https:\/\/www.festivalhopper.de\/news\/wp-json\/wp\/v2\/posts\/128828","targetHints":{"allow":["GET"]}}],"collection":[{"href":"https:\/\/www.festivalhopper.de\/news\/wp-json\/wp\/v2\/posts"}],"about":[{"href":"https:\/\/www.festivalhopper.de\/news\/wp-json\/wp\/v2\/types\/post"}],"author":[{"embeddable":true,"href":"https:\/\/www.festivalhopper.de\/news\/wp-json\/wp\/v2\/users\/45"}],"replies":[{"embeddable":true,"href":"https:\/\/www.festivalhopper.de\/news\/wp-json\/wp\/v2\/comments?post=128828"}],"version-history":[{"count":4,"href":"https:\/\/www.festivalhopper.de\/news\/wp-json\/wp\/v2\/posts\/128828\/revisions"}],"predecessor-version":[{"id":142174,"href":"https:\/\/www.festivalhopper.de\/news\/wp-json\/wp\/v2\/posts\/128828\/revisions\/142174"}],"wp:attachment":[{"href":"https:\/\/www.festivalhopper.de\/news\/wp-json\/wp\/v2\/media?parent=128828"}],"wp:term":[{"taxonomy":"category","embeddable":true,"href":"https:\/\/www.festivalhopper.de\/news\/wp-json\/wp\/v2\/categories?post=128828"},{"taxonomy":"post_tag","embeddable":true,"href":"https:\/\/www.festivalhopper.de\/news\/wp-json\/wp\/v2\/tags?post=128828"}],"curies":[{"name":"wp","href":"https:\/\/api.w.org\/{rel}","templated":true}]}}