{"id":128817,"date":"2022-06-10T09:23:48","date_gmt":"2022-06-10T07:23:48","guid":{"rendered":"https:\/\/www.festivalhopper.de\/news\/?p=128817"},"modified":"2022-06-13T16:01:45","modified_gmt":"2022-06-13T14:01:45","slug":"puls-open-air-abgebrochen","status":"publish","type":"post","link":"https:\/\/www.festivalhopper.de\/news\/2022\/06\/10\/puls-open-air-abgebrochen\/","title":{"rendered":"Puls Open Air abgebrochen"},"content":{"rendered":"<p><em><a href=\"https:\/\/www.festivalhopper.de\/news\/wp-content\/uploads\/2016\/06\/pulsopenair2016maeckes.jpg\"><img loading=\"lazy\" decoding=\"async\" class=\"alignleft size-medium wp-image-111082\" src=\"https:\/\/www.festivalhopper.de\/news\/wp-content\/uploads\/2016\/06\/pulsopenair2016maeckes-300x169.jpg\" alt=\"\" width=\"300\" height=\"169\" srcset=\"https:\/\/www.festivalhopper.de\/news\/wp-content\/uploads\/2016\/06\/pulsopenair2016maeckes-300x169.jpg 300w, https:\/\/www.festivalhopper.de\/news\/wp-content\/uploads\/2016\/06\/pulsopenair2016maeckes-768x432.jpg 768w, https:\/\/www.festivalhopper.de\/news\/wp-content\/uploads\/2016\/06\/pulsopenair2016maeckes.jpg 1024w\" sizes=\"auto, (max-width: 300px) 100vw, 300px\" \/><\/a><\/em>Das gestern auf Schloss Kaltenberg gestartete <a href=\"https:\/\/www.festivalhopper.de\/festival\/puls-open-air-2022\">PULS Open Air<\/a> musste heute leider abgebrochen werden. Der Grund kann seltener kaum ausfallen: zu wenig Ordnungsleute.<\/p>\n<p>Das Festival kann nicht fortgef\u00fchrt werden und das weitere Programm wird nicht wie geplant stattfinden.<\/p>\n<p><em>Foto: (c) Festivalhopper, Archivbild Puls Open Air 2016.<\/em><\/p>\n<p><!--more--><\/p>\n<p><a href=\"https:\/\/www.festivalhopper.de\/news\/wp-content\/uploads\/2016\/06\/03pulsopenair2016.jpg\"><img loading=\"lazy\" decoding=\"async\" class=\"size-medium wp-image-110920 alignright\" src=\"https:\/\/www.festivalhopper.de\/news\/wp-content\/uploads\/2016\/06\/03pulsopenair2016-300x188.jpg\" alt=\"\" width=\"300\" height=\"188\" srcset=\"https:\/\/www.festivalhopper.de\/news\/wp-content\/uploads\/2016\/06\/03pulsopenair2016-300x188.jpg 300w, https:\/\/www.festivalhopper.de\/news\/wp-content\/uploads\/2016\/06\/03pulsopenair2016-768x480.jpg 768w, https:\/\/www.festivalhopper.de\/news\/wp-content\/uploads\/2016\/06\/03pulsopenair2016.jpg 1024w\" sizes=\"auto, (max-width: 300px) 100vw, 300px\" \/><\/a>Nachdem das Festival in der ersten Nacht schon um 1 Uhr aufgrund der schlechten Wetterlage unterbrochen werden musste, da sich zuviele Menschen in den \u00fcberdachten Bereichen gedr\u00e4ngt hatten, wurde nun mit Beginn des n\u00e4chsten Tages das Festival komplett abgebrochen. Der Veranstalter fordet alle Festivalbesucher auf, in aller Rufe den Heimweg anzutreten bzw. nicht weiter anzureisen.<\/p>\n<blockquote>\n<p style=\"text-align: left;\"><em><strong>&#8222;Es tut uns im Herzen weh! Wir wissen, ihr habt viele Fragen! Wir arbeiten daran, euch schnellstm\u00f6glich Antworten liefern zu k\u00f6nnen.&#8220;<\/strong><\/em>, so die Veranstalter. <em>Update: Inzwischen gibt es FAQs zum Abbruch, siehe unten.<\/em><\/p>\n<\/blockquote>\n<p><a href=\"https:\/\/www.festivalhopper.de\/news\/wp-content\/uploads\/2016\/06\/02pulsopenair2016.jpg\"><img loading=\"lazy\" decoding=\"async\" class=\"size-medium wp-image-111076 alignleft\" src=\"https:\/\/www.festivalhopper.de\/news\/wp-content\/uploads\/2016\/06\/02pulsopenair2016-225x300.jpg\" alt=\"\" width=\"225\" height=\"300\" srcset=\"https:\/\/www.festivalhopper.de\/news\/wp-content\/uploads\/2016\/06\/02pulsopenair2016-225x300.jpg 225w, https:\/\/www.festivalhopper.de\/news\/wp-content\/uploads\/2016\/06\/02pulsopenair2016.jpg 768w\" sizes=\"auto, (max-width: 225px) 100vw, 225px\" \/><\/a>Die Sicherheit des Konzertbetriebs sei durch den kurzfristigen Ausfall einer erheblichen Anzahl an Ordnungskr\u00e4ften f\u00fcr die weiteren Festivaltage, nicht weiter zu gew\u00e4hrleisten.<\/p>\n<blockquote><p><em><strong>Auf dringende Empfehlung von Polizei und Feuerwehr und nach R\u00fccksprache mit Sicherheitsbeh\u00f6rden sowie den Verantwortlichen der Gemeinde Geltendorf, muss das Festival abgebrochen werden.<\/strong><\/em><\/p><\/blockquote>\n<p>Der vom Veranstalter <strong>Amont Gastro GmbH<\/strong> beauftragte Ordnungsdienst ist nicht in der Lage, die vereinbarte Anzahl an Ordnungskr\u00e4ften zu stellen, hei\u00dft es. W\u00fcrde das Konzertgel\u00e4nde unter diesen Umst\u00e4nden ge\u00f6ffnet, k\u00f6nnte die Sicherheit der Besucher im Notfall nicht gew\u00e4hrleistet werden. Es w\u00e4re fahrl\u00e4ssig den Konzertbetrieb fortzuf\u00fchren.<\/p>\n<p>Der Veranstalter weist weiter darauf hin, dass die einzelnen Ordnungskr\u00e4fte keinerlei Schuld tragen an dieser Situation und verbleiben mit der Bitte freundlich und respektvoll zum anwesenden Team zu sein.<\/p>\n<p>F\u00fcr den Campingplatz ist ausreichend Ordnungspersonal da, dass euch zu den Shuttles und Autos\/ Ausg\u00e4ngen leitet.<\/p>\n<p>Es tut uns im Herzen weh! Wir wissen, ihr habt viele Fragen! Wir arbeiten daran, euch schnellstm\u00f6glich Antworten liefern zu k\u00f6nnen.<\/p>\n<blockquote>\n<h2>Stellung\u00adnahme des Veran\u00adstalters<\/h2>\n<p>(Nachtrag vom 11.06.2022)<\/p>\n<p><strong>Liebe Festivalfans,<\/strong><\/p>\n<p><strong>schweren Herzens und erf\u00fcllt mit Trauer musste am Morgen des vergangenen Freitags leider das PULS Open Air 2022 abgesagt werden. Diese Entscheidung erfolgte auf dringende Empfehlung der Sicherheitsbeh\u00f6rden und der f\u00fcr die Sicherheit verantwortlichen Personen.<\/strong><\/p>\n<p><strong>Nachdem wir uns intensiv und mit gro\u00dfer Vorfreude zusammen mit all unseren Fans auf die Durchf\u00fchrung der Veranstaltung vorbereitet hatten, wurden wir von einer f\u00fcr uns g\u00e4nzlich undenkbaren Entwicklung \u00fcberrascht: Trotz eines intensiven Auswahlverfahrens und anschlie\u00dfender gemeinsamer Vorbereitungsarbeit teilte uns das beauftragte Sicherheitsunternehmen am sp\u00e4ten Donnerstagabend mit, dass das von uns gem\u00e4\u00df des bestehenden und mit allen Beteiligten abgestimmten Sicherheitskonzepts erforderliche Sicherheitspersonal nicht im geforderten Umfang gestellt werden kann. Wir haben dann sofort und unter Nutzung unseres weitreichenden Netzwerks Anfragen bei anderen Unternehmen gestartet. Aufgrund der Vielzahl der laufenden Veranstaltungen und dem nach der Pandemie leider noch immer herrschenden Personalmangels in der Branche der Veranstaltungsordnungsdienste erhielten wir aber leider nur eine Zusage mit einer insgesamt noch immer nicht ausreichenden Personalst\u00e4rke. Damit h\u00e4tten wir die Sicherheit auf der Veranstaltung f\u00fcr die folgenden beiden Festivaltage nicht mehr gew\u00e4hrleisten k\u00f6nnen.<\/strong><\/p>\n<p><strong>Im Wissen, dass damit unsere Fans eine wirklich gro\u00dfe Entt\u00e4uschung erfahren werden, musste das PULS Open Air 2022 am fr\u00fchen Morgen des 10. Juni 2022 abgesagt werden.<\/strong><\/p>\n<p><strong>Ein Traum ist geplatzt. Erwartungen werden entt\u00e4uscht. Wir wissen das und sind selbst mit Euch entt\u00e4uscht und sehr traurig dar\u00fcber.<\/strong><\/p>\n<p><strong>In der Folge musste dann auch der Camping- und Wohnmobilbereich geschlossen werden. Wir sind \u00fcberw\u00e4ltigt, mit welch gro\u00dfem Verst\u00e4ndnis, mit welcher Unterst\u00fctzung, Solidarit\u00e4t und Verantwortung die Leerung des Camping- und Wohnmobilplatzes erfolgte. Hierf\u00fcr m\u00f6chten wir uns bei allen, die hieran beteiligt waren, sehr herzlich bedanken. Wir haben aber auch gro\u00dfen Respekt vor all den Mitarbeitenden und Verantwortlichen, die sich f\u00fcr einen reibungslosen Ablauf eingesetzt haben. Auch hierf\u00fcr zeigen wir gro\u00dfe Dankbarkeit.<\/strong><\/p>\n<p><strong>Neben dem laufenden Abbau der Infrastruktur nutzen wir nun das Wochenende und wahrscheinlich leider auch noch den kommenden Wochenbeginn, um uns auf die nun anstehende Organisation und der damit entstehenden Aufgaben nach einer Festivalabsage vorzubereiten.<\/strong><\/p>\n<p><strong>Wir werden Euch in den n\u00e4chsten Tagen informieren, wo die Anfragen zur Chip-Guthabenerstattung und zum Tickethandling gestellt und in welchem Prozess diese bearbeitet werden. Hier m\u00fcssen wir Euch leider noch um etwas Geduld bitten.<\/strong><\/p>\n<p><strong>Vielen Dank f\u00fcr Euer Verst\u00e4ndnis.<\/strong><\/p>\n<p><strong>Eure AMONT Gastro<\/strong><\/p><\/blockquote>\n<p>&nbsp;<\/p>\n<blockquote>\n<h2>FAQ zum Abbruch des PULS OPEN AIR 2022<\/h2>\n<p>Warum musste das PULS Open Air vorzeitig abgebrochen werden?<\/p>\n<p>Durch den kurzfristigen Ausfall einer erheblichen Anzahl an Ordnungskr\u00e4ften f\u00fcr die weiteren Festivaltage war die Sicherheit des Konzertbetriebs nicht weiter zu gew\u00e4hrleisten.<\/p>\n<p>Auf dringende Empfehlung der Sicherheitsbeh\u00f6rden musste das Festival abgebrochen werden. Der vom Veranstalter Amont Gastro GmbH beauftragte Ordnungsdienst war nicht in der Lage, die vereinbarte Anzahl an Ordnungskr\u00e4ften zu stellen.<\/p>\n<p>Kurz gesagt: H\u00e4tte das Konzertgel\u00e4nde unter diesen Umst\u00e4nden ge\u00f6ffnet, h\u00e4tte eure Sicherheit nicht gew\u00e4hrleistet werden.<\/p>\n<hr \/>\n<p>Kann ich noch auf dem Campingplatz bleiben?<\/p>\n<p>Nein, leider ist das nicht m\u00f6glich. Eure Abreise muss koordiniert werden und das ist mit den Sicherheitsbeh\u00f6rden so abgestimmt. Wir bitten um eine Abreise bis 16 Uhr.<\/p>\n<hr \/>\n<p>Ich bin noch nicht in der Lage zu fahren \u2013 Wie komme ich heim?<\/p>\n<p>Bitte fahrt nur, wenn ihr euch fit genug f\u00fchlt. Falls ihr selbst nicht in der Lage seid zu fahren, fragt Mitreisende oder fahrt mit den Shuttlebussen zum Bahnhof Geltendorf und holt eure Autos sp\u00e4ter ab. Eure Autos k\u00f6nnt ihr auf dem Parkplatz \u00fcber Nacht stehen lassen.<\/p>\n<hr \/>\n<p>Ich bin mit den \u00d6ffis da &#8211; Wie komme ich heim?<\/p>\n<p>Keine Sorge, ihr k\u00f6nnt genauso abreisen, wie sonst auch. Die Shuttlebusse zum Bahnhof Geltendorf fahren ab Freitag 9 Uhr.<\/p>\n<hr \/>\n<p>Wo kann ich mich abholen lassen?<\/p>\n<p>Lasst euch bitte am Bahnhof Geltendorf oder am Parkplatz P3 abholen. Zum Bahnhof Geltendorf kommt ihr mit den bereitgestellten Shuttlebussen.<\/p>\n<hr \/>\n<p>Was passiert mit meinem Ticket \u2013 bekomme ich Geld zur\u00fcck?<\/p>\n<p>All eure Fragen rund um eure Tickets versuchen die Veranstalter so schnell wie m\u00f6glich zu kl\u00e4ren. Sobald wir Neuigkeiten haben, informieren wir euch. Bitte gebt uns noch etwas Zeit.<\/p>\n<hr \/>\n<p>Was passiert mit meinem Geld, das ich auf mein Festivalband geladen haben?<\/p>\n<p>All eure Fragen rund um euer Geld versuchen die Veranstalter so schnell wie m\u00f6glich zu kl\u00e4ren. Sobald wir Neuigkeiten haben, informieren wir euch. Bitte gebt uns noch etwas Zeit.<\/p>\n<hr \/>\n<p>Ihr habt noch offene Fragen? Meldet euch bitte \u00fcber <a href=\"https:\/\/www.instagram.com\/pulsopenair\/\">instagram.com\/pulsopenair<\/a><\/p><\/blockquote>","protected":false},"excerpt":{"rendered":"<p>Das gestern auf Schloss Kaltenberg gestartete PULS Open Air musste heute leider abgebrochen werden. Der Grund kann seltener kaum ausfallen: zu wenig Ordnungsleute. Das Festival kann nicht fortgef\u00fchrt werden und das weitere Programm wird nicht wie geplant stattfinden. Foto: (c) Festivalhopper, Archivbild Puls Open Air 2016.<\/p>\n","protected":false},"author":45,"featured_media":0,"comment_status":"open","ping_status":"open","sticky":false,"template":"","format":"standard","meta":{"footnotes":""},"categories":[2,882,1308,27,42,6],"tags":[],"class_list":["post-128817","post","type-post","status-publish","format-standard","hentry","category-festivalnews","category-festivalorganisation","category-festivals-2022","category-festivals-abgesagt","category-indie-festivals","category-rock-festivals"],"_links":{"self":[{"href":"https:\/\/www.festivalhopper.de\/news\/wp-json\/wp\/v2\/posts\/128817","targetHints":{"allow":["GET"]}}],"collection":[{"href":"https:\/\/www.festivalhopper.de\/news\/wp-json\/wp\/v2\/posts"}],"about":[{"href":"https:\/\/www.festivalhopper.de\/news\/wp-json\/wp\/v2\/types\/post"}],"author":[{"embeddable":true,"href":"https:\/\/www.festivalhopper.de\/news\/wp-json\/wp\/v2\/users\/45"}],"replies":[{"embeddable":true,"href":"https:\/\/www.festivalhopper.de\/news\/wp-json\/wp\/v2\/comments?post=128817"}],"version-history":[{"count":5,"href":"https:\/\/www.festivalhopper.de\/news\/wp-json\/wp\/v2\/posts\/128817\/revisions"}],"predecessor-version":[{"id":128826,"href":"https:\/\/www.festivalhopper.de\/news\/wp-json\/wp\/v2\/posts\/128817\/revisions\/128826"}],"wp:attachment":[{"href":"https:\/\/www.festivalhopper.de\/news\/wp-json\/wp\/v2\/media?parent=128817"}],"wp:term":[{"taxonomy":"category","embeddable":true,"href":"https:\/\/www.festivalhopper.de\/news\/wp-json\/wp\/v2\/categories?post=128817"},{"taxonomy":"post_tag","embeddable":true,"href":"https:\/\/www.festivalhopper.de\/news\/wp-json\/wp\/v2\/tags?post=128817"}],"curies":[{"name":"wp","href":"https:\/\/api.w.org\/{rel}","templated":true}]}}