{"id":128238,"date":"2021-11-18T23:09:42","date_gmt":"2021-11-18T22:09:42","guid":{"rendered":"https:\/\/www.festivalhopper.de\/news\/?p=128238"},"modified":"2021-11-18T23:10:26","modified_gmt":"2021-11-18T22:10:26","slug":"infos-vvk-haldern-pop-2022","status":"publish","type":"post","link":"https:\/\/www.festivalhopper.de\/news\/2021\/11\/18\/infos-vvk-haldern-pop-2022\/","title":{"rendered":"Erste Infos f\u00fcrs Haldern Pop 2022"},"content":{"rendered":"<p><a href=\"https:\/\/www.festivalhopper.de\/news\/wp-content\/uploads\/2017\/08\/Haldern-Pop.jpg\"><img loading=\"lazy\" decoding=\"async\" class=\"size-medium wp-image-118292 alignleft\" src=\"https:\/\/www.festivalhopper.de\/news\/wp-content\/uploads\/2017\/08\/Haldern-Pop-300x200.jpg\" alt=\"\" width=\"300\" height=\"200\" srcset=\"https:\/\/www.festivalhopper.de\/news\/wp-content\/uploads\/2017\/08\/Haldern-Pop-300x200.jpg 300w, https:\/\/www.festivalhopper.de\/news\/wp-content\/uploads\/2017\/08\/Haldern-Pop-768x512.jpg 768w, https:\/\/www.festivalhopper.de\/news\/wp-content\/uploads\/2017\/08\/Haldern-Pop.jpg 1024w\" sizes=\"auto, (max-width: 300px) 100vw, 300px\" \/><\/a><strong>&#8222;Sehr dankbar&#8220;<\/strong> plant man die R\u00fcckkehr auf den alten Reitplatz, hei\u00dft es in der aktuellen Meldung des <a href=\"https:\/\/www.festivalhopper.de\/festival\/haldern-pop-festival-2022\">Haldern Pop Festivals<\/a>. Es wird 3-Tages-Tickets und ein Kontingent wie zuletzt 2019 geben.<\/p>\n<p><em>&#8222;<strong>Die alte Dame Haldern Pop<\/strong> wird wieder zur Wundert\u00fcte, was kommen und bleiben soll, wird ein ewiges R\u00e4tsel bleiben. Sich etwas w\u00fcnschen, tr\u00e4umen, das nimmt uns keiner, alle f\u00fcr sich und anders herum.&#8220;<\/em><\/p>\n<p><!--more--><\/p>\n<p><a href=\"https:\/\/www.festivalhopper.de\/news\/wp-content\/uploads\/2015\/08\/Heisskalt-Haldern-Pop-2015.jpg\"><img loading=\"lazy\" decoding=\"async\" class=\"alignright size-medium wp-image-106487\" src=\"https:\/\/www.festivalhopper.de\/news\/wp-content\/uploads\/2015\/08\/Heisskalt-Haldern-Pop-2015-300x225.jpg\" alt=\"\" width=\"300\" height=\"225\" srcset=\"https:\/\/www.festivalhopper.de\/news\/wp-content\/uploads\/2015\/08\/Heisskalt-Haldern-Pop-2015-300x225.jpg 300w, https:\/\/www.festivalhopper.de\/news\/wp-content\/uploads\/2015\/08\/Heisskalt-Haldern-Pop-2015.jpg 1024w\" sizes=\"auto, (max-width: 300px) 100vw, 300px\" \/><\/a>Vom<strong> 11.-13.08.2022<\/strong> wird das <strong>39. Haldern Pop Festival<\/strong> stattfinden. Der Preis pro 3-Tagesticket (Printable\/Digital) wird <strong>162,80\u20ac<\/strong> (pro Hardticket <strong>172,80\u20ac,<\/strong> jeweils inkl. Geb\u00fchren &amp; Camping, bei Hardtickets auch inkl. versichertem Versand) betragen. Die deutliche Anhebung des Kartenpreises ist <strong><em>&#8222;der Tatsache dieser schwierigen Zeit geschuldet und begr\u00fcndet sich ausschlie\u00dflich auf den externen in Anspruch genommenen finanziellen Aufwand f\u00fcr Material- und Personalkosten&#8220;<\/em><\/strong>, der um ein Vielfaches gestiegen ist. <strong>Der Haldern Pop Vorverkauf 2022 startet am 20.11.2021.<\/strong><\/p>\n<p>Da man beim Haldern Pop auch in Zukunft die <strong>Besucherzahl konstant halten<\/strong> m\u00f6chte &#8211; das Festival ganz bewu\u00dft nicht vergr\u00f6\u00dfern m\u00f6chte, k\u00f6nnen die steigenden Kosten nur \u00fcber den Kartenpreis wieder eingefangen werden. <strong>&#8222;Unser Weg soll ein anderer sein, nicht beliebig, sondern erlebbar, wandlungsf\u00e4hig und merkw\u00fcrdig anders. Diesen Wert wollen wir sch\u00fctzen.&#8220;<\/strong><\/p>\n<blockquote><p><em>&#8222;In Haldern werden wir wieder unsere urspr\u00fcngliche Kartenkapazit\u00e4t anbieten, auf den Reitplatz zur\u00fcckkehren, unser eigenes Publikum bleiben, ohne am Anspruch zu scheitern. Der Ticketpreis wird den gestiegenen Herausforderungen unserer Zeit angeglichen. Es gilt, die Vergangenheit mit der Gegenwart in Beziehung zu bringen und ein generations\u00fcbergreifendes Festival zu planen, um mit dem Wissen einen Glauben zu verbinden und dem Zuk\u00fcnftigen eine Perspektive zu verleihen.<\/em><\/p>\n<p><em>Vielen Dank nochmal, f\u00fcr Eure Unterst\u00fctzung, Eure Aufmerksamkeit, Euer Zuh\u00f6ren, es hat was mit uns gemacht, uns hingetrieben und nicht fort. Musikalisch gab es keine Auszeit, wir haben uns besch\u00e4ftigt, mit den D\u00f6rfern, unseren Ideen und Gr\u00fcnden und damit, wie es weiter gehen wird. Brennen tut es immer noch, es ist viel passiert in den Prober\u00e4umen, Studios und in der Welt, es gibt ein Menge zu erz\u00e4hlen.&#8220;, so <\/em>Stefan Reichmann vom Haldern Pop<\/p><\/blockquote>\n<p><strong>Haldern Pop R\u00fcckblicke<\/strong>, um Vorfreude zu steigern: <a href=\"https:\/\/www.festivalhopper.de\/news\/2019\/08\/12\/bilder-fotos-haldern-pop\/\" data-click=\"News|TopNews|2019\/08\/12\/bilder-fotos-haldern-pop\/\">Bilder vom Haldern Pop 2019<\/a>, <a href=\"https:\/\/www.festivalhopper.de\/news\/2017\/08\/15\/haldern-pop-2017-good-bad-funky\/\" data-click=\"News|TopNews|2017\/08\/15\/haldern-pop-2017-good-bad-funky\/\">Haldern Pop 2017: The Good, The Bad And The Funky<\/a>., <a href=\"https:\/\/www.festivalhopper.de\/news\/2016\/08\/17\/haldern-pop-review-fuchs-hase-oropax\/\" data-click=\"News|TopNews|2016\/08\/17\/haldern-pop-review-fuchs-hase-oropax\/\">Hal(l)dern &#8211; Dort wo sich Fuchs und Hase Oropax zustecken &#8230; (2016)<\/a>, <a href=\"https:\/\/www.festivalhopper.de\/news\/2015\/08\/21\/haldern-pop-2015-ein-besonderes-festival\/\" data-click=\"News|TopNews|2015\/08\/21\/haldern-pop-2015-ein-besonderes-festival\/\">Haldern Pop 2015 &#8211; Ein Festival abseits der ausgetretenen Pfade<\/a>, <a href=\"https:\/\/www.festivalhopper.de\/news\/2009\/09\/02\/charmant-das-haldern-pop-2009-rueckblick\/\" data-click=\"News|TopNews|2009\/09\/02\/charmant-das-haldern-pop-2009-rueckblick\/\">Charmant war das Haldern Pop 2009<\/a>.<\/p>","protected":false},"excerpt":{"rendered":"<p>&#8222;Sehr dankbar&#8220; plant man die R\u00fcckkehr auf den alten Reitplatz, hei\u00dft es in der aktuellen Meldung des Haldern Pop Festivals. Es wird 3-Tages-Tickets und ein Kontingent wie zuletzt 2019 geben. &#8222;Die alte Dame Haldern Pop wird wieder zur Wundert\u00fcte, was kommen und bleiben soll, wird ein ewiges R\u00e4tsel bleiben. Sich etwas w\u00fcnschen, tr\u00e4umen, das nimmt [&hellip;]<\/p>\n","protected":false},"author":45,"featured_media":0,"comment_status":"open","ping_status":"open","sticky":false,"template":"","format":"standard","meta":{"footnotes":""},"categories":[2,1308,42,894,6,20,1195],"tags":[],"class_list":["post-128238","post","type-post","status-publish","format-standard","hentry","category-festivalnews","category-festivals-2022","category-indie-festivals","category-pop-festivals","category-rock-festivals","category-tickets-kaufen","category-vorverkauf"],"_links":{"self":[{"href":"https:\/\/www.festivalhopper.de\/news\/wp-json\/wp\/v2\/posts\/128238","targetHints":{"allow":["GET"]}}],"collection":[{"href":"https:\/\/www.festivalhopper.de\/news\/wp-json\/wp\/v2\/posts"}],"about":[{"href":"https:\/\/www.festivalhopper.de\/news\/wp-json\/wp\/v2\/types\/post"}],"author":[{"embeddable":true,"href":"https:\/\/www.festivalhopper.de\/news\/wp-json\/wp\/v2\/users\/45"}],"replies":[{"embeddable":true,"href":"https:\/\/www.festivalhopper.de\/news\/wp-json\/wp\/v2\/comments?post=128238"}],"version-history":[{"count":5,"href":"https:\/\/www.festivalhopper.de\/news\/wp-json\/wp\/v2\/posts\/128238\/revisions"}],"predecessor-version":[{"id":128245,"href":"https:\/\/www.festivalhopper.de\/news\/wp-json\/wp\/v2\/posts\/128238\/revisions\/128245"}],"wp:attachment":[{"href":"https:\/\/www.festivalhopper.de\/news\/wp-json\/wp\/v2\/media?parent=128238"}],"wp:term":[{"taxonomy":"category","embeddable":true,"href":"https:\/\/www.festivalhopper.de\/news\/wp-json\/wp\/v2\/categories?post=128238"},{"taxonomy":"post_tag","embeddable":true,"href":"https:\/\/www.festivalhopper.de\/news\/wp-json\/wp\/v2\/tags?post=128238"}],"curies":[{"name":"wp","href":"https:\/\/api.w.org\/{rel}","templated":true}]}}