{"id":1279,"date":"2008-04-20T04:01:53","date_gmt":"2008-04-20T02:01:53","guid":{"rendered":"http:\/\/www.festivalhopper.de\/news\/2008\/04\/20\/rock-the-rocks-auf-einer-hochebene\/"},"modified":"2012-11-24T13:29:10","modified_gmt":"2012-11-24T12:29:10","slug":"rock-the-rocks-auf-einer-hochebene","status":"publish","type":"post","link":"https:\/\/www.festivalhopper.de\/news\/2008\/04\/20\/rock-the-rocks-auf-einer-hochebene\/","title":{"rendered":"Rock the Rocks &#8211; auf einer Hochebene"},"content":{"rendered":"<p><a href=\"https:\/\/www.festivalhopper.de\/news\/wp-content\/uploads\/2008\/04\/rock-the-rocks.jpg\" title=\"www.rocktherocks.at\"><img decoding=\"async\" src=\"https:\/\/www.festivalhopper.de\/news\/wp-content\/uploads\/2008\/04\/rock-the-rocks.thumbnail.jpg\" alt=\"www.rocktherocks.at\" style=\"float: left\" border=\"0\" hspace=\"5\" \/><\/a>Das <a href=\"https:\/\/www.festivalhopper.de\/festival\/rock-the-rocks-2008\" title=\"Rock the Rocks 2008\">Rock the Rocks<\/a> findet zum 1. Mal am <strong>6. Juni 2008<\/strong> am Sportplatz der Gemeinde <strong>Weerberg im <\/strong><a href=\"https:\/\/www.festivalhopper.de\/festivals\/international\/oesterreich\" title=\"Festivals in \u00d6sterreich\">\u00f6sterreichischen<\/a><strong> Tirol<\/strong> statt, das Gel\u00e4nde befindet sich <strong>auf einer Hochebene<\/strong> und bietet ein einmaliges Panorama \u00fcber&#8217;s Tiroler Inntal mit Blick auf die Silberstadt Schwaz.<\/p>\n<p>Mit den deutschen Rockern <a href=\"https:\/\/www.festivalhopper.de\/bands\/karten\/liquido.php\" title=\"Liquido\">Liquido<\/a> bietet das Festival einen Top-Headliner, auch die Tiroler Bands <a href=\"https:\/\/www.festivalhopper.de\/bands\/karten\/jura.php\" title=\"Jura\">Jura<\/a>, <a href=\"https:\/\/www.festivalhopper.de\/bands\/karten\/mohear.php\" title=\"Mohear\">Mohear<\/a> und <a href=\"https:\/\/www.festivalhopper.de\/bands\/karten\/puke.php\" title=\"Puke\">Puke<\/a> werden das Publikum ordentlich rocken! Weitere aktuelle Infos gibts bei <a href=\"https:\/\/www.festivalhopper.de\/festival\/rock-the-rocks-2008\">Festivalhopper<\/a> oder bei www.rocktherocks.at.<\/p>","protected":false},"excerpt":{"rendered":"<p>Das Rock the Rocks findet zum 1. Mal am 6. Juni 2008 am Sportplatz der Gemeinde Weerberg im \u00f6sterreichischen Tirol statt, das Gel\u00e4nde befindet sich auf einer Hochebene und bietet ein einmaliges Panorama \u00fcber&#8217;s Tiroler Inntal mit Blick auf die Silberstadt Schwaz. Mit den deutschen Rockern Liquido bietet das Festival einen Top-Headliner, auch die Tiroler [&hellip;]<\/p>\n","protected":false},"author":45,"featured_media":0,"comment_status":"open","ping_status":"open","sticky":false,"template":"","format":"standard","meta":{"footnotes":""},"categories":[2,37,40,24,8,9,6],"tags":[],"class_list":["post-1279","post","type-post","status-publish","format-standard","hentry","category-festivalnews","category-festivals-2008","category-festivals-in-europa","category-neue-bands","category-neues-festival","category-oesterreich","category-rock-festivals"],"_links":{"self":[{"href":"https:\/\/www.festivalhopper.de\/news\/wp-json\/wp\/v2\/posts\/1279","targetHints":{"allow":["GET"]}}],"collection":[{"href":"https:\/\/www.festivalhopper.de\/news\/wp-json\/wp\/v2\/posts"}],"about":[{"href":"https:\/\/www.festivalhopper.de\/news\/wp-json\/wp\/v2\/types\/post"}],"author":[{"embeddable":true,"href":"https:\/\/www.festivalhopper.de\/news\/wp-json\/wp\/v2\/users\/45"}],"replies":[{"embeddable":true,"href":"https:\/\/www.festivalhopper.de\/news\/wp-json\/wp\/v2\/comments?post=1279"}],"version-history":[{"count":0,"href":"https:\/\/www.festivalhopper.de\/news\/wp-json\/wp\/v2\/posts\/1279\/revisions"}],"wp:attachment":[{"href":"https:\/\/www.festivalhopper.de\/news\/wp-json\/wp\/v2\/media?parent=1279"}],"wp:term":[{"taxonomy":"category","embeddable":true,"href":"https:\/\/www.festivalhopper.de\/news\/wp-json\/wp\/v2\/categories?post=1279"},{"taxonomy":"post_tag","embeddable":true,"href":"https:\/\/www.festivalhopper.de\/news\/wp-json\/wp\/v2\/tags?post=1279"}],"curies":[{"name":"wp","href":"https:\/\/api.w.org\/{rel}","templated":true}]}}