{"id":127592,"date":"2020-04-17T09:23:18","date_gmt":"2020-04-17T07:23:18","guid":{"rendered":"https:\/\/www.festivalhopper.de\/news\/?p=127592"},"modified":"2020-04-17T12:07:24","modified_gmt":"2020-04-17T10:07:24","slug":"sommer-sonne-livemusik-corona-rocco","status":"publish","type":"post","link":"https:\/\/www.festivalhopper.de\/news\/2020\/04\/17\/sommer-sonne-livemusik-corona-rocco\/","title":{"rendered":"&#8222;Sommer, Sonne, laute Live-Musik und leicht einen sitzen.&#8220;"},"content":{"rendered":"<p><a href=\"https:\/\/www.festivalhopper.de\/news\/wp-content\/uploads\/2015\/01\/Rocco-del-Schlacko-PR-Bild-1.jpg\"><img loading=\"lazy\" decoding=\"async\" class=\"alignleft size-medium wp-image-99218\" src=\"https:\/\/www.festivalhopper.de\/news\/wp-content\/uploads\/2015\/01\/Rocco-del-Schlacko-PR-Bild-1-300x200.jpg\" alt=\"\" width=\"300\" height=\"200\" srcset=\"https:\/\/www.festivalhopper.de\/news\/wp-content\/uploads\/2015\/01\/Rocco-del-Schlacko-PR-Bild-1-300x200.jpg 300w, https:\/\/www.festivalhopper.de\/news\/wp-content\/uploads\/2015\/01\/Rocco-del-Schlacko-PR-Bild-1.jpg 1024w\" sizes=\"auto, (max-width: 300px) 100vw, 300px\" \/><\/a>&#8222;<strong>SOMMER, SONNE, LAUTE LIVE-MUSIK UND LEICHT EINEN SITZEN. <\/strong>Das werden wir dieses Jahr im August wohl nicht gemeinsam erleben k\u00f6nnen.&#8220;<\/p>\n<p>Aktuell k\u00f6nnten wir \u00fcber jedes Festival einen extra Artikel bez\u00fcglich der aktuellen Entwicklungen und der individuell unterschiedlichen Umgangsweisen damit darstellen. Das <a href=\"https:\/\/www.festivalhopper.de\/festival\/rocco-del-schlacko-2020\">Rocco del Schlacko<\/a> punktet hier weithin mit der besten \u00dcberschrift. (Foto: Rocco del Schlacko PR-Bild)<\/p>\n<p><!--more--><\/p>\n<blockquote><p><em>&#8222;Ja, die Zeiten im Moment verlangen Umsicht, Respekt und Demut. Wir sind bereit, die Entscheidung von Bund und Land voll mitzutragen \u2013 da es wirklich gef\u00e4hrlich ist. Au\u00dferdem macht Feiern auch nur richtig Spa\u00df, wenn es allen gut geht.<\/em><\/p>\n<p><em>Wir haben hier eine gro\u00dfe Verantwortung \u2013 auch f\u00fcr unsere Mitmenschen.&#8220;<\/em>, so das Rocco del Schlacko.<em><br \/>\n<\/em><\/p><\/blockquote>\n<p><a href=\"https:\/\/www.festivalhopper.de\/news\/wp-content\/uploads\/2017\/09\/annenmaykantereit-lolla2017-0781.jpg\"><img loading=\"lazy\" decoding=\"async\" class=\"alignright size-medium wp-image-119631\" src=\"https:\/\/www.festivalhopper.de\/news\/wp-content\/uploads\/2017\/09\/annenmaykantereit-lolla2017-0781-300x200.jpg\" alt=\"\" width=\"300\" height=\"200\" srcset=\"https:\/\/www.festivalhopper.de\/news\/wp-content\/uploads\/2017\/09\/annenmaykantereit-lolla2017-0781-300x200.jpg 300w, https:\/\/www.festivalhopper.de\/news\/wp-content\/uploads\/2017\/09\/annenmaykantereit-lolla2017-0781-768x512.jpg 768w, https:\/\/www.festivalhopper.de\/news\/wp-content\/uploads\/2017\/09\/annenmaykantereit-lolla2017-0781.jpg 1024w\" sizes=\"auto, (max-width: 300px) 100vw, 300px\" \/><\/a>Die Veranstalter bitten zudem um Nachsicht, dass es nicht sofort Antworten auf all Eure Fragen gibt. Klar sei aber auch, dass &#8222;wir grunds\u00e4tzlich vorausschauend planen und arbeiten.&#8220;<\/p>\n<p>Bald wird man Euch mitteilen, was 2021 passiert &#8211; und wir<\/p>\n<blockquote><p><strong><em>&#8222;sind uns sicher, dass wir hier GEMEINSAM MIT EUCH durchkommen und 2021 Sommer, Sonne, laute Live-Musik und RICHTIG einen Sitzen haben.&#8220;<\/em><\/strong><\/p><\/blockquote>\n<p><a href=\"https:\/\/www.festivalhopper.de\/news\/wp-content\/uploads\/2014\/07\/Biffy-Clyro-Deichbrand-2014-P7657.jpg\"><img loading=\"lazy\" decoding=\"async\" class=\"size-medium wp-image-95126 alignleft\" src=\"https:\/\/www.festivalhopper.de\/news\/wp-content\/uploads\/2014\/07\/Biffy-Clyro-Deichbrand-2014-P7657-300x199.jpg\" alt=\"\" width=\"300\" height=\"199\" srcset=\"https:\/\/www.festivalhopper.de\/news\/wp-content\/uploads\/2014\/07\/Biffy-Clyro-Deichbrand-2014-P7657-300x200.jpg 300w, https:\/\/www.festivalhopper.de\/news\/wp-content\/uploads\/2014\/07\/Biffy-Clyro-Deichbrand-2014-P7657.jpg 1024w\" sizes=\"auto, (max-width: 300px) 100vw, 300px\" \/><\/a>So sch\u00f6n besprochen und formuliert gilt das wohl f\u00fcr die meisten Festivals. Bisher hat das Rocco offiziell noch keinen neuen Termin bekanntgegeben, vermutlich wird es aber vom 13.-15.08.2021 stattfinden. Die &#8222;Geschwisterfestivals&#8220; <a href=\"https:\/\/www.festivalhopper.de\/festival\/open-flair-festival-2021\">Open Flair<\/a> und <a href=\"https:\/\/www.festivalhopper.de\/festival\/taubertal-festival-2021\">Taubertal<\/a> sind ebenfalls auf die zweite Augustwoche 2021 terminiert.<\/p>","protected":false},"excerpt":{"rendered":"<p>&#8222;SOMMER, SONNE, LAUTE LIVE-MUSIK UND LEICHT EINEN SITZEN. Das werden wir dieses Jahr im August wohl nicht gemeinsam erleben k\u00f6nnen.&#8220; Aktuell k\u00f6nnten wir \u00fcber jedes Festival einen extra Artikel bez\u00fcglich der aktuellen Entwicklungen und der individuell unterschiedlichen Umgangsweisen damit darstellen. Das Rocco del Schlacko punktet hier weithin mit der besten \u00dcberschrift. (Foto: Rocco del Schlacko [&hellip;]<\/p>\n","protected":false},"author":45,"featured_media":0,"comment_status":"open","ping_status":"open","sticky":false,"template":"","format":"standard","meta":{"footnotes":""},"categories":[1307,2,882,1286,1287,40,6],"tags":[],"class_list":["post-127592","post","type-post","status-publish","format-standard","hentry","category-corona-virus-covid-19-sars-cov-2","category-festivalnews","category-festivalorganisation","category-festivals-2020","category-festivals-2021","category-festivals-in-europa","category-rock-festivals"],"_links":{"self":[{"href":"https:\/\/www.festivalhopper.de\/news\/wp-json\/wp\/v2\/posts\/127592","targetHints":{"allow":["GET"]}}],"collection":[{"href":"https:\/\/www.festivalhopper.de\/news\/wp-json\/wp\/v2\/posts"}],"about":[{"href":"https:\/\/www.festivalhopper.de\/news\/wp-json\/wp\/v2\/types\/post"}],"author":[{"embeddable":true,"href":"https:\/\/www.festivalhopper.de\/news\/wp-json\/wp\/v2\/users\/45"}],"replies":[{"embeddable":true,"href":"https:\/\/www.festivalhopper.de\/news\/wp-json\/wp\/v2\/comments?post=127592"}],"version-history":[{"count":5,"href":"https:\/\/www.festivalhopper.de\/news\/wp-json\/wp\/v2\/posts\/127592\/revisions"}],"predecessor-version":[{"id":127603,"href":"https:\/\/www.festivalhopper.de\/news\/wp-json\/wp\/v2\/posts\/127592\/revisions\/127603"}],"wp:attachment":[{"href":"https:\/\/www.festivalhopper.de\/news\/wp-json\/wp\/v2\/media?parent=127592"}],"wp:term":[{"taxonomy":"category","embeddable":true,"href":"https:\/\/www.festivalhopper.de\/news\/wp-json\/wp\/v2\/categories?post=127592"},{"taxonomy":"post_tag","embeddable":true,"href":"https:\/\/www.festivalhopper.de\/news\/wp-json\/wp\/v2\/tags?post=127592"}],"curies":[{"name":"wp","href":"https:\/\/api.w.org\/{rel}","templated":true}]}}