{"id":127500,"date":"2020-04-06T21:41:19","date_gmt":"2020-04-06T19:41:19","guid":{"rendered":"https:\/\/www.festivalhopper.de\/news\/?p=127500"},"modified":"2020-04-09T21:29:43","modified_gmt":"2020-04-09T19:29:43","slug":"nova-rock-abgesagt-festivals-juni-oesterreich","status":"publish","type":"post","link":"https:\/\/www.festivalhopper.de\/news\/2020\/04\/06\/nova-rock-abgesagt-festivals-juni-oesterreich\/","title":{"rendered":"Nova Rock 2020 abgesagt &#8211; bis Juni keine Festivals in \u00d6sterreich"},"content":{"rendered":"<p><span data-offset-key=\"aibav-0-0\"><a href=\"https:\/\/www.festivalhopper.de\/news\/wp-content\/uploads\/2020\/04\/Nova-Rock-2020-abgesagt-Covid-19.png\"><img loading=\"lazy\" decoding=\"async\" class=\"size-medium wp-image-127508 alignleft\" src=\"https:\/\/www.festivalhopper.de\/news\/wp-content\/uploads\/2020\/04\/Nova-Rock-2020-abgesagt-Covid-19-300x300.png\" alt=\"\" width=\"300\" height=\"300\" srcset=\"https:\/\/www.festivalhopper.de\/news\/wp-content\/uploads\/2020\/04\/Nova-Rock-2020-abgesagt-Covid-19-300x300.png 300w, https:\/\/www.festivalhopper.de\/news\/wp-content\/uploads\/2020\/04\/Nova-Rock-2020-abgesagt-Covid-19-150x150.png 150w, https:\/\/www.festivalhopper.de\/news\/wp-content\/uploads\/2020\/04\/Nova-Rock-2020-abgesagt-Covid-19.png 681w\" sizes=\"auto, (max-width: 300px) 100vw, 300px\" \/><\/a>Bis Ende Juni wird es in <strong>\u00d6sterreich<\/strong> keine Konzerte und Festivals geben. Damit ist auch das gro\u00dfe <\/span><span data-offset-key=\"aibav-0-0\"><a href=\"https:\/\/www.festivalhopper.de\/festival\/nova-rock-2020\">NOVA ROCK Festival 2020<\/a> abgesagt. <\/span><\/p>\n<p><span data-offset-key=\"aibav-0-0\">Der im heute ver\u00f6ffentlichten Plan der \u00f6sterreichischen Regierung hei\u00dft es, die Einschr\u00e4nkungen zur <strong>Sars-CoV-2 \/ Corona (COVID19)<\/strong> Pandemie nach Ostern langsam wieder zu lockern. Gro\u00dfveranstaltungen mit vielen Menschen auf engem Raum stehen dabei verst\u00e4ndlicher Weise weit hinten auf der Liste.<\/span><\/p>\n<p><!--more--><\/p>\n<p>Diese Nachrichten lassen damit die Hoffnungen f\u00fcr <strong>deutsche Festivals im Mai \/ Juni<\/strong> weiter deutlich sinken &#8211; vermutlich ist die Absage nur noch eine Frage der Zeit, bis die offiziellen Beh\u00f6rden einen neue Aussage zu Veranstaltungen in den n\u00e4chsten Monaten treffen und damit Gewissheit seitens der Veranstalter herrscht.<a href=\"https:\/\/www.festivalhopper.de\/news\/wp-content\/uploads\/2011\/06\/System-of-a-Down-SoaD-RAR-2011-IMG_9240.jpg\"><img loading=\"lazy\" decoding=\"async\" class=\"alignright size-medium wp-image-45028\" src=\"https:\/\/www.festivalhopper.de\/news\/wp-content\/uploads\/2011\/06\/System-of-a-Down-SoaD-RAR-2011-IMG_9240-300x200.jpg\" alt=\"\" width=\"300\" height=\"200\" srcset=\"https:\/\/www.festivalhopper.de\/news\/wp-content\/uploads\/2011\/06\/System-of-a-Down-SoaD-RAR-2011-IMG_9240-300x200.jpg 300w, https:\/\/www.festivalhopper.de\/news\/wp-content\/uploads\/2011\/06\/System-of-a-Down-SoaD-RAR-2011-IMG_9240-1024x682.jpg 1024w, https:\/\/www.festivalhopper.de\/news\/wp-content\/uploads\/2011\/06\/System-of-a-Down-SoaD-RAR-2011-IMG_9240.jpg 1200w\" sizes=\"auto, (max-width: 300px) 100vw, 300px\" \/><\/a> Die Aussicht deckt sich auch mit unserem aktuellen Kommentar &#8222;<a title=\"Permalink zu Kommentar \/ Update Rock am Ring, Rock im Park 2020\" href=\"https:\/\/www.festivalhopper.de\/news\/2020\/04\/06\/update-rock-am-ring-kommentar\/\" rel=\"bookmark\">Kommentar \/ Update Rock am Ring, Rock im Park 2020<\/a>&#8222;.<\/p>\n<p>Bands wie <strong>System Of A Down, Billy Talent, Korn, Disturbed, The Offspring, Social Distortion, Alligatoah, Dame<\/strong> oder<strong> Heaven Shall Burn<\/strong> waren f\u00fcr das gro\u00dfe \u00f6sterreichische Festival gebucht. Weitere Details zur <strong>Nova Rock Kartenr\u00fcckerstattung \/ G\u00fcltigkeit f\u00fcrs kommende Jahr<\/strong>, folgen.<\/p>","protected":false},"excerpt":{"rendered":"<p>Bis Ende Juni wird es in \u00d6sterreich keine Konzerte und Festivals geben. Damit ist auch das gro\u00dfe NOVA ROCK Festival 2020 abgesagt. Der im heute ver\u00f6ffentlichten Plan der \u00f6sterreichischen Regierung hei\u00dft es, die Einschr\u00e4nkungen zur Sars-CoV-2 \/ Corona (COVID19) Pandemie nach Ostern langsam wieder zu lockern. Gro\u00dfveranstaltungen mit vielen Menschen auf engem Raum stehen dabei [&hellip;]<\/p>\n","protected":false},"author":45,"featured_media":0,"comment_status":"open","ping_status":"open","sticky":false,"template":"","format":"standard","meta":{"footnotes":""},"categories":[1307,2,882,1286,27,40,3,9,6],"tags":[],"class_list":["post-127500","post","type-post","status-publish","format-standard","hentry","category-corona-virus-covid-19-sars-cov-2","category-festivalnews","category-festivalorganisation","category-festivals-2020","category-festivals-abgesagt","category-festivals-in-europa","category-metal-festivals","category-oesterreich","category-rock-festivals"],"_links":{"self":[{"href":"https:\/\/www.festivalhopper.de\/news\/wp-json\/wp\/v2\/posts\/127500","targetHints":{"allow":["GET"]}}],"collection":[{"href":"https:\/\/www.festivalhopper.de\/news\/wp-json\/wp\/v2\/posts"}],"about":[{"href":"https:\/\/www.festivalhopper.de\/news\/wp-json\/wp\/v2\/types\/post"}],"author":[{"embeddable":true,"href":"https:\/\/www.festivalhopper.de\/news\/wp-json\/wp\/v2\/users\/45"}],"replies":[{"embeddable":true,"href":"https:\/\/www.festivalhopper.de\/news\/wp-json\/wp\/v2\/comments?post=127500"}],"version-history":[{"count":5,"href":"https:\/\/www.festivalhopper.de\/news\/wp-json\/wp\/v2\/posts\/127500\/revisions"}],"predecessor-version":[{"id":127514,"href":"https:\/\/www.festivalhopper.de\/news\/wp-json\/wp\/v2\/posts\/127500\/revisions\/127514"}],"wp:attachment":[{"href":"https:\/\/www.festivalhopper.de\/news\/wp-json\/wp\/v2\/media?parent=127500"}],"wp:term":[{"taxonomy":"category","embeddable":true,"href":"https:\/\/www.festivalhopper.de\/news\/wp-json\/wp\/v2\/categories?post=127500"},{"taxonomy":"post_tag","embeddable":true,"href":"https:\/\/www.festivalhopper.de\/news\/wp-json\/wp\/v2\/tags?post=127500"}],"curies":[{"name":"wp","href":"https:\/\/api.w.org\/{rel}","templated":true}]}}