{"id":127484,"date":"2020-04-01T20:15:30","date_gmt":"2020-04-01T18:15:30","guid":{"rendered":"https:\/\/www.festivalhopper.de\/news\/?p=127484"},"modified":"2020-04-09T21:30:07","modified_gmt":"2020-04-09T19:30:07","slug":"aprilscherz-beatmungsgeraet-maskenball-nuerburgring-corona","status":"publish","type":"post","link":"https:\/\/www.festivalhopper.de\/news\/2020\/04\/01\/aprilscherz-beatmungsgeraet-maskenball-nuerburgring-corona\/","title":{"rendered":"Aprilscherz mit Beatmungsger\u00e4t &#8211; Maskenball am N\u00fcrburgring"},"content":{"rendered":"<p><a href=\"https:\/\/www.festivalhopper.de\/news\/wp-content\/uploads\/2011\/08\/highfield-2011-masken.jpg\"><img loading=\"lazy\" decoding=\"async\" class=\"alignleft size-medium wp-image-51097\" src=\"https:\/\/www.festivalhopper.de\/news\/wp-content\/uploads\/2011\/08\/highfield-2011-masken-300x200.jpg\" alt=\"\" width=\"300\" height=\"200\" srcset=\"https:\/\/www.festivalhopper.de\/news\/wp-content\/uploads\/2011\/08\/highfield-2011-masken-300x200.jpg 300w, https:\/\/www.festivalhopper.de\/news\/wp-content\/uploads\/2011\/08\/highfield-2011-masken.jpg 1024w\" sizes=\"auto, (max-width: 300px) 100vw, 300px\" \/><\/a>Dem <strong>Aprilscherz<\/strong> geht es heuer nicht allzu gut. Er schw\u00e4chelt, ist wom\u00f6glich infiziert und vielleicht sogar bald auf einen Platz am Beatmungsger\u00e4t angewiesen. Im Rentenalter mit seinen knapp 500 Jahren z\u00e4hlt er jedoch definitiv zur Hoch-Risikogruppe und w\u00fcrde in manchen L\u00e4ndern wohl erst gar nicht erst an eine Intensivbehandlung herankommen.<\/p>\n<p><!--more--><\/p>\n<p><a href=\"https:\/\/www.festivalhopper.de\/news\/wp-content\/uploads\/2019\/08\/Mera-Luna-2019-1.jpg\"><img loading=\"lazy\" decoding=\"async\" class=\"alignright size-medium wp-image-125713\" src=\"https:\/\/www.festivalhopper.de\/news\/wp-content\/uploads\/2019\/08\/Mera-Luna-2019-1-300x179.jpg\" alt=\"\" width=\"300\" height=\"179\" srcset=\"https:\/\/www.festivalhopper.de\/news\/wp-content\/uploads\/2019\/08\/Mera-Luna-2019-1-300x179.jpg 300w, https:\/\/www.festivalhopper.de\/news\/wp-content\/uploads\/2019\/08\/Mera-Luna-2019-1-768x458.jpg 768w, https:\/\/www.festivalhopper.de\/news\/wp-content\/uploads\/2019\/08\/Mera-Luna-2019-1.jpg 1024w\" sizes=\"auto, (max-width: 300px) 100vw, 300px\" \/><\/a>Um ihn etwas zu schonen und um seiner Genesung nicht im Wege zu stehen, schicken wir ihn in Quarant\u00e4ne und verzichten damit auf den Brauchtumsscherz.<\/p>\n<p><em>Dabei verweisen wir sehr gern auf vergangene Sp\u00e4\u00dfe wie beipsielsweise den von der BILD Zeitung f\u00fcr bare M\u00fcnze genommenen &#8222;<a href=\"https:\/\/www.festivalhopper.de\/news\/2013\/04\/01\/rock-am-ring-zieht-um-zum-sachsenring\/\">Rock am Ring zieht um zum Sachsenring<\/a>&#8220; oder auch &#8222;<a title=\"Permalink zu \u201eN\u00fcrburgring Rockt\u201c: Nordschleifenparty exklusiv f\u00fcr Gr\u00fcne H\u00f6lle Rock Ticketinhaber\" href=\"https:\/\/www.festivalhopper.de\/news\/2015\/04\/01\/nuerburgring-rockt-nordschleifenparty-gruene-hoelle\/\" rel=\"bookmark\">\u201eN\u00fcrburgring Rockt\u201c: Nordschleifenparty exklusiv f\u00fcr Gr\u00fcne H\u00f6lle Rock Ticketinhaber<\/a>&#8220; oder &#8222;<a href=\"https:\/\/www.festivalhopper.de\/news\/2011\/04\/01\/kastelruther-spatzen-eroeffnen-rock-am-ring-2011\/\">Kastelruther Spatzen er\u00f6ffnen Rock am Ring<\/a>&#8222;.<br \/>\n<\/em><\/p>\n<p><a href=\"https:\/\/www.festivalhopper.de\/news\/wp-content\/uploads\/2019\/08\/Mera-Luna-2019-46.jpg\"><img loading=\"lazy\" decoding=\"async\" class=\"alignleft size-medium wp-image-125754\" src=\"https:\/\/www.festivalhopper.de\/news\/wp-content\/uploads\/2019\/08\/Mera-Luna-2019-46-300x160.jpg\" alt=\"\" width=\"300\" height=\"160\" srcset=\"https:\/\/www.festivalhopper.de\/news\/wp-content\/uploads\/2019\/08\/Mera-Luna-2019-46-300x160.jpg 300w, https:\/\/www.festivalhopper.de\/news\/wp-content\/uploads\/2019\/08\/Mera-Luna-2019-46-768x410.jpg 768w, https:\/\/www.festivalhopper.de\/news\/wp-content\/uploads\/2019\/08\/Mera-Luna-2019-46.jpg 1024w\" sizes=\"auto, (max-width: 300px) 100vw, 300px\" \/><\/a>Wir m\u00f6chten die Gelegenheit aber noch kurz nutzen, uns \u00f6ffentlich zufragen, warum sich die gro\u00dfen Festivalveranstalter hierzulande in den aktuellen Zeiten doch recht bedeckt halten. \u00dcber ein <strong>&#8222;wir beobachten die Lage genau&#8220;<\/strong> kommt man bisher vielerorts nicht hinaus. Viele Corona-induzierten Meldungen liegen ein bis zwei Wochen zur\u00fcck, was &#8222;Jahren&#8220; in virologischer Zeitrechnung entspricht.<\/p>\n<p>Freilich ist es hyperaufw\u00e4ndig und kostenintensiv gro\u00dfe Festivals abzusagen, zu verschieben oder gar in angepasster Form stattfinden zu lassen, woanders jedoch scheint eine offenere Kommunikation stattzufinden bzw. zeitlich fr\u00fchere Ansagen um den Fortgang der Festivalsaison zu geben.<\/p>\n<p><a href=\"https:\/\/www.festivalhopper.de\/news\/wp-content\/uploads\/2015\/06\/Slipknot-RaR2015-9.jpg\"><img loading=\"lazy\" decoding=\"async\" class=\"size-medium wp-image-102798 alignright\" src=\"https:\/\/www.festivalhopper.de\/news\/wp-content\/uploads\/2015\/06\/Slipknot-RaR2015-9-300x200.jpg\" alt=\"\" width=\"300\" height=\"200\" srcset=\"https:\/\/www.festivalhopper.de\/news\/wp-content\/uploads\/2015\/06\/Slipknot-RaR2015-9-300x200.jpg 300w, https:\/\/www.festivalhopper.de\/news\/wp-content\/uploads\/2015\/06\/Slipknot-RaR2015-9.jpg 1000w\" sizes=\"auto, (max-width: 300px) 100vw, 300px\" \/><\/a>W\u00e4hrend l\u00e4ngst gro\u00dfe europ\u00e4ische Festivals <a href=\"https:\/\/www.festivalhopper.de\/news\/2020\/03\/19\/glastonbury-2020-coronavirus-abgesagt\/\">wie das Glastonbury bereits vor knapp zwei Wochen abgesagt<\/a> wurden, scheint man hier offenbar noch auf Wunder zu hoffen. Im Vergleich: das <strong>Glastonbury sollte vom 24.-28. Juni 2020<\/strong> stattfinden, <a href=\"https:\/\/www.festivalhopper.de\/festival\/hurricane-festival-2020\">Hurricane<\/a> und <a href=\"https:\/\/www.festivalhopper.de\/festival\/southside-festival-2020\">Southside<\/a> (&#8222;..Die Festivals finden statt..&#8220; &#8211; 16.03.) sollen vom<strong> 19.-21. Juni<\/strong>, <a href=\"https:\/\/www.festivalhopper.de\/festival\/rock-am-ring-2020\">Rock am Ring<\/a> und <a href=\"https:\/\/www.festivalhopper.de\/festival\/rock-im-park-2020\">Rock im Park<\/a> (&#8222;..Die Gesundheitsbeh\u00f6rden entscheiden..&#8220; &#8211; 13.03.) gar vom <b>05.-07. Juni 2020<\/b> stattfinden. Das gro\u00dfe RaR \/ RiP Schwesterfestival in UK (ebenfalls LiveNation), das <a href=\"https:\/\/www.festivalhopper.de\/news\/2020\/03\/26\/download-festival-abgesagt-corona\/\">Download Festival<\/a> (sollte vom 12.-14.Juni stattfinden), wurde ebenfalls bereits abgesagt.<\/p>\n<p><em>Hier geht es zu unserem st\u00e4ndig aktualisierten \u00dcberblick &#8222;<a title=\"Permalink zu Coronavirus und die Festivals 2020 \u2013 ein \u00dcberblick\" href=\"https:\/\/www.festivalhopper.de\/news\/2020\/03\/10\/coronavirus-festivals-2020-ein-ueberblick\/\" rel=\"bookmark\">Coronavirus und die Festivals 2020 \u2013 ein \u00dcberblick<\/a>&#8222;.<\/em><\/p>\n<p><em>Zwei Tage nach diesem Artikel gab es ein <a href=\"https:\/\/www.festivalhopper.de\/festival\/rock-am-ring-2020\">Rock am Ring 2020<\/a> \/ <a href=\"https:\/\/www.festivalhopper.de\/festival\/rock-im-park-2020\">Rock im Park<\/a> Update:<\/em><\/p>\n<blockquote><p><em>&#8222;Die zeitliche Entwicklung der Corona-Epidemie und deren Auswirkungen auf Live-Events sind aktuell nicht absehbar.<\/em><\/p>\n<p><em>Daher k\u00f6nnen wir im Moment keine Prognose abgeben, ob und wann Festivals stattfinden k\u00f6nnen. Unabh\u00e4ngig davon verfolgen wir weiterhin die Umsetzung der angek\u00fcndigten Festivals, die nach Ostern datiert sind. In jedem Fall folgen wir den Vorgaben der Gesundheitsbeh\u00f6rden. Die Gesundheit von K\u00fcnstlern, Fans und Mitarbeitern hat f\u00fcr die Veranstalter der Festivals oberste Priorit\u00e4t und steht bei allen \u00dcberlegungen stets an erster Stelle.&#8220;<\/em><\/p><\/blockquote>","protected":false},"excerpt":{"rendered":"<p>Dem Aprilscherz geht es heuer nicht allzu gut. Er schw\u00e4chelt, ist wom\u00f6glich infiziert und vielleicht sogar bald auf einen Platz am Beatmungsger\u00e4t angewiesen. Im Rentenalter mit seinen knapp 500 Jahren z\u00e4hlt er jedoch definitiv zur Hoch-Risikogruppe und w\u00fcrde in manchen L\u00e4ndern wohl erst gar nicht erst an eine Intensivbehandlung herankommen.<\/p>\n","protected":false},"author":45,"featured_media":0,"comment_status":"open","ping_status":"open","sticky":false,"template":"","format":"standard","meta":{"footnotes":""},"categories":[1307,920,549,1259,5,35,7,2,882,1286,40,338,284,550,22,49,3,894,758,4,6,14,28],"tags":[],"class_list":["post-127484","post","type-post","status-publish","format-standard","hentry","category-corona-virus-covid-19-sars-cov-2","category-crossover-festivals","category-darkwave-festivals","category-edm-festivals","category-elektronische-musik","category-festivalberichte","category-festivalbilder","category-festivalnews","category-festivalorganisation","category-festivals-2020","category-festivals-in-europa","category-festivals-weltweit","category-folk-festivals","category-hardcore-festivals","category-hiphop-festivals","category-marktfestivals","category-metal-festivals","category-pop-festivals","category-punk-2","category-reggae-festivals","category-rock-festivals","category-sonstiges","category-umsonst-und-draussen"],"_links":{"self":[{"href":"https:\/\/www.festivalhopper.de\/news\/wp-json\/wp\/v2\/posts\/127484","targetHints":{"allow":["GET"]}}],"collection":[{"href":"https:\/\/www.festivalhopper.de\/news\/wp-json\/wp\/v2\/posts"}],"about":[{"href":"https:\/\/www.festivalhopper.de\/news\/wp-json\/wp\/v2\/types\/post"}],"author":[{"embeddable":true,"href":"https:\/\/www.festivalhopper.de\/news\/wp-json\/wp\/v2\/users\/45"}],"replies":[{"embeddable":true,"href":"https:\/\/www.festivalhopper.de\/news\/wp-json\/wp\/v2\/comments?post=127484"}],"version-history":[{"count":5,"href":"https:\/\/www.festivalhopper.de\/news\/wp-json\/wp\/v2\/posts\/127484\/revisions"}],"predecessor-version":[{"id":127505,"href":"https:\/\/www.festivalhopper.de\/news\/wp-json\/wp\/v2\/posts\/127484\/revisions\/127505"}],"wp:attachment":[{"href":"https:\/\/www.festivalhopper.de\/news\/wp-json\/wp\/v2\/media?parent=127484"}],"wp:term":[{"taxonomy":"category","embeddable":true,"href":"https:\/\/www.festivalhopper.de\/news\/wp-json\/wp\/v2\/categories?post=127484"},{"taxonomy":"post_tag","embeddable":true,"href":"https:\/\/www.festivalhopper.de\/news\/wp-json\/wp\/v2\/tags?post=127484"}],"curies":[{"name":"wp","href":"https:\/\/api.w.org\/{rel}","templated":true}]}}