{"id":124765,"date":"2019-06-09T18:24:21","date_gmt":"2019-06-09T16:24:21","guid":{"rendered":"https:\/\/www.festivalhopper.de\/news\/?p=124765"},"modified":"2019-06-12T13:47:49","modified_gmt":"2019-06-12T11:47:49","slug":"slayer-die-aerzte-rock-am-ring","status":"publish","type":"post","link":"https:\/\/www.festivalhopper.de\/news\/2019\/06\/09\/slayer-die-aerzte-rock-am-ring\/","title":{"rendered":"&#8222;..und daf\u00fcr verpass ich jetzt Slayer&#8220; &#8211; Die \u00c4rzte bei Rock am Ring"},"content":{"rendered":"<p><a href=\"https:\/\/www.festivalhopper.de\/news\/wp-content\/uploads\/2019\/06\/DIE_\u00c4RZTE_RAR19_8453.jpg\"><img loading=\"lazy\" decoding=\"async\" class=\"alignleft size-medium wp-image-124766\" src=\"https:\/\/www.festivalhopper.de\/news\/wp-content\/uploads\/2019\/06\/DIE_\u00c4RZTE_RAR19_8453-300x200.jpg\" alt=\"\" width=\"300\" height=\"200\" srcset=\"https:\/\/www.festivalhopper.de\/news\/wp-content\/uploads\/2019\/06\/DIE_\u00c4RZTE_RAR19_8453-300x200.jpg 300w, https:\/\/www.festivalhopper.de\/news\/wp-content\/uploads\/2019\/06\/DIE_\u00c4RZTE_RAR19_8453-768x512.jpg 768w, https:\/\/www.festivalhopper.de\/news\/wp-content\/uploads\/2019\/06\/DIE_\u00c4RZTE_RAR19_8453.jpg 1024w\" sizes=\"auto, (max-width: 300px) 100vw, 300px\" \/><\/a>Richtig einen abgefeuert haben <strong>Die \u00c4rzte<\/strong> am<strong> <a href=\"https:\/\/www.festivalhopper.de\/festival\/rock-am-ring-2019\">Rock am Ring<\/a> Samstag 2019<\/strong>. Eine <strong>musikalische Comedyshow vom Feinsten<\/strong>, wenn es nach mir ginge &#8211; &#8222;zu viel gelabert&#8220; meinten viele der Kollegen. Vielleicht waren es aber auch diejenigen, die genauso gern Slayer gesehen h\u00e4tten, die zeitgleich auf der Crater Stage spielten. Einer von Ihnen \u00fcbrigens <strong>Bela B.<\/strong>, der im Anschlu\u00df an einen <strong>Anal-Witz<\/strong> von <strong>Farin Urlaub<\/strong> genau jenes Statement von sich gab.<\/p>\n<p><!--more--><\/p>\n<p><iframe loading=\"lazy\" title=\"Rock am Ring 2019 | Warten auf die \u00c4rzte\" width=\"500\" height=\"281\" src=\"https:\/\/www.youtube.com\/embed\/stRvTRYvPVk?feature=oembed\" frameborder=\"0\" allow=\"accelerometer; autoplay; clipboard-write; encrypted-media; gyroscope; picture-in-picture; web-share\" referrerpolicy=\"strict-origin-when-cross-origin\" allowfullscreen><\/iframe><\/p>\n<p><a href=\"https:\/\/www.festivalhopper.de\/news\/wp-content\/uploads\/2019\/06\/DIE_\u00c4RZTE_RAR19_8430.jpg\"><img loading=\"lazy\" decoding=\"async\" class=\"alignright size-medium wp-image-124772\" src=\"https:\/\/www.festivalhopper.de\/news\/wp-content\/uploads\/2019\/06\/DIE_\u00c4RZTE_RAR19_8430-300x200.jpg\" alt=\"\" width=\"300\" height=\"200\" srcset=\"https:\/\/www.festivalhopper.de\/news\/wp-content\/uploads\/2019\/06\/DIE_\u00c4RZTE_RAR19_8430-300x200.jpg 300w, https:\/\/www.festivalhopper.de\/news\/wp-content\/uploads\/2019\/06\/DIE_\u00c4RZTE_RAR19_8430-768x512.jpg 768w, https:\/\/www.festivalhopper.de\/news\/wp-content\/uploads\/2019\/06\/DIE_\u00c4RZTE_RAR19_8430.jpg 1024w\" sizes=\"auto, (max-width: 300px) 100vw, 300px\" \/><\/a>Die Erfinder von <strong>&#8222;Schei\u00df Trib\u00fchne&#8220;<\/strong> ritten keineswegs auf dieser oder anderen &#8222;Errungenschaften&#8220; ihrer Band- und Rock-am-Ring-Geschichte herum. Stattdessen propagierten sie dieses Mal &#8222;Schei\u00df Riesenrad&#8220;. Jenes stand bei <a href=\"https:\/\/www.festivalhopper.de\/festival\/rock-im-park-2019\">Rock im Park<\/a> wohl so nah vor der B\u00fchne, dass die beste Band der Welt so richtig geblitztdingst wurde. \u00dcbrigens: &#8222;Rock im Park, so ein anderes, unbedeutendes Festival ;)&#8220;, wie Farin versicherte.<\/p>\n<p><a href=\"https:\/\/www.festivalhopper.de\/news\/wp-content\/uploads\/2019\/06\/DIE_\u00c4RZTE_RAR19_8439.jpg\"><img loading=\"lazy\" decoding=\"async\" class=\"alignleft size-medium wp-image-124778\" src=\"https:\/\/www.festivalhopper.de\/news\/wp-content\/uploads\/2019\/06\/DIE_\u00c4RZTE_RAR19_8439-300x200.jpg\" alt=\"\" width=\"300\" height=\"200\" srcset=\"https:\/\/www.festivalhopper.de\/news\/wp-content\/uploads\/2019\/06\/DIE_\u00c4RZTE_RAR19_8439-300x200.jpg 300w, https:\/\/www.festivalhopper.de\/news\/wp-content\/uploads\/2019\/06\/DIE_\u00c4RZTE_RAR19_8439-768x512.jpg 768w, https:\/\/www.festivalhopper.de\/news\/wp-content\/uploads\/2019\/06\/DIE_\u00c4RZTE_RAR19_8439.jpg 1024w\" sizes=\"auto, (max-width: 300px) 100vw, 300px\" \/><\/a>Sch\u00f6n war auch das von Bela B. angeforderte Z\u00e4hneklappern (anstatt jubeln oder klatschen) f\u00fcr Farin, woraufhin keum ein Ger\u00e4usch aus dem Publikum zu vernehmen war. Farin reagierte allerdings mit den Worten &#8222;ich freue mich schon auf Deinen Flatulenz-Applaus nachher&#8220;.<\/p>\n<p>Abschlie\u00dfend folgt eine Kurzzusammenfassung allem weiteren Nennenswertem bei Die \u00c4rzte, den selbst ernannten <strong>&#8222;Drei Flitzpiepen von Rock am Ring&#8220;<\/strong>, vornehmlich <strong>aus dem Zusammenhang gerissenen Zitate<\/strong>:<a href=\"https:\/\/www.festivalhopper.de\/news\/wp-content\/uploads\/2019\/06\/2019_RaR19_Trivium-Klobrille_9426-2.jpg\"><img loading=\"lazy\" decoding=\"async\" class=\"size-medium wp-image-124777 alignright\" src=\"https:\/\/www.festivalhopper.de\/news\/wp-content\/uploads\/2019\/06\/2019_RaR19_Trivium-Klobrille_9426-2-300x200.jpg\" alt=\"\" width=\"300\" height=\"200\" srcset=\"https:\/\/www.festivalhopper.de\/news\/wp-content\/uploads\/2019\/06\/2019_RaR19_Trivium-Klobrille_9426-2-300x200.jpg 300w, https:\/\/www.festivalhopper.de\/news\/wp-content\/uploads\/2019\/06\/2019_RaR19_Trivium-Klobrille_9426-2-768x512.jpg 768w, https:\/\/www.festivalhopper.de\/news\/wp-content\/uploads\/2019\/06\/2019_RaR19_Trivium-Klobrille_9426-2.jpg 1024w\" sizes=\"auto, (max-width: 300px) 100vw, 300px\" \/><\/a><\/p>\n<ul>\n<li>&#8222;Fleischgewordenes Kamasutra im blauen Anzug&#8220; &#8211; \u00fcber Rod<\/li>\n<li>&#8222;Der Grund warum Marilyn Manson keinen Tee trinkt&#8220;<\/li>\n<li>&#8222;..mit nichts als einem Pfefferminzblatt bekleidet&#8220;<\/li>\n<li>&#8222;Wir haben uns wochenlang nur mit &#8218;Otze&#8216; angeredet&#8220;<\/li>\n<li>&#8222;..Respekt an den Typ, der hier drei Stunden am St\u00fcck eine Klobrille hochh\u00e4lt&#8220; <em>(die er schon bei zahlreichen Konzerten zuvor hochhielt, Anm.d.Red.)<\/em><\/li>\n<\/ul>\n\n\t\t<style type=\"text\/css\">\n\t\t\t#gallery-1 {\n\t\t\t\tmargin: auto;\n\t\t\t}\n\t\t\t#gallery-1 .gallery-item {\n\t\t\t\tfloat: left;\n\t\t\t\tmargin-top: 10px;\n\t\t\t\ttext-align: center;\n\t\t\t\twidth: 16%;\n\t\t\t}\n\t\t\t#gallery-1 img {\n\t\t\t\tborder: 2px solid #cfcfcf;\n\t\t\t}\n\t\t\t#gallery-1 .gallery-caption {\n\t\t\t\tmargin-left: 0;\n\t\t\t}\n\t\t\t\/* see gallery_shortcode() in wp-includes\/media.php *\/\n\t\t<\/style>\n\t\t<div id='gallery-1' class='gallery galleryid-124765 gallery-columns-6 gallery-size-thumbnail'><dl class='gallery-item'>\n\t\t\t<dt class='gallery-icon landscape'>\n\t\t\t\t<a href='https:\/\/www.festivalhopper.de\/news\/wp-content\/uploads\/2019\/06\/DIE_\u00c4RZTE_RAR19_8467-Kopie-2.jpg'><img loading=\"lazy\" decoding=\"async\" width=\"150\" height=\"150\" src=\"https:\/\/www.festivalhopper.de\/news\/wp-content\/uploads\/2019\/06\/DIE_\u00c4RZTE_RAR19_8467-Kopie-2-150x150.jpg\" class=\"attachment-thumbnail size-thumbnail\" alt=\"\" \/><\/a>\n\t\t\t<\/dt><\/dl><dl class='gallery-item'>\n\t\t\t<dt class='gallery-icon portrait'>\n\t\t\t\t<a href='https:\/\/www.festivalhopper.de\/news\/wp-content\/uploads\/2019\/06\/DIE_\u00c4RZTE_RAR19_8468-Kopie-2.jpg'><img loading=\"lazy\" decoding=\"async\" width=\"150\" height=\"150\" src=\"https:\/\/www.festivalhopper.de\/news\/wp-content\/uploads\/2019\/06\/DIE_\u00c4RZTE_RAR19_8468-Kopie-2-150x150.jpg\" class=\"attachment-thumbnail size-thumbnail\" alt=\"\" \/><\/a>\n\t\t\t<\/dt><\/dl><dl class='gallery-item'>\n\t\t\t<dt class='gallery-icon portrait'>\n\t\t\t\t<a href='https:\/\/www.festivalhopper.de\/news\/wp-content\/uploads\/2019\/06\/DIE_\u00c4RZTE_RAR19_8485-Kopie.jpg'><img loading=\"lazy\" decoding=\"async\" width=\"150\" height=\"150\" src=\"https:\/\/www.festivalhopper.de\/news\/wp-content\/uploads\/2019\/06\/DIE_\u00c4RZTE_RAR19_8485-Kopie-150x150.jpg\" class=\"attachment-thumbnail size-thumbnail\" alt=\"\" \/><\/a>\n\t\t\t<\/dt><\/dl><dl class='gallery-item'>\n\t\t\t<dt class='gallery-icon portrait'>\n\t\t\t\t<a href='https:\/\/www.festivalhopper.de\/news\/wp-content\/uploads\/2019\/06\/DIE_\u00c4RZTE_RAR19_8485.jpg'><img loading=\"lazy\" decoding=\"async\" width=\"150\" height=\"150\" src=\"https:\/\/www.festivalhopper.de\/news\/wp-content\/uploads\/2019\/06\/DIE_\u00c4RZTE_RAR19_8485-150x150.jpg\" class=\"attachment-thumbnail size-thumbnail\" alt=\"\" \/><\/a>\n\t\t\t<\/dt><\/dl><dl class='gallery-item'>\n\t\t\t<dt class='gallery-icon landscape'>\n\t\t\t\t<a href='https:\/\/www.festivalhopper.de\/news\/wp-content\/uploads\/2019\/06\/DIE_\u00c4RZTE_RAR19_8497.jpg'><img loading=\"lazy\" decoding=\"async\" width=\"150\" height=\"150\" src=\"https:\/\/www.festivalhopper.de\/news\/wp-content\/uploads\/2019\/06\/DIE_\u00c4RZTE_RAR19_8497-150x150.jpg\" class=\"attachment-thumbnail size-thumbnail\" alt=\"\" \/><\/a>\n\t\t\t<\/dt><\/dl><dl class='gallery-item'>\n\t\t\t<dt class='gallery-icon landscape'>\n\t\t\t\t<a href='https:\/\/www.festivalhopper.de\/news\/wp-content\/uploads\/2019\/06\/DIE_\u00c4RZTE_RAR19_8522.jpg'><img loading=\"lazy\" decoding=\"async\" width=\"150\" height=\"150\" src=\"https:\/\/www.festivalhopper.de\/news\/wp-content\/uploads\/2019\/06\/DIE_\u00c4RZTE_RAR19_8522-150x150.jpg\" class=\"attachment-thumbnail size-thumbnail\" alt=\"\" \/><\/a>\n\t\t\t<\/dt><\/dl><br style=\"clear: both\" \/>\n\t\t<\/div>\n\n<p><em>Schaut Euch auch an: <a title=\"Permalink zu Rock am Ring 2020 \u2013 News von der Pressekonferenz\" href=\"https:\/\/www.festivalhopper.de\/news\/2019\/06\/09\/rock-am-ring-2020-pk-2019\/\" rel=\"bookmark\">Rock am Ring 2020 \u2013 News von der Pressekonferenz<\/a>, <a title=\"Permalink zu Rock am Ring: Freudentr\u00e4nen auf der Hauptb\u00fchne mit Feine Sahne Fischfilet\" href=\"https:\/\/www.festivalhopper.de\/news\/2019\/06\/08\/rock-am-ring-freudentraenen-feine-sahne-fischfilet\/\" rel=\"bookmark\">Rock am Ring: Freudentr\u00e4nen auf der Hauptb\u00fchne mit Feine Sahne Fischfilet<\/a>, <a title=\"Permalink zu Ganz gro\u00df: Tool &amp; Elefanten beim Rock am Ring Freitag 2019\" href=\"https:\/\/www.festivalhopper.de\/news\/2019\/06\/08\/tool-rock-am-ring-freitag\/\" rel=\"bookmark\">Ganz gro\u00df: Tool &amp; Elefanten beim Rock am Ring Freitag 2019<\/a>, <a href=\"https:\/\/www.festivalhopper.de\/news\/2019\/06\/07\/rock-am-ring-livestream-2019\/\" data-click=\"News|TopNews|2019\/06\/07\/rock-am-ring-livestream-2019\/\">Rock am Ring TV und Livestream 2019<\/a> und <a href=\"https:\/\/www.festivalhopper.de\/news\/2019\/06\/07\/unwetterwarnung-rock-am-ring\/\" data-click=\"News|TopNews|2019\/06\/07\/unwetterwarnung-rock-am-ring\/\">Unwetterwarnung bei Rock am Ring<\/a>.<\/em><\/p>\n<p>&nbsp;<\/p>","protected":false},"excerpt":{"rendered":"<p>Richtig einen abgefeuert haben Die \u00c4rzte am Rock am Ring Samstag 2019. Eine musikalische Comedyshow vom Feinsten, wenn es nach mir ginge &#8211; &#8222;zu viel gelabert&#8220; meinten viele der Kollegen. Vielleicht waren es aber auch diejenigen, die genauso gern Slayer gesehen h\u00e4tten, die zeitgleich auf der Crater Stage spielten. Einer von Ihnen \u00fcbrigens Bela B., [&hellip;]<\/p>\n","protected":false},"author":45,"featured_media":0,"comment_status":"open","ping_status":"open","sticky":false,"template":"","format":"standard","meta":{"footnotes":""},"categories":[35,7,2,1270,40,241,758,6],"tags":[],"class_list":["post-124765","post","type-post","status-publish","format-standard","hentry","category-festivalberichte","category-festivalbilder","category-festivalnews","category-festivals-2019","category-festivals-in-europa","category-live-vom-festival","category-punk-2","category-rock-festivals"],"_links":{"self":[{"href":"https:\/\/www.festivalhopper.de\/news\/wp-json\/wp\/v2\/posts\/124765","targetHints":{"allow":["GET"]}}],"collection":[{"href":"https:\/\/www.festivalhopper.de\/news\/wp-json\/wp\/v2\/posts"}],"about":[{"href":"https:\/\/www.festivalhopper.de\/news\/wp-json\/wp\/v2\/types\/post"}],"author":[{"embeddable":true,"href":"https:\/\/www.festivalhopper.de\/news\/wp-json\/wp\/v2\/users\/45"}],"replies":[{"embeddable":true,"href":"https:\/\/www.festivalhopper.de\/news\/wp-json\/wp\/v2\/comments?post=124765"}],"version-history":[{"count":4,"href":"https:\/\/www.festivalhopper.de\/news\/wp-json\/wp\/v2\/posts\/124765\/revisions"}],"predecessor-version":[{"id":124830,"href":"https:\/\/www.festivalhopper.de\/news\/wp-json\/wp\/v2\/posts\/124765\/revisions\/124830"}],"wp:attachment":[{"href":"https:\/\/www.festivalhopper.de\/news\/wp-json\/wp\/v2\/media?parent=124765"}],"wp:term":[{"taxonomy":"category","embeddable":true,"href":"https:\/\/www.festivalhopper.de\/news\/wp-json\/wp\/v2\/categories?post=124765"},{"taxonomy":"post_tag","embeddable":true,"href":"https:\/\/www.festivalhopper.de\/news\/wp-json\/wp\/v2\/tags?post=124765"}],"curies":[{"name":"wp","href":"https:\/\/api.w.org\/{rel}","templated":true}]}}