{"id":124757,"date":"2019-06-09T16:20:31","date_gmt":"2019-06-09T14:20:31","guid":{"rendered":"https:\/\/www.festivalhopper.de\/news\/?p=124757"},"modified":"2019-06-09T17:10:36","modified_gmt":"2019-06-09T15:10:36","slug":"rock-am-ring-2020-pk-2019","status":"publish","type":"post","link":"https:\/\/www.festivalhopper.de\/news\/2019\/06\/09\/rock-am-ring-2020-pk-2019\/","title":{"rendered":"Rock am Ring 2020 &#8211; News von der Pressekonferenz"},"content":{"rendered":"<p><a href=\"https:\/\/www.festivalhopper.de\/news\/wp-content\/uploads\/2019\/06\/DSC03738.jpg\"><img loading=\"lazy\" decoding=\"async\" class=\"alignleft size-medium wp-image-124758\" src=\"https:\/\/www.festivalhopper.de\/news\/wp-content\/uploads\/2019\/06\/DSC03738-300x200.jpg\" alt=\"\" width=\"300\" height=\"200\" srcset=\"https:\/\/www.festivalhopper.de\/news\/wp-content\/uploads\/2019\/06\/DSC03738-300x200.jpg 300w, https:\/\/www.festivalhopper.de\/news\/wp-content\/uploads\/2019\/06\/DSC03738-768x512.jpg 768w, https:\/\/www.festivalhopper.de\/news\/wp-content\/uploads\/2019\/06\/DSC03738.jpg 1024w\" sizes=\"auto, (max-width: 300px) 100vw, 300px\" \/><\/a>Wir berichten live von der Pressekonferenz mit <strong>Andr\u00e9 Lieberberg<\/strong> und dem neuen Polizeichef <strong>Manuel Wehrmann<\/strong>.<\/p>\n<p>Das Jubil\u00e4um <strong>&#8222;35 Jahre Rock am Ring&#8220;<\/strong> wird vom 05.-07.6.2020 stattfinden: siehe auch <a href=\"https:\/\/www.festivalhopper.de\/festival\/rock-am-ring-2020\">Rock am Ring 2020<\/a>. Weitere dar\u00fcber hinaus gehende Infos, werden aktuell leider noch nicht bekanntgegeben, auch programmatisch gibt es noch keine Vorschau aufs kommende Jahr.<\/p>\n<p><!--more--><\/p>\n<p><a href=\"https:\/\/www.festivalhopper.de\/news\/wp-content\/uploads\/2019\/06\/PK_RAR19_8678.jpg\"><img loading=\"lazy\" decoding=\"async\" class=\"alignnone  wp-image-124768\" src=\"https:\/\/www.festivalhopper.de\/news\/wp-content\/uploads\/2019\/06\/PK_RAR19_8678-300x200.jpg\" alt=\"\" width=\"270\" height=\"180\" srcset=\"https:\/\/www.festivalhopper.de\/news\/wp-content\/uploads\/2019\/06\/PK_RAR19_8678-300x200.jpg 300w, https:\/\/www.festivalhopper.de\/news\/wp-content\/uploads\/2019\/06\/PK_RAR19_8678-768x512.jpg 768w, https:\/\/www.festivalhopper.de\/news\/wp-content\/uploads\/2019\/06\/PK_RAR19_8678.jpg 1024w\" sizes=\"auto, (max-width: 270px) 100vw, 270px\" \/><\/a> <a href=\"https:\/\/www.festivalhopper.de\/news\/wp-content\/uploads\/2019\/06\/PK_RAR19_8689.jpg\"><img loading=\"lazy\" decoding=\"async\" class=\"wp-image-124769 alignnone\" src=\"https:\/\/www.festivalhopper.de\/news\/wp-content\/uploads\/2019\/06\/PK_RAR19_8689-300x200.jpg\" alt=\"\" width=\"270\" height=\"180\" srcset=\"https:\/\/www.festivalhopper.de\/news\/wp-content\/uploads\/2019\/06\/PK_RAR19_8689-300x200.jpg 300w, https:\/\/www.festivalhopper.de\/news\/wp-content\/uploads\/2019\/06\/PK_RAR19_8689-768x512.jpg 768w, https:\/\/www.festivalhopper.de\/news\/wp-content\/uploads\/2019\/06\/PK_RAR19_8689.jpg 1024w\" sizes=\"auto, (max-width: 270px) 100vw, 270px\" \/><\/a><\/p>\n<p>&nbsp;<\/p>\n<p><a href=\"https:\/\/www.festivalhopper.de\/news\/wp-content\/uploads\/2019\/06\/feine-sahne-fischfilet-rar2019-6006.jpg\"><img loading=\"lazy\" decoding=\"async\" class=\"alignright size-medium wp-image-124749\" src=\"https:\/\/www.festivalhopper.de\/news\/wp-content\/uploads\/2019\/06\/feine-sahne-fischfilet-rar2019-6006-300x200.jpg\" alt=\"\" width=\"300\" height=\"200\" srcset=\"https:\/\/www.festivalhopper.de\/news\/wp-content\/uploads\/2019\/06\/feine-sahne-fischfilet-rar2019-6006-300x200.jpg 300w, https:\/\/www.festivalhopper.de\/news\/wp-content\/uploads\/2019\/06\/feine-sahne-fischfilet-rar2019-6006-768x512.jpg 768w, https:\/\/www.festivalhopper.de\/news\/wp-content\/uploads\/2019\/06\/feine-sahne-fischfilet-rar2019-6006.jpg 1024w\" sizes=\"auto, (max-width: 300px) 100vw, 300px\" \/><\/a>Pressekonferenz-Infos:<br \/>\n-Prek\u00e4re Wetterlage hatten wir am Freitag, aber gut gehandelt bekommen<br \/>\n-wie immer der Vergleich mit einer 100.000 Menschen Stadt: eine sehr geringe Kriminalstatistik, auch im Vergleich mit dem letzten Jahr<br \/>\n-nur 31 Diebst\u00e4hle<\/p>\n<p><strong><em>Artikel wird kontinuierlich geupdated w\u00e4hrend der Pressekonferenz.<\/em><\/strong><\/p>\n<p><em>Schaut Euch auch an:<\/em> <a title=\"Permalink zu Rock am Ring: Freudentr\u00e4nen auf der Hauptb\u00fchne mit Feine Sahne Fischfilet\" href=\"https:\/\/www.festivalhopper.de\/news\/2019\/06\/08\/rock-am-ring-freudentraenen-feine-sahne-fischfilet\/\" rel=\"bookmark\">Rock am Ring: Freudentr\u00e4nen auf der Hauptb\u00fchne mit Feine Sahne Fischfilet<\/a><em>, <a title=\"Permalink zu Ganz gro\u00df: Tool &amp; Elefanten beim Rock am Ring Freitag 2019\" href=\"https:\/\/www.festivalhopper.de\/news\/2019\/06\/08\/tool-rock-am-ring-freitag\/\" rel=\"bookmark\">Ganz gro\u00df: Tool &amp; Elefanten beim Rock am Ring Freitag 2019<\/a>, <a href=\"https:\/\/www.festivalhopper.de\/news\/2019\/06\/07\/rock-am-ring-livestream-2019\/\" data-click=\"News|TopNews|2019\/06\/07\/rock-am-ring-livestream-2019\/\">Rock am Ring TV und Livestream 2019<\/a> und <a href=\"https:\/\/www.festivalhopper.de\/news\/2019\/06\/07\/unwetterwarnung-rock-am-ring\/\" data-click=\"News|TopNews|2019\/06\/07\/unwetterwarnung-rock-am-ring\/\">Unwetterwarnung bei Rock am Ring<\/a>.<\/em><\/p>","protected":false},"excerpt":{"rendered":"<p>Wir berichten live von der Pressekonferenz mit Andr\u00e9 Lieberberg und dem neuen Polizeichef Manuel Wehrmann. Das Jubil\u00e4um &#8222;35 Jahre Rock am Ring&#8220; wird vom 05.-07.6.2020 stattfinden: siehe auch Rock am Ring 2020. Weitere dar\u00fcber hinaus gehende Infos, werden aktuell leider noch nicht bekanntgegeben, auch programmatisch gibt es noch keine Vorschau aufs kommende Jahr.<\/p>\n","protected":false},"author":45,"featured_media":0,"comment_status":"open","ping_status":"open","sticky":false,"template":"","format":"standard","meta":{"footnotes":""},"categories":[7,2,1245,1270,40,338,241,24,6],"tags":[],"class_list":["post-124757","post","type-post","status-publish","format-standard","hentry","category-festivalbilder","category-festivalnews","category-festivals-2018","category-festivals-2019","category-festivals-in-europa","category-festivals-weltweit","category-live-vom-festival","category-neue-bands","category-rock-festivals"],"_links":{"self":[{"href":"https:\/\/www.festivalhopper.de\/news\/wp-json\/wp\/v2\/posts\/124757","targetHints":{"allow":["GET"]}}],"collection":[{"href":"https:\/\/www.festivalhopper.de\/news\/wp-json\/wp\/v2\/posts"}],"about":[{"href":"https:\/\/www.festivalhopper.de\/news\/wp-json\/wp\/v2\/types\/post"}],"author":[{"embeddable":true,"href":"https:\/\/www.festivalhopper.de\/news\/wp-json\/wp\/v2\/users\/45"}],"replies":[{"embeddable":true,"href":"https:\/\/www.festivalhopper.de\/news\/wp-json\/wp\/v2\/comments?post=124757"}],"version-history":[{"count":5,"href":"https:\/\/www.festivalhopper.de\/news\/wp-json\/wp\/v2\/posts\/124757\/revisions"}],"predecessor-version":[{"id":124770,"href":"https:\/\/www.festivalhopper.de\/news\/wp-json\/wp\/v2\/posts\/124757\/revisions\/124770"}],"wp:attachment":[{"href":"https:\/\/www.festivalhopper.de\/news\/wp-json\/wp\/v2\/media?parent=124757"}],"wp:term":[{"taxonomy":"category","embeddable":true,"href":"https:\/\/www.festivalhopper.de\/news\/wp-json\/wp\/v2\/categories?post=124757"},{"taxonomy":"post_tag","embeddable":true,"href":"https:\/\/www.festivalhopper.de\/news\/wp-json\/wp\/v2\/tags?post=124757"}],"curies":[{"name":"wp","href":"https:\/\/api.w.org\/{rel}","templated":true}]}}