{"id":12386,"date":"2009-07-25T09:58:15","date_gmt":"2009-07-25T07:58:15","guid":{"rendered":"http:\/\/www.festivalhopper.de\/news\/?p=12386"},"modified":"2009-07-24T16:46:33","modified_gmt":"2009-07-24T14:46:33","slug":"fanta-4-heimspiel-tvradio-termine","status":"publish","type":"post","link":"https:\/\/www.festivalhopper.de\/news\/2009\/07\/25\/fanta-4-heimspiel-tvradio-termine\/","title":{"rendered":"Fanta 4 Heimspiel &#8211; TV+Radio Termine"},"content":{"rendered":"<p><a href=\"https:\/\/www.festivalhopper.de\/news\/wp-content\/uploads\/2009\/01\/f4_heimspiel.jpg\"><img loading=\"lazy\" decoding=\"async\" class=\"alignleft size-medium wp-image-11250\" title=\"F4_HEIMSPIEL_PLAKAT_MASTER\" src=\"https:\/\/www.festivalhopper.de\/news\/wp-content\/uploads\/2009\/01\/f4_heimspiel-300x211.jpg\" alt=\"F4_HEIMSPIEL_PLAKAT_MASTER\" width=\"300\" height=\"211\" srcset=\"https:\/\/www.festivalhopper.de\/news\/wp-content\/uploads\/2009\/01\/f4_heimspiel-300x211.jpg 300w, https:\/\/www.festivalhopper.de\/news\/wp-content\/uploads\/2009\/01\/f4_heimspiel.jpg 320w\" sizes=\"auto, (max-width: 300px) 100vw, 300px\" \/><\/a> Heute Abend findet ein <a href=\"https:\/\/www.festivalhopper.de\/news\/2009\/01\/11\/die-fantastischen-vier-20-jahre\/\">ganz besonderes Konzert<\/a> auf dem legend\u00e4ren <strong>Cannstatter Wasen<\/strong> (Stuttgart) statt:<\/p>\n<p>Das <strong>wichtigste Heimspiel des Jahres 2009<\/strong>. Anl\u00e4sslich ihres 20-j\u00e4hrigen B\u00fchnenjubil\u00e4ums richten <strong><a title=\"Die Fantastischen Vier\" href=\"\/bands\/karten\/die-fantastischen-vier.php\">Die Fantastischen Vier<\/a><\/strong> einen <strong>spektakul\u00e4ren Sommerabend<\/strong> aus<em> (<a href=\"https:\/\/www.festivalhopper.de\/news\/2009\/01\/11\/die-fantastischen-vier-20-jahre\/\">wir berichteten<\/a>)<\/em>.<\/p>\n<p><!--more--><br \/>\nZusammen mit einem <strong>80-k\u00f6pfigen Sinfonieorchester<\/strong> werden die vier ein besonderes <strong>unplugged Konzert <\/strong>geben &#8211; wir erwarten nicht weniger als <strong>DAS deutsche Konzertereignis 2009<\/strong>.<\/p>\n<p>Einlass ist <strong>15Uhr<\/strong>, die Support-Acts beginnen <strong>17:30Uhr<\/strong>. Als <strong>Special Guests<\/strong> werden<strong> <a href=\"https:\/\/www.festivalhopper.de\/bands\/karten\/clueso.php\">Clueso<\/a><\/strong> &amp; <strong>Christoph Sonntag<\/strong> und <strong>Mama&#8217;s Gun<\/strong> erwartet.<\/p>\n<p><a href=\"https:\/\/www.festivalhopper.de\/news\/wp-content\/uploads\/2008\/08\/fanta4_1.jpg\"><\/a><a href=\"https:\/\/www.festivalhopper.de\/news\/wp-content\/uploads\/2009\/07\/close_schwarz_1.jpg\"><\/a><a href=\"https:\/\/www.festivalhopper.de\/news\/wp-content\/uploads\/2009\/07\/close_schwarz_1.jpg\"><\/a><a href=\"https:\/\/www.festivalhopper.de\/news\/wp-content\/uploads\/2009\/07\/close_schwarz_1.jpg\"><img loading=\"lazy\" decoding=\"async\" class=\"alignnone size-medium wp-image-12392\" title=\"close_schwarz_1\" src=\"https:\/\/www.festivalhopper.de\/news\/wp-content\/uploads\/2009\/07\/close_schwarz_1-300x201.jpg\" alt=\"close_schwarz_1\" width=\"224\" height=\"150\" srcset=\"https:\/\/www.festivalhopper.de\/news\/wp-content\/uploads\/2009\/07\/close_schwarz_1-300x201.jpg 300w, https:\/\/www.festivalhopper.de\/news\/wp-content\/uploads\/2009\/07\/close_schwarz_1.jpg 900w\" sizes=\"auto, (max-width: 224px) 100vw, 224px\" \/><\/a> <a href=\"https:\/\/www.festivalhopper.de\/news\/wp-content\/uploads\/2009\/07\/proberaum_1.jpg\"><img loading=\"lazy\" decoding=\"async\" class=\"alignnone size-thumbnail wp-image-12393\" title=\"proberaum_1\" src=\"https:\/\/www.festivalhopper.de\/news\/wp-content\/uploads\/2009\/07\/proberaum_1-150x150.jpg\" alt=\"proberaum_1\" width=\"150\" height=\"150\" \/><\/a> <a href=\"https:\/\/www.festivalhopper.de\/news\/wp-content\/uploads\/2009\/07\/graffiti_wand_1.jpg\"><img loading=\"lazy\" decoding=\"async\" class=\"alignnone size-thumbnail wp-image-12394\" title=\"graffiti_wand_1\" src=\"https:\/\/www.festivalhopper.de\/news\/wp-content\/uploads\/2009\/07\/graffiti_wand_1-150x150.jpg\" alt=\"graffiti_wand_1\" width=\"150\" height=\"150\" \/><\/a><\/p>\n<p>F\u00fcr alle die kein Ticket ergattert haben oder die wie wir aufgrund der Festivalhochsaison nich dabei sein k\u00f6nnen \ud83d\ude09 haben wir f\u00fcr Euch die wichtigsten Radio und Fernsehtermine zusammengetragen:<\/p>\n<ul>\n<li><strong>Radio SWR1<\/strong> sendet live: &#8222;HEIMPSIEL &#8211; <strong>Live\u00fcbertragung des gesamten Konzertes<\/strong>&#8222;.<\/li>\n<\/ul>\n<p>Der <strong>ZDFdokukanal<\/strong> sendete die letzten Wochen t\u00e4glich das <em><strong><a href=\"https:\/\/www.festivalhopper.de\/bands\/karten\/die-fantastischen-vier.php\">F4<\/a> Spezial<\/strong><\/em>. Heute um 12:45Uhr und 20Uhr gibts die letzten Specials.<\/p>\n<ul>\n<li><strong>ZDFdokukanal<\/strong> 25.07.2009 um 12:45 Uhr <strong><a href=\"\/bands\/karten\/die-fantastischen-vier.php\">F4<\/a> Spezial<\/strong><\/li>\n<li><strong>ZDFdokukanal<\/strong> 25.07.2009 um 20:00 Uhr <strong><a href=\"\/bands\/karten\/die-fantastischen-vier.php\">F4<\/a> Spezial<\/strong><\/li>\n<\/ul>\n<ul>\n<li><strong>ZDFdokukanal<\/strong> 25.07.2009 ab 20:15 &#8211; <em><strong>20 Jahre die Fantastischen Vier &#8211; HEIMSPIEL LIVE<\/strong><\/em><\/li>\n<li><strong>ZDF<\/strong> 21.08.2009 ab 0:40 Uhr &#8211;\u00a0 <strong>&#8222;ZDF in Concert &#8211; 20 Jahre die Fantastischen Vier&#8220; <\/strong><\/li>\n<\/ul>\n<p>Gern k\u00f6nnt ihr uns <strong>hier als Kommentar<em> Eure Meinungen<\/em><em> und Eindr\u00fccke<\/em><\/strong> zum <strong>wichtigsten Heimspiel des Jahres<\/strong> schreiben!<\/p>","protected":false},"excerpt":{"rendered":"<p>Heute Abend findet ein ganz besonderes Konzert auf dem legend\u00e4ren Cannstatter Wasen (Stuttgart) statt: Das wichtigste Heimspiel des Jahres 2009. Anl\u00e4sslich ihres 20-j\u00e4hrigen B\u00fchnenjubil\u00e4ums richten Die Fantastischen Vier einen spektakul\u00e4ren Sommerabend aus (wir berichteten).<\/p>\n","protected":false},"author":45,"featured_media":0,"comment_status":"open","ping_status":"open","sticky":false,"template":"","format":"standard","meta":{"footnotes":""},"categories":[35,2,22,42,10,6,14],"tags":[],"class_list":["post-12386","post","type-post","status-publish","format-standard","hentry","category-festivalberichte","category-festivalnews","category-hiphop-festivals","category-indie-festivals","category-konzerttipps","category-rock-festivals","category-sonstiges"],"_links":{"self":[{"href":"https:\/\/www.festivalhopper.de\/news\/wp-json\/wp\/v2\/posts\/12386","targetHints":{"allow":["GET"]}}],"collection":[{"href":"https:\/\/www.festivalhopper.de\/news\/wp-json\/wp\/v2\/posts"}],"about":[{"href":"https:\/\/www.festivalhopper.de\/news\/wp-json\/wp\/v2\/types\/post"}],"author":[{"embeddable":true,"href":"https:\/\/www.festivalhopper.de\/news\/wp-json\/wp\/v2\/users\/45"}],"replies":[{"embeddable":true,"href":"https:\/\/www.festivalhopper.de\/news\/wp-json\/wp\/v2\/comments?post=12386"}],"version-history":[{"count":0,"href":"https:\/\/www.festivalhopper.de\/news\/wp-json\/wp\/v2\/posts\/12386\/revisions"}],"wp:attachment":[{"href":"https:\/\/www.festivalhopper.de\/news\/wp-json\/wp\/v2\/media?parent=12386"}],"wp:term":[{"taxonomy":"category","embeddable":true,"href":"https:\/\/www.festivalhopper.de\/news\/wp-json\/wp\/v2\/categories?post=12386"},{"taxonomy":"post_tag","embeddable":true,"href":"https:\/\/www.festivalhopper.de\/news\/wp-json\/wp\/v2\/tags?post=12386"}],"curies":[{"name":"wp","href":"https:\/\/api.w.org\/{rel}","templated":true}]}}