{"id":1229,"date":"2008-04-30T00:01:29","date_gmt":"2008-04-29T22:01:29","guid":{"rendered":"http:\/\/www.festivalhopper.de\/news\/2008\/04\/30\/dokfest-muenchen\/"},"modified":"2008-04-30T00:01:38","modified_gmt":"2008-04-29T22:01:38","slug":"dokfest-muenchen","status":"publish","type":"post","link":"https:\/\/www.festivalhopper.de\/news\/2008\/04\/30\/dokfest-muenchen\/","title":{"rendered":"DOK.Fest M\u00fcnchen"},"content":{"rendered":"<p><a href=\"https:\/\/www.festivalhopper.de\/news\/wp-content\/uploads\/2008\/04\/dokumentarfilmfestival-munchen.jpg\" title=\"www.dokfest-muenchen.de\"><img decoding=\"async\" src=\"https:\/\/www.festivalhopper.de\/news\/wp-content\/uploads\/2008\/04\/dokumentarfilmfestival-munchen.jpg\" alt=\"www.dokfest-muenchen.de\" style=\"float: left\" border=\"0\" hspace=\"5\" \/><\/a>Das <a href=\"https:\/\/www.festivalhopper.de\/festival\/internationales-dokumentarfilmfestival-muenchen-2008\" title=\"Internationales Dokumentarfilmfestival M\u00fcnchen 2008\">23. Internationales Dokumentarfilmfestival M\u00fcnchen 2008<\/a> <strong>&#8222;DOK.FEST&#8220;<\/strong> findet vom <strong>1.-7. Mai 2008<\/strong> in <strong>M\u00fcnchen<\/strong> statt.<\/p>\n<p>In dieser Zeit steht M\u00fcnchen wieder ganz im Zeichen des <strong>k\u00fcnstlerischen, langen Dokumentarfilms<\/strong>. Gezeigt werden wieder <strong>Erstauff\u00fchrungen<\/strong> und die <strong>internationalen Highlights des Jahres<\/strong>, gro\u00dfe <strong>Kino-<\/strong> und gro\u00dfartige <strong>Nachwuchsfilme<\/strong> sowie ein <strong>Best-of-Programm<\/strong>. Ein Fest f\u00fcr den <strong>Dok.Film! <\/strong>Weitere Infos gibts bei <a href=\"https:\/\/www.festivalhopper.de\/festival\/internationales-dokumentarfilmfestival-muenchen-2008\">Festivalhopper<\/a> oder bei <a href=\"https:\/\/www.dokfest-muenchen.de\/\" target=\"_blank\" rel=\"noopener\">www.dokfest-muenchen.de<\/a>.<strong><br \/>\n<\/strong><br \/>\n<em><strong>Der Dokumentarfilm boomt, denn nichts ist spannender als die Realit\u00e4t!<\/strong><\/em><\/p>","protected":false},"excerpt":{"rendered":"<p>Das 23. Internationales Dokumentarfilmfestival M\u00fcnchen 2008 &#8222;DOK.FEST&#8220; findet vom 1.-7. Mai 2008 in M\u00fcnchen statt. In dieser Zeit steht M\u00fcnchen wieder ganz im Zeichen des k\u00fcnstlerischen, langen Dokumentarfilms. Gezeigt werden wieder Erstauff\u00fchrungen und die internationalen Highlights des Jahres, gro\u00dfe Kino- und gro\u00dfartige Nachwuchsfilme sowie ein Best-of-Programm. Ein Fest f\u00fcr den Dok.Film! Weitere Infos gibts bei [&hellip;]<\/p>\n","protected":false},"author":45,"featured_media":0,"comment_status":"open","ping_status":"open","sticky":false,"template":"","format":"standard","meta":{"footnotes":""},"categories":[2,37,33,44,8],"tags":[],"class_list":["post-1229","post","type-post","status-publish","format-standard","hentry","category-festivalnews","category-festivals-2008","category-filme","category-filmfestivals","category-neues-festival"],"_links":{"self":[{"href":"https:\/\/www.festivalhopper.de\/news\/wp-json\/wp\/v2\/posts\/1229","targetHints":{"allow":["GET"]}}],"collection":[{"href":"https:\/\/www.festivalhopper.de\/news\/wp-json\/wp\/v2\/posts"}],"about":[{"href":"https:\/\/www.festivalhopper.de\/news\/wp-json\/wp\/v2\/types\/post"}],"author":[{"embeddable":true,"href":"https:\/\/www.festivalhopper.de\/news\/wp-json\/wp\/v2\/users\/45"}],"replies":[{"embeddable":true,"href":"https:\/\/www.festivalhopper.de\/news\/wp-json\/wp\/v2\/comments?post=1229"}],"version-history":[{"count":1,"href":"https:\/\/www.festivalhopper.de\/news\/wp-json\/wp\/v2\/posts\/1229\/revisions"}],"predecessor-version":[{"id":143025,"href":"https:\/\/www.festivalhopper.de\/news\/wp-json\/wp\/v2\/posts\/1229\/revisions\/143025"}],"wp:attachment":[{"href":"https:\/\/www.festivalhopper.de\/news\/wp-json\/wp\/v2\/media?parent=1229"}],"wp:term":[{"taxonomy":"category","embeddable":true,"href":"https:\/\/www.festivalhopper.de\/news\/wp-json\/wp\/v2\/categories?post=1229"},{"taxonomy":"post_tag","embeddable":true,"href":"https:\/\/www.festivalhopper.de\/news\/wp-json\/wp\/v2\/tags?post=1229"}],"curies":[{"name":"wp","href":"https:\/\/api.w.org\/{rel}","templated":true}]}}