{"id":122752,"date":"2019-07-03T15:20:01","date_gmt":"2019-07-03T13:20:01","guid":{"rendered":"https:\/\/www.festivalhopper.de\/news\/?p=122752"},"modified":"2019-07-05T19:50:30","modified_gmt":"2019-07-05T17:50:30","slug":"erik-manouz-interview-rudolstadt-havanna","status":"publish","type":"post","link":"https:\/\/www.festivalhopper.de\/news\/2019\/07\/03\/erik-manouz-interview-rudolstadt-havanna\/","title":{"rendered":"Ein lauschiges Interview mit Erik Manouz &#8211; &#8222;Flugticket nach Havanna&#8220;"},"content":{"rendered":"<p><a href=\"https:\/\/www.festivalhopper.de\/news\/wp-content\/uploads\/2019\/06\/Erik-Manouz-Interview-P3429.jpg\"><img loading=\"lazy\" decoding=\"async\" class=\"alignleft size-medium wp-image-124900\" src=\"https:\/\/www.festivalhopper.de\/news\/wp-content\/uploads\/2019\/06\/Erik-Manouz-Interview-P3429-300x200.jpg\" alt=\"\" width=\"300\" height=\"200\" srcset=\"https:\/\/www.festivalhopper.de\/news\/wp-content\/uploads\/2019\/06\/Erik-Manouz-Interview-P3429-300x200.jpg 300w, https:\/\/www.festivalhopper.de\/news\/wp-content\/uploads\/2019\/06\/Erik-Manouz-Interview-P3429-768x511.jpg 768w, https:\/\/www.festivalhopper.de\/news\/wp-content\/uploads\/2019\/06\/Erik-Manouz-Interview-P3429.jpg 1024w\" sizes=\"auto, (max-width: 300px) 100vw, 300px\" \/><\/a>Wir haben uns mit <a href=\"https:\/\/www.festivalhopper.de\/bands\/karten\/erik-manouz.php\"><strong>Erik Manouz<\/strong><\/a> im Caf\u00e9-Garten des <strong>Schillerhauses<\/strong> auf dem <a href=\"https:\/\/www.festivalhopper.de\/festival\/rudolstadt-festival-2018\">Rudolstadt-Festival 2018<\/a> verabredet &#8211; pers\u00f6nlich. Da steckt kein Manager dahinter, der am Telefon Termine zuteilt. Man hat gleich am anderen Ende der Leitung gemerkt, dass Erik uns treffen will, weil er gerne \u00fcber sein Leben und seine Musik erz\u00e4hlt.<\/p>\n<p><em>Zum <a href=\"https:\/\/www.festivalhopper.de\/festival\/rudolstadt-festival-2018\">Rudolstadt Festival 2019<\/a>.<\/em><\/p>\n<p><!--more--><\/p>\n<p><a href=\"https:\/\/www.festivalhopper.de\/news\/wp-content\/uploads\/2019\/06\/Erik-Manouz-P3526.jpg\"><img loading=\"lazy\" decoding=\"async\" class=\"alignright size-medium wp-image-124902\" src=\"https:\/\/www.festivalhopper.de\/news\/wp-content\/uploads\/2019\/06\/Erik-Manouz-P3526-300x223.jpg\" alt=\"\" width=\"300\" height=\"223\" srcset=\"https:\/\/www.festivalhopper.de\/news\/wp-content\/uploads\/2019\/06\/Erik-Manouz-P3526-300x223.jpg 300w, https:\/\/www.festivalhopper.de\/news\/wp-content\/uploads\/2019\/06\/Erik-Manouz-P3526-768x571.jpg 768w, https:\/\/www.festivalhopper.de\/news\/wp-content\/uploads\/2019\/06\/Erik-Manouz-P3526.jpg 1024w\" sizes=\"auto, (max-width: 300px) 100vw, 300px\" \/><\/a>Es ist vormittags. Wir sind etwas fr\u00fcher da. Als wir Erik entdecken, wissen wir sofort, dass er es ist. Seine Affinit\u00e4t zu<strong> Latein- und S\u00fcdamerika<\/strong> spiegelt sich in seinem Kleidungsstil und seiner gebr\u00e4unten Haut unstrittig wider. Er strahlt etwas unglaublich Gelassenes und L\u00e4ssiges aus. So gelassen, wie wir ihn wahrnehmen, hat auch seine musikalische Reise begonnen. Mit Schulfreund <strong>Felix Meyer<\/strong> reiste er 1994 als <a href=\"https:\/\/www.festivalhopper.de\/news\/wp-content\/uploads\/2019\/06\/Erik-Manouz-Band-P3534.jpg\"><img loading=\"lazy\" decoding=\"async\" class=\"size-medium wp-image-124901 alignleft\" src=\"https:\/\/www.festivalhopper.de\/news\/wp-content\/uploads\/2019\/06\/Erik-Manouz-Band-P3534-300x200.jpg\" alt=\"\" width=\"300\" height=\"200\" srcset=\"https:\/\/www.festivalhopper.de\/news\/wp-content\/uploads\/2019\/06\/Erik-Manouz-Band-P3534-300x200.jpg 300w, https:\/\/www.festivalhopper.de\/news\/wp-content\/uploads\/2019\/06\/Erik-Manouz-Band-P3534-768x511.jpg 768w, https:\/\/www.festivalhopper.de\/news\/wp-content\/uploads\/2019\/06\/Erik-Manouz-Band-P3534.jpg 1024w\" sizes=\"auto, (max-width: 300px) 100vw, 300px\" \/><\/a>Stra\u00dfenmusiker durch L\u00e4nder wie <strong>Frankreich, Italien, Spanien <\/strong>oder <strong>Kroatien<\/strong>. Auf dieser Reise wurden die beiden Weltenbummler von einem Produzenten entdeckt. Seit dem sind viele Alben mit Felix Meyer entstanden &#8211; 2016 auch Eriks erstes eigenes deutschsprachiges Album <strong>&#8222;Tausend und einen Menschen&#8220;<\/strong>. Ein zweites soll schon in Arbeit sein und er verr\u00e4t uns auch, wann es herauskommen soll. Nach einer herzlichen Begr\u00fc\u00dfung beschlie\u00dfen wir, bei Kaffee und Tee unser Gespr\u00e4ch zu beginnen. <em>(Das zweite Album <strong>&#8222;Auszeit im Irgendwo&#8220;<\/strong> erschien im Fr\u00fchjahr, Anm.d.Red.)<\/em><\/p>\n<p>Festivalhopper: <strong>Unsere erste Frage mag etwas merkw\u00fcrdig sein (grinst). Wo liegt denn eigentlich Beichlingen?<\/strong><strong><br \/>\n<\/strong><\/p>\n<p><strong>ERIK:<\/strong> Ungef\u00e4hr eine Stunde von hier. Eine Freundin von mir macht AcroYoga und dort treffen sich jedes Jahr ein paar Hundert Freaks. Die hatten mich eingeladen, dass ich dort Musik mache. Das ist immer parallel zum Rudolstadt-Festival (es kann sein, dass ich manchmal noch TFF sage, weil das bei mir noch so drin ist). Dieses Jahr habe ich dann mal gesagt, ich klinke mich den Samstagabend aus und spiele dann dort.<\/p>\n<p>Festivalhopper: <strong>Also Du hast mittags auf dem Rudolstadtfestival gespielt, abends dort und bist dann wieder zur\u00fcck nach Rudolstadt. Und heute spielst Du dann nochmal nachmittags auf dem Marktplatz. Und das ist Dir nicht zu viel Fahrerei?<\/strong><\/p>\n<p><strong><a href=\"https:\/\/www.festivalhopper.de\/news\/wp-content\/uploads\/2019\/06\/Erik-Manouz-Band-P3586.jpg\"><img loading=\"lazy\" decoding=\"async\" class=\"alignright size-medium wp-image-124904\" src=\"https:\/\/www.festivalhopper.de\/news\/wp-content\/uploads\/2019\/06\/Erik-Manouz-Band-P3586-300x200.jpg\" alt=\"\" width=\"300\" height=\"200\" srcset=\"https:\/\/www.festivalhopper.de\/news\/wp-content\/uploads\/2019\/06\/Erik-Manouz-Band-P3586-300x200.jpg 300w, https:\/\/www.festivalhopper.de\/news\/wp-content\/uploads\/2019\/06\/Erik-Manouz-Band-P3586-768x511.jpg 768w, https:\/\/www.festivalhopper.de\/news\/wp-content\/uploads\/2019\/06\/Erik-Manouz-Band-P3586.jpg 1024w\" sizes=\"auto, (max-width: 300px) 100vw, 300px\" \/><\/a>ERIK:<\/strong> Ich gucke, dass sich die Balance zwischen zu Hause und unterwegs sein einigerma\u00dfen gesund anf\u00fchlt. Es ist nat\u00fcrlich toll, immer wieder an verschieden Orte zu fahren und viele interessante Menschen zu treffen. Gleichzeitig ist es aber auch wichtig, dass Du nicht den Punkt \u00fcberschreitest, wo Du einfach nicht zur Ruhe kommst. Das auszuloten, ist schon ziemlich herausfordernd. In den letzten Jahren habe ich auch mal gelernt, nein zu sagen und gro\u00dfz\u00fcgiger zu planen.<\/p>\n<p>Festivalhopper: <strong>Dann sind wir besonders froh, dass du uns zugesagt hast.<\/strong><\/p>\n<p><strong>ERIK:<\/strong> Ich freue mich immer, wenn Menschen interessiert sind. Und dass man das, was man macht, mitteilen kann und das Leute erreicht.<\/p>\n<p><iframe loading=\"lazy\" title=\"Erik Manouz - Einfach nur ich (Official Video)\" width=\"500\" height=\"281\" src=\"https:\/\/www.youtube.com\/embed\/Jst-0lmUe5c?feature=oembed\" frameborder=\"0\" allow=\"accelerometer; autoplay; clipboard-write; encrypted-media; gyroscope; picture-in-picture; web-share\" referrerpolicy=\"strict-origin-when-cross-origin\" allowfullscreen><\/iframe><\/p>\n<p>Festivalhopper:<strong> Du bist ja auch schon ganz sch\u00f6n in der Welt &#8218;rumgekommen. Einen ganz besonderen Bezug hast Du zu Latein- und S\u00fcdamerika. Was zieht Dich dorthin?<\/strong><\/p>\n<p><strong>ERIK:<\/strong> Ich kann&#8217;s nicht genau erkl\u00e4ren, was es ist. Aber die lateinamerikanische und spanische Musik hat mich verzaubert. Als ich in L\u00fcneburg vor \u00fcber zwanzig Jahren (grinst) Zivildienst gemacht habe, hatte ich so ein Schl\u00fcsselerlebnis. Da gab&#8217;s diesen Film Buena Vista Social Club von Wim Wenders. Dadurch inspiriert habe ich mir ein Flugticket nach Havanna gekauft, so mit zwanzig. War dann ein halbes Jahr in ganz Mittelamerika unterwegs. Von Kuba nach Mexiko und Guatemala bis nach Costa Rica. Auf dieser Reise habe ich Musikerinnen und Musiker kennengelernt, mit denen ich auch heute noch Musik mache. Ich habe auch schon fr\u00fch spanischsprachige Musik geh\u00f6rt, liebe Flamenco. Bei Musik ist das f\u00fcr mich immer so, dass es mich packen muss. Manchmal ist es ein Text, manchmal ein Groove, wie&#8217;s mich vom Rhythmus her mitnimmt. Manchmal ist es, wie ein bestimmtes Instrument spielt. Es gibt auch gutgemachte elektronische- oder Popmusik, die jetzt nicht stumpf oder beliebig ist. Hauptsache es ber\u00fchrt mich.<\/p>\n<p>Festivalhopper: <strong>Neben deinem Gitarrenspiel bist Du ja auch Percussionist und hast das Hang f\u00fcr Dich entdeckt. Das hat ja auch eine ganz besondere Wirkung.<\/strong><\/p>\n<p><strong><a href=\"https:\/\/www.festivalhopper.de\/news\/wp-content\/uploads\/2019\/06\/Erik-Manouz-RU-P3556.jpg\"><img loading=\"lazy\" decoding=\"async\" class=\"alignright size-medium wp-image-124909\" src=\"https:\/\/www.festivalhopper.de\/news\/wp-content\/uploads\/2019\/06\/Erik-Manouz-RU-P3556-300x200.jpg\" alt=\"\" width=\"300\" height=\"200\" srcset=\"https:\/\/www.festivalhopper.de\/news\/wp-content\/uploads\/2019\/06\/Erik-Manouz-RU-P3556-300x200.jpg 300w, https:\/\/www.festivalhopper.de\/news\/wp-content\/uploads\/2019\/06\/Erik-Manouz-RU-P3556-768x511.jpg 768w, https:\/\/www.festivalhopper.de\/news\/wp-content\/uploads\/2019\/06\/Erik-Manouz-RU-P3556.jpg 1024w\" sizes=\"auto, (max-width: 300px) 100vw, 300px\" \/><\/a>ERIK:<\/strong> Ihr habt euch gut vorbereitet (lacht).<\/p>\n<p>Festivalhopper: <strong>Ja klar, Du bist ja auch ein total interessanter Typ, da gibt\u2019s einiges zu erfragen. Wie kommt man auf so ein Instrument. Inzwischen ist es zwar schon recht ber\u00fchmt geworden, aber hast Du es schon vor dem Hype entdeckt?<\/strong><\/p>\n<p><strong>ERIK:<\/strong> Ja, also es war kurz davor. Ich war in Berlin in meinem Percussionladen des Vertrauens und der Typ meinte, er hat da was ganz Besonderes. Da legt er mir das Hang auf den Scho\u00df und ich fange an zu spielen. Es war sofort Liebe auf den ersten Blick. Angefangen habe ich als kleiner Junge mit Schlagzeug und Percussion, Gitarre kam erst sp\u00e4ter dazu. Es ist als Percussionist ein Traum, wenn Du T\u00f6ne erzeugen kannst und trotzdem perkussiv spielst. Dann ging ein Jahr durchs Land und ich hatte das Hang schon wieder fast vergessen. Da kam es mir wieder in den Sinn, als ich mein Vordiplomkonzert innerhalb meines Musikstudiums (Percussion) in Leipzig vorbereitete. Ich wollte unbedingt ein St\u00fcck damit vortragen. Ich hatte dann unglaublich viel Gl\u00fcck, dass ich dort anrufen konnte und einen Termin vereinbaren konnte. Zwei Jahre sp\u00e4ter ging das nur noch per Brief, weil der Hype so gro\u00df war. Das Hang ist ein ganz besonders Instrument f\u00fcr mich, weil es ein bisschen aus der Rolle f\u00e4llt. Es hat etwas ganz sph\u00e4risches, was die Leute mal so richtig &#8218;runterholt. Das kann man bei einer CD Produktion super als Gew\u00fcrz einstreuen. Mit Felix Meyer habe ich auch einen Song mit Hang gemacht und das hat die Leute total abgeholt.<\/p>\n<p>Festivalhopper: <strong>Mit Felix Meyer hast Du jetzt schon mehrere Alben gemacht. Du machst vor allem Begleitung und er ist der Haupts\u00e4nger. Jetzt hast Du Dein erstes eigenes deutschsprachiges Album herausgebracht, wozu ich gleich etwas detaillierter fragen will. Was ist der Unterschied zwischen der begleitenden und der f\u00fchrenden Rolle?<\/strong><\/p>\n<p><strong><a href=\"https:\/\/www.festivalhopper.de\/news\/wp-content\/uploads\/2019\/06\/Erik-Manouz-P3523.jpg\"><img loading=\"lazy\" decoding=\"async\" class=\"size-medium wp-image-124905 alignleft\" src=\"https:\/\/www.festivalhopper.de\/news\/wp-content\/uploads\/2019\/06\/Erik-Manouz-P3523-300x200.jpg\" alt=\"\" width=\"300\" height=\"200\" srcset=\"https:\/\/www.festivalhopper.de\/news\/wp-content\/uploads\/2019\/06\/Erik-Manouz-P3523-300x200.jpg 300w, https:\/\/www.festivalhopper.de\/news\/wp-content\/uploads\/2019\/06\/Erik-Manouz-P3523-768x511.jpg 768w, https:\/\/www.festivalhopper.de\/news\/wp-content\/uploads\/2019\/06\/Erik-Manouz-P3523.jpg 1024w\" sizes=\"auto, (max-width: 300px) 100vw, 300px\" \/><\/a>ERIK:<\/strong> Wenn Du Protagonist bist und Deine eigenen Lieder singst, erz\u00e4hlst Du ja die Geschichte hinaus zu den Leuten. Du gibst den Liedern und der Musik eine Stimme. Und wenn du begleitest, dann unterst\u00fctzt du eine Protagonistin oder einen Protagonisten dabei musikalisch mit allem was du kannst, zu unterst\u00fctzen und zu tragen. Also das hat eher eine dienende Rolle. Das Dienende ist gar nicht negativ gemeint. Das eine ist nicht wichtiger als das andere. Ich bin gerne an der Seite von K\u00fcnstlern und sorge daf\u00fcr, dass sie sich m\u00f6glichst getragen und wohlf\u00fchlen.<\/p>\n<p>Festivalhopper: <strong>Das ist ganz wunderbar, wenn man beides kann und sich einf\u00fchlen kann.<\/strong><\/p>\n<p><strong>ERIK:<\/strong> Ja, das ist toll. Ich bin da auch unglaublich dankbar, die Wertsch\u00e4tzung von den Musikerinnen und Musikern entgegengebracht zu bekommen, an deren Seite ich musiziere. Jetzt war ich zum Beispiel mit Sarah Lesch unterwegs. Mit Konstantin Wecker durfte ich auch schon spielen.<\/p>\n<p><iframe loading=\"lazy\" title=\"Sarah Lesch &amp; Erik Manouz - Tausend und einen Menschen (K\u00fcchenSession)\" width=\"500\" height=\"281\" src=\"https:\/\/www.youtube.com\/embed\/u2XHsAERIys?start=5&#038;feature=oembed\" frameborder=\"0\" allow=\"accelerometer; autoplay; clipboard-write; encrypted-media; gyroscope; picture-in-picture; web-share\" referrerpolicy=\"strict-origin-when-cross-origin\" allowfullscreen><\/iframe><\/p>\n<p><a href=\"https:\/\/www.amazon.de\/Tausend-Einen-Menschen-Erik-Manouz\/dp\/B01LY6VIRV\/ref=sr_1_2?__mk_de_DE=%C3%85M%C3%85%C5%BD%C3%95%C3%91&amp;keywords=erik+manouz&amp;qid=1562158392\"><img loading=\"lazy\" decoding=\"async\" class=\"alignright wp-image-124917 size-medium\" src=\"https:\/\/www.festivalhopper.de\/news\/wp-content\/uploads\/2019\/07\/Erik-Manouz-Tausend-und-einen-Menschen-300x272.jpg\" alt=\"\" width=\"300\" height=\"272\" srcset=\"https:\/\/www.festivalhopper.de\/news\/wp-content\/uploads\/2019\/07\/Erik-Manouz-Tausend-und-einen-Menschen-300x272.jpg 300w, https:\/\/www.festivalhopper.de\/news\/wp-content\/uploads\/2019\/07\/Erik-Manouz-Tausend-und-einen-Menschen.jpg 532w\" sizes=\"auto, (max-width: 300px) 100vw, 300px\" \/><\/a>Festivalhopper: <strong>Genau, auch Wenzel war ja dabei unter den gro\u00dfen Musikern, mit denen Du schon zusammen gearbeitet hast. Haben Dich diese deutschsprachigen Musiker dazu inspiriert, ein deutschsprachiges Album zu machen?<\/strong><\/p>\n<p><strong>ERIK:<\/strong> Auf jeden Fall. Wenn Du mich vor zehn Jahren gefragt h\u00e4ttest, h\u00e4tte ich nie gedacht, dass ich der deutschen Sprache so viel Raum gebe. Da war ich in einer ganz anderen Phase und habe ganz viel Weltmusik aufgesogen. Auf Spanisch, Franz\u00f6sisch und Englisch. Dennoch waren deutschsprachige Musiker schon ganz fr\u00fch ein Thema f\u00fcr mich. Letztendlich haben mich aber wirklich die Kollegen inspiriert und mir gezeigt, dass man so viel mit dieser Sprache umschreiben, Landschaften malen und dichten kann.<\/p>\n<p>Festivalhopper: <strong>W\u00fcrdest Du sagen, auf Franz\u00f6sisch oder Spanisch zu singen unterscheidet sich davon, auf Deutsch zu singen. Immerhin ist die Sprachmelodie eine ganz andere.<\/strong><\/p>\n<p><strong>ERIK:<\/strong> Auf jeden Fall. Das hat ganz andere Schwingungen und eine ganz andere Musikalit\u00e4t, wenn ich auf Franz\u00f6sisch oder Spanisch singe. Ich glaube, die Qualit\u00e4t der deutschen Sprache liegt nicht in der Phonetik. Klar gibt es W\u00f6rter, die ganz weich und geschwungen klingen. Aber die St\u00e4rke liegt eher darin, was Dichter wie Schiller oder Goethe und andere Poeten angefangen haben zu kultivieren: Das Poetische.<\/p>\n<p>Festivalhopper:<strong> Unter La familia duende fasst du ein Ensemble zusammen, das sich immer wieder aus neuen Musikern zusammensetzt. Wie entstehen solche Kontakte?<\/strong><\/p>\n<p><strong><a href=\"https:\/\/www.festivalhopper.de\/news\/wp-content\/uploads\/2019\/06\/Erik-Manouz-P3546.jpg\"><img loading=\"lazy\" decoding=\"async\" class=\"alignright size-medium wp-image-124906\" src=\"https:\/\/www.festivalhopper.de\/news\/wp-content\/uploads\/2019\/06\/Erik-Manouz-P3546-300x200.jpg\" alt=\"\" width=\"300\" height=\"200\" srcset=\"https:\/\/www.festivalhopper.de\/news\/wp-content\/uploads\/2019\/06\/Erik-Manouz-P3546-300x200.jpg 300w, https:\/\/www.festivalhopper.de\/news\/wp-content\/uploads\/2019\/06\/Erik-Manouz-P3546-768x511.jpg 768w, https:\/\/www.festivalhopper.de\/news\/wp-content\/uploads\/2019\/06\/Erik-Manouz-P3546.jpg 1024w\" sizes=\"auto, (max-width: 300px) 100vw, 300px\" \/><\/a>ERIK:<\/strong> Vor allem durch die vielen Reisen, wo wir uns kennengelernt haben. Wenn ich dann die M\u00f6glichkeit habe, wo zu spielen und ich denke, da passt dieses Projekt rein, dann suche ich mir die K\u00fcnstler zusammen. Heute spiele ich ja nochmal auf dem Marktplatz und da wird\u2019s auch ein bisschen so sein. Es kommt ein Akkordeonist aus Venezuela, den ich aus Leipzig kenne, hinzu. Und eine Geigerin, die habe ich dieses Jahr auf Gomera kennengelernt, jammt auch noch mit. Das ist wirklich ein Geschenk, dass ich immer wieder mit internationalen K\u00fcnstlern zusammenarbeite, die mich sch\u00e4tzen, weil ich sie begleite. Und die bringen dann wieder andere Musiker mit, die ich dann wiederum kennenlerne. Wenn da so eine Offenheit herrscht, dann ist das wie eine Spielwiese mit Spielgef\u00e4hrten. Es hei\u00dft ja nicht umsonst: Wir spielen zusammen. Es ist wirklich ein gro\u00dfes Geschenk, wenn man sich \u00fcber die Musik trifft, die ja eine universelle Sprache spricht. Ich war letztes Jahr hier bei einem Projekt dabei von einem schottischen Dichter und da waren 35 Musikerinnen und Musiker aus aller Welt dabei. Jamaikanische S\u00e4ngerinnen, eine schottische Band, eine \u00e4thiopische Band, eine S\u00e4ngerin aus Nordschweden und alle haben zusammen Musik gemacht. Sowas liebe ich und bei solchen Veranstaltungen entstehen auch Kontakte. Da kannst Du bei einer neuen CD den einen fragen, ob er mal mit dem Akkordeon und den anderen, ob er mal mit der Trompete dr\u00fcber spielen kann. Danach baust Du das im Studio mit ein. Die familia duende ist eben ein Projekt, wo ich mir die Leute zusammensuche, dann wird geprobt und dann spielen wir das.<\/p>\n<p><iframe loading=\"lazy\" title=\"Erik Manouz - Auszeit im Irgendwo - EPK\" width=\"500\" height=\"281\" src=\"https:\/\/www.youtube.com\/embed\/iKDMGG2BGUU?feature=oembed\" frameborder=\"0\" allow=\"accelerometer; autoplay; clipboard-write; encrypted-media; gyroscope; picture-in-picture; web-share\" referrerpolicy=\"strict-origin-when-cross-origin\" allowfullscreen><\/iframe><\/p>\n<p>Festivalhopper: <strong>Apropos neue CD: Du hast eine gro\u00dfe Crowdfoundingaktion am Laufen, um, wie Dein erstes Album, auch Dein zweites Album finanzieren zu k\u00f6nnen. Dort bietest Du drei Pakete an und eines davon ist, dass du zu den Leuten nach Hause kommst und ihnen ein privates Konzert gibst &#8211; im Wohnzimmer, oder auch in K\u00fcche oder Bad. Wie l\u00e4uft so etwas ab?<\/strong><\/p>\n<p><strong>ERIK:<\/strong> Das sind ganz oft Leute, die mich schon einmal irgendwo geh\u00f6rt haben oder denen meine Musik gef\u00e4llt und zum Teil Freunde, die sich zusammenschmei\u00dfen und mich dann einladen. Oder manche haben eine Feier und ich spiele dann dort.<\/p>\n<p>Festivalhopper: <strong>Also auch mal bei einem Geburtstag vom Onkel oder der Tante.<\/strong><\/p>\n<p><strong>ERIK:<\/strong> Genau. Mir ist aber wichtig, dass ich da nicht so wie ein Gebuchter dastehe, um die Leute zu unterhalten. Es ist wirklich ein Gegengeschenk, dass sie mein Album unterst\u00fctzen. Und ich schenke ihnen, dass ich dorthin fahre und meine Lieder spiele. Das waren immer sehr sch\u00f6ne Abende.<a href=\"https:\/\/www.amazon.de\/Auszeit-im-Irgendwo-Erik-Manouz\/dp\/B07PDTXZ8K\/ref=sr_1_1?__mk_de_DE=%C3%85M%C3%85%C5%BD%C3%95%C3%91&amp;keywords=erik+manouz&amp;qid=1562158193\"><img loading=\"lazy\" decoding=\"async\" class=\"alignright wp-image-124916 size-medium\" src=\"https:\/\/www.festivalhopper.de\/news\/wp-content\/uploads\/2019\/07\/Erik-Manouz-Auszeit-im-Irgendwo-300x258.jpg\" alt=\"\" width=\"300\" height=\"258\" srcset=\"https:\/\/www.festivalhopper.de\/news\/wp-content\/uploads\/2019\/07\/Erik-Manouz-Auszeit-im-Irgendwo-300x258.jpg 300w, https:\/\/www.festivalhopper.de\/news\/wp-content\/uploads\/2019\/07\/Erik-Manouz-Auszeit-im-Irgendwo.jpg 568w\" sizes=\"auto, (max-width: 300px) 100vw, 300px\" \/><\/a><\/p>\n<p>Festivalhopper: <strong>Und wie lang geht so ein inklusives Konzert von Dir?<\/strong><\/p>\n<p><strong>ERIK:<\/strong> Also meistens so zweimal 45 Minuten plus minus.<\/p>\n<p>Festivalhopper: <strong>Und wann k\u00f6nnen wir uns auf Dein n\u00e4chstes Album freuen?<\/strong><\/p>\n<p><strong>ERIK:<\/strong> Das n\u00e4chste Album ist geplant im Januar \/ Februar \/ M\u00e4rz n\u00e4chsten Jahres. Ich gehe im Oktober ins Studio. <em>(Das Album ist inzwischen erschienen &#8222;Auszeit im Irgendwo&#8220;, siehe rechts, Anm.d.Red.)<\/em><\/p>\n<p>Festivalhopper:<strong> Unsere Leserinnen und Leser interessiert es auch immer, wie so Deine Festivalerfahrungen sind. Nicht nur als der, der selbst dort auftritt, sondern auch als privater Gast.<\/strong><\/p>\n<p><strong>ERIK:<\/strong> Es gibt so viele Festivals. Mich reizen vor allem solche, die nicht zu gro\u00df sind und wo eine famili\u00e4re Stimmung herrscht. Das liebe ich auch am TFF. Es geht nat\u00fcrlich um die Musik, aber ich kann darauf vertrauen, dass egal wer da spielt, wird es gut. Es geht auch ums ganze Drumherum und wenn das liebevoll gemacht ist und die richtigen Leute zusammenkommen, ist es einfach ein geiles Festival. Damit will ich sagen, dass nicht nur die Artists das Festival ausmachen, sondern auch die Leute, die dort hinkommen und das Festival gestalten und dass das so ein Zusammenspiel ist. Was ich auch total liebe ist ein kleines famili\u00e4res Festival bei Leipzig, das <a href=\"https:\/\/www.festivalhopper.de\/festival\/ancient-trance-maultrommelfestival-2019\">Ancient Trance<\/a> (das Maultrommelfestival, Anm.d.Red.).<\/p>\n<p>Festivalhopper: D<strong>as haben wir auch gelistet, waren aber noch nie dort. Da sollten wir dann wohl mal hin<\/strong>.<\/p>\n<p><strong>ERIK:<\/strong> Ja, auf jeden Fall. Dieses Jahr machen sie Pause. Das ist alle drei Jahre so. Da kommen f\u00fcnf- bis sechstausend Leute hin und das ist ein bisschen wie das Rudolstadt Festival in klein, nur mit noch etwas j\u00fcngerem Publikum und etwas hippim\u00e4\u00dfiger. Total sch\u00f6n.<\/p>\n<p>Festivalhopper: <strong>\u00dcber Empfehlungen freuen wir uns und unsere Leserinnen und Leser immer sehr. Gibt\u2019s noch eine weitere?<\/strong><\/p>\n<p><strong>ERIK:<\/strong> Wie schon gesagt, nicht diese riesigen Festivals. Oder auch Umsonst- und Drau\u00dfen Festivals. Nicht diese kommerziellen Festivals, wo Du eine Stunde brauchst auf Toilette und wieder zur\u00fcck oder durch tausende Leute musst und Platzangst bekommst. Sowas mag ich nicht. Auch wenn es nat\u00fcrlich auch mal geil ist auf einer riesigen B\u00fchne mit vielen Zuschauern zu spielen. Ich durfte letztes Jahr auf dem <a href=\"https:\/\/www.festivalhopper.de\/festival\/burg-herzberg-festival-2019\">Burg Herzberg Festival<\/a> spielen mit Felix Meyer und das war echt cool. Petti Smith hat da gespielt und wir durften Backstage sein. Da habe ich einmal den Handyschwenk gemacht \u00fcber 1000 Leute, das hat schon auch was. Das <a href=\"https:\/\/www.festivalhopper.de\/festival\/fusion-festival-2019\">Fusion Festival<\/a> finde ich auch gut. Dort habe ich auch ein paar mal gespielt, aber das kennt ihr ja auch. Das brauche ich ja nicht zu empfehlen.<\/p>\n<p>Festivalhopper: <strong>Klar, auch gro\u00dfe Festivals d\u00fcrfen empfohlen werden. Das Burg Herzberg Festival ist ja eines, wo auch Leute hingehen, denen das Rudolstadt-Festival inzwischen zu gro\u00df geworden ist.<\/strong><\/p>\n<p><strong><a href=\"https:\/\/www.festivalhopper.de\/news\/wp-content\/uploads\/2019\/06\/Erik-Manouz-Rudolstadt-P3615.jpg\"><img loading=\"lazy\" decoding=\"async\" class=\"size-medium wp-image-124908 alignright\" src=\"https:\/\/www.festivalhopper.de\/news\/wp-content\/uploads\/2019\/06\/Erik-Manouz-Rudolstadt-P3615-300x200.jpg\" alt=\"\" width=\"300\" height=\"200\" srcset=\"https:\/\/www.festivalhopper.de\/news\/wp-content\/uploads\/2019\/06\/Erik-Manouz-Rudolstadt-P3615-300x200.jpg 300w, https:\/\/www.festivalhopper.de\/news\/wp-content\/uploads\/2019\/06\/Erik-Manouz-Rudolstadt-P3615-768x511.jpg 768w, https:\/\/www.festivalhopper.de\/news\/wp-content\/uploads\/2019\/06\/Erik-Manouz-Rudolstadt-P3615.jpg 1024w\" sizes=\"auto, (max-width: 300px) 100vw, 300px\" \/><\/a>ERIK:<\/strong> Ich finde es hier in Rudolstadt aber absolut entspannt, weil sich alles verl\u00e4uft. Klar, Samstagabend im Park oder wenn jemand auf der Heidecksburg spielt, wo alle hin wollen, dann wird&#8217;s eng. Aber das ganze Arreal ist ja in die gesamte Stadt integriert.<\/p>\n<p>Festivalhopper:<strong> Und dann hat man hier so eine sch\u00f6ne Ecke, wo man einfach mal hinlaufen und Kaffee trinken kann. Wir freuen uns sehr auf Dein Konzert heute Nachmittag auf dem Marktplatz.<\/strong><\/p>\n<p><strong>ERIK:<\/strong> Ja, es wird auf jeden Fall toll. Wir verst\u00e4rken es auch, rollen den Teppich aus. Das wird eine sch\u00f6ne Traube geben.<\/p>\n<p>Festivalhopper: <strong>Vielen lieben Dank f\u00fcr Deine entspannte Art. So eine Gelassenheit in einem Interview erlebt man selten.<\/strong><\/p>\n<ul>\n<li><a href=\"https:\/\/www.festivalhopper.de\/bands\/karten\/erik-manouz.php\">Erik Manouz<\/a> im Internet unter <a href=\"http:\/\/www.manouz.de\/\">www.manouz.de<\/a>.<\/li>\n<li><strong>Erik Manouz<\/strong> <a href=\"https:\/\/www.facebook.com\/manouzmusic\/\">bei Facebook<\/a><\/li>\n<li><strong>Erik Manouz<\/strong> <a href=\"https:\/\/www.instagram.com\/manouzerik\/\">bei Instagram<\/a><\/li>\n<li><strong>Erik Manouz<\/strong> Newsletter bestellen unter <strong>buschfunk[\u00e4tt]manouz.de<\/strong><\/li>\n<\/ul>\n<p><a href=\"https:\/\/www.amazon.de\/Tausend-Einen-Menschen-Erik-Manouz\/dp\/B01LY6VIRV\/ref=sr_1_2?__mk_de_DE=%C3%85M%C3%85%C5%BD%C3%95%C3%91&amp;keywords=erik+manouz&amp;qid=1562158392\"><img loading=\"lazy\" decoding=\"async\" class=\"alignnone wp-image-124917\" src=\"https:\/\/www.festivalhopper.de\/news\/wp-content\/uploads\/2019\/07\/Erik-Manouz-Tausend-und-einen-Menschen-300x272.jpg\" alt=\"\" width=\"264\" height=\"240\" srcset=\"https:\/\/www.festivalhopper.de\/news\/wp-content\/uploads\/2019\/07\/Erik-Manouz-Tausend-und-einen-Menschen-300x272.jpg 300w, https:\/\/www.festivalhopper.de\/news\/wp-content\/uploads\/2019\/07\/Erik-Manouz-Tausend-und-einen-Menschen.jpg 532w\" sizes=\"auto, (max-width: 264px) 100vw, 264px\" \/><\/a> <a href=\"https:\/\/www.amazon.de\/Auszeit-im-Irgendwo-Erik-Manouz\/dp\/B07PDTXZ8K\"><img loading=\"lazy\" decoding=\"async\" class=\"alignnone wp-image-124916\" src=\"https:\/\/www.festivalhopper.de\/news\/wp-content\/uploads\/2019\/07\/Erik-Manouz-Auszeit-im-Irgendwo-300x258.jpg\" alt=\"\" width=\"279\" height=\"240\" srcset=\"https:\/\/www.festivalhopper.de\/news\/wp-content\/uploads\/2019\/07\/Erik-Manouz-Auszeit-im-Irgendwo-300x258.jpg 300w, https:\/\/www.festivalhopper.de\/news\/wp-content\/uploads\/2019\/07\/Erik-Manouz-Auszeit-im-Irgendwo.jpg 568w\" sizes=\"auto, (max-width: 279px) 100vw, 279px\" \/><\/a><\/p>\n<p><a href=\"https:\/\/www.festivalhopper.de\/news\/wp-content\/uploads\/2019\/07\/Erik-Manouz-RU2019-P4652.jpg\"><img loading=\"lazy\" decoding=\"async\" class=\"alignnone wp-image-125080\" src=\"https:\/\/www.festivalhopper.de\/news\/wp-content\/uploads\/2019\/07\/Erik-Manouz-RU2019-P4652-300x200.jpg\" alt=\"\" width=\"270\" height=\"180\" srcset=\"https:\/\/www.festivalhopper.de\/news\/wp-content\/uploads\/2019\/07\/Erik-Manouz-RU2019-P4652-300x200.jpg 300w, https:\/\/www.festivalhopper.de\/news\/wp-content\/uploads\/2019\/07\/Erik-Manouz-RU2019-P4652-768x512.jpg 768w, https:\/\/www.festivalhopper.de\/news\/wp-content\/uploads\/2019\/07\/Erik-Manouz-RU2019-P4652.jpg 1024w\" sizes=\"auto, (max-width: 270px) 100vw, 270px\" \/><\/a> <a href=\"https:\/\/www.festivalhopper.de\/news\/wp-content\/uploads\/2019\/07\/Erik-Manouz-RU2019-P4558.jpg\"><img loading=\"lazy\" decoding=\"async\" class=\"alignnone wp-image-125078\" src=\"https:\/\/www.festivalhopper.de\/news\/wp-content\/uploads\/2019\/07\/Erik-Manouz-RU2019-P4558-300x200.jpg\" alt=\"\" width=\"271\" height=\"180\" srcset=\"https:\/\/www.festivalhopper.de\/news\/wp-content\/uploads\/2019\/07\/Erik-Manouz-RU2019-P4558-300x200.jpg 300w, https:\/\/www.festivalhopper.de\/news\/wp-content\/uploads\/2019\/07\/Erik-Manouz-RU2019-P4558-768x512.jpg 768w, https:\/\/www.festivalhopper.de\/news\/wp-content\/uploads\/2019\/07\/Erik-Manouz-RU2019-P4558.jpg 1024w\" sizes=\"auto, (max-width: 271px) 100vw, 271px\" \/><\/a><\/p>\n<p><em><strong> <a href=\"https:\/\/www.festivalhopper.de\/news\/wp-content\/uploads\/2019\/07\/Erik-Manouz-RU2019-P4570.jpg\"><img loading=\"lazy\" decoding=\"async\" class=\"size-medium wp-image-125079 alignright\" src=\"https:\/\/www.festivalhopper.de\/news\/wp-content\/uploads\/2019\/07\/Erik-Manouz-RU2019-P4570-300x200.jpg\" alt=\"\" width=\"300\" height=\"200\" srcset=\"https:\/\/www.festivalhopper.de\/news\/wp-content\/uploads\/2019\/07\/Erik-Manouz-RU2019-P4570-300x200.jpg 300w, https:\/\/www.festivalhopper.de\/news\/wp-content\/uploads\/2019\/07\/Erik-Manouz-RU2019-P4570-768x512.jpg 768w, https:\/\/www.festivalhopper.de\/news\/wp-content\/uploads\/2019\/07\/Erik-Manouz-RU2019-P4570.jpg 1024w\" sizes=\"auto, (max-width: 300px) 100vw, 300px\" \/><\/a> Erik Manouz<\/strong> findet ihr <strong>auch 2019 auf dem Rudolstadt Festival<\/strong> &#8211; dieses Mal jedoch nicht im offiziellen Programm. Aber haltet die Augen offen, ihr findet ihn in der Stadt als Stra\u00dfenmusikant! Es gibt auch noch gen\u00fcgend weitere M\u00f6glichkeiten ihn in n\u00e4chster Zeit live zu erleben:<\/em><\/p>\n<blockquote><p>Sa, 13.07. \/ 20:30 \/ <strong>Karlsruhe<\/strong> \/ Badisches Museum (Katja Moslehner &amp; Band)<br \/>\nFr, 26.07. \/ 20:00 \/ <strong>Braunschweig<\/strong> \/ BKULT (Sarah Lesch im Duo)<br \/>\nFr, 16.08. \/ 19:30 \/ <strong>L\u00fcneburg<\/strong> \/ Schr\u00f6ders Garten (Felix Meyer &amp; Band)<br \/>\nDo, 22.08. \/ 19:30 \/ <strong>Berlin<\/strong> \/ Br\u00fcdergemeine (Shimshai &amp; Aquario)<br \/>\nFr, 23.08. \/ 19:00 \/ <strong>Horn- Bad Meinberg<\/strong> \/ Xperience Festival (Shimshai &amp; Aquario)<br \/>\nSo, 25.08. \/ 13:00 \/ <strong>Horn- Bad Meinberg<\/strong> \/ Xperience Festival (Aquario)<br \/>\nSo, 25.08. \/ 20:00 \/ <strong>G\u00f6ttingen<\/strong> \/ Musa &#8211; Probeb\u00fchne (Shimshai &amp; Aquario)<br \/>\nDi, 27.08. \/ 19:30 \/ <strong>Amsterdam<\/strong> \/ Amstelkerk (Shimshai &amp; Aquario)<br \/>\nMi, 28.08. \/ 19:00 \/ <strong>Prag<\/strong> \/ tba (Shimshai &amp; Aquario)<br \/>\nDo, 29.08. \/ 20:00 \/ <strong>Kumberg bei Graz<\/strong> \/ Sonnenhof (Shimshai &amp; Aquario)<br \/>\nFr, 30.08. \/ 20:30 \/ <strong>Z\u00fcrich<\/strong> \/ Volkshaus (Shimshai &amp; Aquario)<br \/>\nSa, 31.08. \/ 20:00 \/ <strong>Burkersdorf<\/strong> \/ Ananda Spirit Festival (Shimshai &amp; Aquario)<br \/>\nMo, 02.09. \/ 20:30 \/ <strong>Leipzig<\/strong> \/ Edda &amp; Co (Shimshai &amp; Aquario)<br \/>\nDi, 03.09. \/ 19:00 \/ <strong>Copenhagen<\/strong> \/ Unitarernes Hus (Shimshai &amp; Aquario)<br \/>\nDi, 03.09. \/ 19:00 \/ <strong>Leipzig<\/strong> \/ Edda &amp; Co (Shimshai &amp; Aquario)<br \/>\nMi, 04.09. \/ 20:00 \/ <strong>K\u00f6ln<\/strong> \/ Osho UTA (Shimshai &amp; Aquario)<br \/>\nDo, 05.09. \/ 20:00 \/ <strong>Freiburg<\/strong> \/ YoSe (Shimshai &amp; Aquario)<br \/>\nFr, 06.09. \/ 20:30 \/ <strong>\u00dcberlingen<\/strong> \/ YogaFestival Bodensee (Shimshai &amp; Aquario)<\/p><\/blockquote>\n<p>&nbsp;<\/p>","protected":false},"excerpt":{"rendered":"<p>Wir haben uns mit Erik Manouz im Caf\u00e9-Garten des Schillerhauses auf dem Rudolstadt-Festival 2018 verabredet &#8211; pers\u00f6nlich. Da steckt kein Manager dahinter, der am Telefon Termine zuteilt. Man hat gleich am anderen Ende der Leitung gemerkt, dass Erik uns treffen will, weil er gerne \u00fcber sein Leben und seine Musik erz\u00e4hlt. Zum Rudolstadt Festival 2019.<\/p>\n","protected":false},"author":645,"featured_media":0,"comment_status":"open","ping_status":"open","sticky":false,"template":"","format":"standard","meta":{"footnotes":""},"categories":[35,7,2,1245,284,595,12],"tags":[],"class_list":["post-122752","post","type-post","status-publish","format-standard","hentry","category-festivalberichte","category-festivalbilder","category-festivalnews","category-festivals-2018","category-folk-festivals","category-interview","category-liedermaching"],"_links":{"self":[{"href":"https:\/\/www.festivalhopper.de\/news\/wp-json\/wp\/v2\/posts\/122752","targetHints":{"allow":["GET"]}}],"collection":[{"href":"https:\/\/www.festivalhopper.de\/news\/wp-json\/wp\/v2\/posts"}],"about":[{"href":"https:\/\/www.festivalhopper.de\/news\/wp-json\/wp\/v2\/types\/post"}],"author":[{"embeddable":true,"href":"https:\/\/www.festivalhopper.de\/news\/wp-json\/wp\/v2\/users\/645"}],"replies":[{"embeddable":true,"href":"https:\/\/www.festivalhopper.de\/news\/wp-json\/wp\/v2\/comments?post=122752"}],"version-history":[{"count":5,"href":"https:\/\/www.festivalhopper.de\/news\/wp-json\/wp\/v2\/posts\/122752\/revisions"}],"predecessor-version":[{"id":125081,"href":"https:\/\/www.festivalhopper.de\/news\/wp-json\/wp\/v2\/posts\/122752\/revisions\/125081"}],"wp:attachment":[{"href":"https:\/\/www.festivalhopper.de\/news\/wp-json\/wp\/v2\/media?parent=122752"}],"wp:term":[{"taxonomy":"category","embeddable":true,"href":"https:\/\/www.festivalhopper.de\/news\/wp-json\/wp\/v2\/categories?post=122752"},{"taxonomy":"post_tag","embeddable":true,"href":"https:\/\/www.festivalhopper.de\/news\/wp-json\/wp\/v2\/tags?post=122752"}],"curies":[{"name":"wp","href":"https:\/\/api.w.org\/{rel}","templated":true}]}}