{"id":122581,"date":"2018-07-06T12:37:46","date_gmt":"2018-07-06T10:37:46","guid":{"rendered":"https:\/\/www.festivalhopper.de\/news\/?p=122581"},"modified":"2018-07-08T04:54:21","modified_gmt":"2018-07-08T02:54:21","slug":"womens-time-to-unite-eroeffnung-rudolstadt","status":"publish","type":"post","link":"https:\/\/www.festivalhopper.de\/news\/2018\/07\/06\/womens-time-to-unite-eroeffnung-rudolstadt\/","title":{"rendered":"It&#8217;s women&#8217;s time to unite &#8211; Er\u00f6ffnungskonzert Rudolstadt Festival 2018"},"content":{"rendered":"<p><a href=\"https:\/\/www.festivalhopper.de\/news\/wp-content\/uploads\/2018\/07\/Yael-Deckelbaum-Rudolstadt.jpg\"><img loading=\"lazy\" decoding=\"async\" class=\"alignleft size-medium wp-image-122604\" src=\"https:\/\/www.festivalhopper.de\/news\/wp-content\/uploads\/2018\/07\/Yael-Deckelbaum-Rudolstadt-300x200.jpg\" alt=\"\" width=\"300\" height=\"200\" srcset=\"https:\/\/www.festivalhopper.de\/news\/wp-content\/uploads\/2018\/07\/Yael-Deckelbaum-Rudolstadt-300x200.jpg 300w, https:\/\/www.festivalhopper.de\/news\/wp-content\/uploads\/2018\/07\/Yael-Deckelbaum-Rudolstadt-768x513.jpg 768w, https:\/\/www.festivalhopper.de\/news\/wp-content\/uploads\/2018\/07\/Yael-Deckelbaum-Rudolstadt.jpg 1024w\" sizes=\"auto, (max-width: 300px) 100vw, 300px\" \/><\/a>Mit dieser starken Botschaft er\u00f6ffneten <a href=\"https:\/\/www.festivalhopper.de\/bands\/karten\/yael-deckelbaum-the-prayer-of-the-mothers-ensemble.php\">Yael Deckelbaum &amp; The Mothers<\/a> am Donnerstagabend das <strong>28. <a href=\"https:\/\/www.festivalhopper.de\/festival\/rudolstadt-festival-2018\">Rudolstadt Festival<\/a><\/strong>. Die israelisch-kanadische S\u00e4ngerin ist aktuell mit ihrem Engagement f\u00fcr die Friedensaktivit\u00e4ten <i>Woman Wage Peace <\/i>bekannt, f\u00fcr welche sie die Hymne <i>Prayer of the Mothers<\/i> schrieb. In einem wei\u00dfen Kleid betrat sie 21 Uhr die Gro\u00dfe B\u00fchne im Heinepark, griff zur roten E-Gitarre und war bereits jetzt eine Aussage f\u00fcr sich.<\/p>\n<p><!--more--><\/p>\n<p><a href=\"https:\/\/www.festivalhopper.de\/news\/wp-content\/uploads\/2018\/07\/yael7.jpg\"><img loading=\"lazy\" decoding=\"async\" class=\"alignright size-medium wp-image-122588\" src=\"https:\/\/www.festivalhopper.de\/news\/wp-content\/uploads\/2018\/07\/yael7-300x200.jpg\" alt=\"\" width=\"300\" height=\"200\" srcset=\"https:\/\/www.festivalhopper.de\/news\/wp-content\/uploads\/2018\/07\/yael7-300x200.jpg 300w, https:\/\/www.festivalhopper.de\/news\/wp-content\/uploads\/2018\/07\/yael7-768x512.jpg 768w, https:\/\/www.festivalhopper.de\/news\/wp-content\/uploads\/2018\/07\/yael7.jpg 1024w\" sizes=\"auto, (max-width: 300px) 100vw, 300px\" \/><\/a>Die acht Frauen legten auch sogleich tiefsinnig los und zogen die Menge in ihren Bann. Dass es heftig regnete schien keinen Einfluss zu haben \u2013 die bunten Schirme und Regencapes erzeugten ihre ganz eigene Stimmung. \u201eGib nicht auf, tr\u00e4ume weiter \u2013 von Frieden und Wohlstand\u201c. Verpackt in eing\u00e4ngige Melodien trugen sie ihre Texte in einem abgestimmten Wechsel zwischen groovigen Rhythmen und Folklore in die Menge.<\/p>\n<p>So individuell wie die einzelnen Frauen waren auch die musikalischen Einsch\u00fcbe \u2013 von hebr\u00e4ischer und arabischer Sprache bis hin zu Soli an Schlagzeug und Perkussion \u2013 alles wirkte miteinander verwoben und verband die Musikerinnen auf der B\u00fchne. Yael Deckelbaum stellte auch immer wieder den Kontakt zum Publikum her und begeisterte mit ihrer dynamischen, kraftvollen Art.<\/p>\n<p><a href=\"https:\/\/www.festivalhopper.de\/news\/wp-content\/uploads\/2018\/07\/yael5.jpg\"><img loading=\"lazy\" decoding=\"async\" class=\"size-medium wp-image-122586 alignleft\" src=\"https:\/\/www.festivalhopper.de\/news\/wp-content\/uploads\/2018\/07\/yael5-300x192.jpg\" alt=\"\" width=\"300\" height=\"192\" srcset=\"https:\/\/www.festivalhopper.de\/news\/wp-content\/uploads\/2018\/07\/yael5-300x192.jpg 300w, https:\/\/www.festivalhopper.de\/news\/wp-content\/uploads\/2018\/07\/yael5-768x491.jpg 768w, https:\/\/www.festivalhopper.de\/news\/wp-content\/uploads\/2018\/07\/yael5.jpg 1024w\" sizes=\"auto, (max-width: 300px) 100vw, 300px\" \/><\/a>&#8222;Lasst uns zusammen singen!&#8220; rief sie ihren Zuh\u00f6rern zu. Dass alle gemeinsam Textpassagen \u00fcber Liebe und Freiheit summten, mag ganz in der Intention der K\u00fcnstlerin gewesen sein \u2013 sich im Sinne des Friedens zu verbinden. Lie\u00df man den Blick \u00fcber die vertr\u00e4umt schunkelnden Besucher schweifen, hat sie dies auch erreicht. Und so im Einklang fiel es dem Publikum nicht schwer, die Band zu einer ausgiebigen Zugabe zu \u00fcberreden. <strong>Ein emotionaler Auftakt des vier-t\u00e4gigen Festivals, der es schlussendlich sogar schaffte, den Regen zu beenden.<\/strong><\/p>\n\n\t\t<style type=\"text\/css\">\n\t\t\t#gallery-1 {\n\t\t\t\tmargin: auto;\n\t\t\t}\n\t\t\t#gallery-1 .gallery-item {\n\t\t\t\tfloat: left;\n\t\t\t\tmargin-top: 10px;\n\t\t\t\ttext-align: center;\n\t\t\t\twidth: 25%;\n\t\t\t}\n\t\t\t#gallery-1 img {\n\t\t\t\tborder: 2px solid #cfcfcf;\n\t\t\t}\n\t\t\t#gallery-1 .gallery-caption {\n\t\t\t\tmargin-left: 0;\n\t\t\t}\n\t\t\t\/* see gallery_shortcode() in wp-includes\/media.php *\/\n\t\t<\/style>\n\t\t<div id='gallery-1' class='gallery galleryid-122581 gallery-columns-4 gallery-size-thumbnail'><dl class='gallery-item'>\n\t\t\t<dt class='gallery-icon landscape'>\n\t\t\t\t<a href='https:\/\/www.festivalhopper.de\/news\/wp-content\/uploads\/2018\/07\/yael7.jpg'><img loading=\"lazy\" decoding=\"async\" width=\"150\" height=\"150\" src=\"https:\/\/www.festivalhopper.de\/news\/wp-content\/uploads\/2018\/07\/yael7-150x150.jpg\" class=\"attachment-thumbnail size-thumbnail\" alt=\"\" \/><\/a>\n\t\t\t<\/dt><\/dl><dl class='gallery-item'>\n\t\t\t<dt class='gallery-icon landscape'>\n\t\t\t\t<a href='https:\/\/www.festivalhopper.de\/news\/wp-content\/uploads\/2018\/07\/yael4.jpg'><img loading=\"lazy\" decoding=\"async\" width=\"150\" height=\"150\" src=\"https:\/\/www.festivalhopper.de\/news\/wp-content\/uploads\/2018\/07\/yael4-150x150.jpg\" class=\"attachment-thumbnail size-thumbnail\" alt=\"\" \/><\/a>\n\t\t\t<\/dt><\/dl><dl class='gallery-item'>\n\t\t\t<dt class='gallery-icon landscape'>\n\t\t\t\t<a href='https:\/\/www.festivalhopper.de\/news\/wp-content\/uploads\/2018\/07\/yael8.jpg'><img loading=\"lazy\" decoding=\"async\" width=\"150\" height=\"150\" src=\"https:\/\/www.festivalhopper.de\/news\/wp-content\/uploads\/2018\/07\/yael8-150x150.jpg\" class=\"attachment-thumbnail size-thumbnail\" alt=\"\" \/><\/a>\n\t\t\t<\/dt><\/dl><dl class='gallery-item'>\n\t\t\t<dt class='gallery-icon portrait'>\n\t\t\t\t<a href='https:\/\/www.festivalhopper.de\/news\/wp-content\/uploads\/2018\/07\/yael6.jpg'><img loading=\"lazy\" decoding=\"async\" width=\"150\" height=\"150\" src=\"https:\/\/www.festivalhopper.de\/news\/wp-content\/uploads\/2018\/07\/yael6-150x150.jpg\" class=\"attachment-thumbnail size-thumbnail\" alt=\"\" \/><\/a>\n\t\t\t<\/dt><\/dl><br style=\"clear: both\" \/><dl class='gallery-item'>\n\t\t\t<dt class='gallery-icon portrait'>\n\t\t\t\t<a href='https:\/\/www.festivalhopper.de\/news\/wp-content\/uploads\/2018\/07\/yael.jpg'><img loading=\"lazy\" decoding=\"async\" width=\"150\" height=\"150\" src=\"https:\/\/www.festivalhopper.de\/news\/wp-content\/uploads\/2018\/07\/yael-150x150.jpg\" class=\"attachment-thumbnail size-thumbnail\" alt=\"\" \/><\/a>\n\t\t\t<\/dt><\/dl><dl class='gallery-item'>\n\t\t\t<dt class='gallery-icon landscape'>\n\t\t\t\t<a href='https:\/\/www.festivalhopper.de\/news\/wp-content\/uploads\/2018\/07\/yael1.jpg'><img loading=\"lazy\" decoding=\"async\" width=\"150\" height=\"150\" src=\"https:\/\/www.festivalhopper.de\/news\/wp-content\/uploads\/2018\/07\/yael1-150x150.jpg\" class=\"attachment-thumbnail size-thumbnail\" alt=\"\" \/><\/a>\n\t\t\t<\/dt><\/dl><dl class='gallery-item'>\n\t\t\t<dt class='gallery-icon portrait'>\n\t\t\t\t<a href='https:\/\/www.festivalhopper.de\/news\/wp-content\/uploads\/2018\/07\/yael9.jpg'><img loading=\"lazy\" decoding=\"async\" width=\"150\" height=\"150\" src=\"https:\/\/www.festivalhopper.de\/news\/wp-content\/uploads\/2018\/07\/yael9-150x150.jpg\" class=\"attachment-thumbnail size-thumbnail\" alt=\"\" \/><\/a>\n\t\t\t<\/dt><\/dl><dl class='gallery-item'>\n\t\t\t<dt class='gallery-icon landscape'>\n\t\t\t\t<a href='https:\/\/www.festivalhopper.de\/news\/wp-content\/uploads\/2018\/07\/yael5.jpg'><img loading=\"lazy\" decoding=\"async\" width=\"150\" height=\"150\" src=\"https:\/\/www.festivalhopper.de\/news\/wp-content\/uploads\/2018\/07\/yael5-150x150.jpg\" class=\"attachment-thumbnail size-thumbnail\" alt=\"\" \/><\/a>\n\t\t\t<\/dt><\/dl><br style=\"clear: both\" \/><dl class='gallery-item'>\n\t\t\t<dt class='gallery-icon landscape'>\n\t\t\t\t<a href='https:\/\/www.festivalhopper.de\/news\/wp-content\/uploads\/2018\/07\/yael-2.jpg'><img loading=\"lazy\" decoding=\"async\" width=\"150\" height=\"150\" src=\"https:\/\/www.festivalhopper.de\/news\/wp-content\/uploads\/2018\/07\/yael-2-150x150.jpg\" class=\"attachment-thumbnail size-thumbnail\" alt=\"\" \/><\/a>\n\t\t\t<\/dt><\/dl>\n\t\t\t<br style='clear: both' \/>\n\t\t<\/div>\n","protected":false},"excerpt":{"rendered":"<p>Mit dieser starken Botschaft er\u00f6ffneten Yael Deckelbaum &amp; The Mothers am Donnerstagabend das 28. Rudolstadt Festival. Die israelisch-kanadische S\u00e4ngerin ist aktuell mit ihrem Engagement f\u00fcr die Friedensaktivit\u00e4ten Woman Wage Peace bekannt, f\u00fcr welche sie die Hymne Prayer of the Mothers schrieb. In einem wei\u00dfen Kleid betrat sie 21 Uhr die Gro\u00dfe B\u00fchne im Heinepark, griff [&hellip;]<\/p>\n","protected":false},"author":644,"featured_media":0,"comment_status":"open","ping_status":"open","sticky":false,"template":"","format":"standard","meta":{"footnotes":""},"categories":[35,2,1245,284,42,616,137,241,6],"tags":[],"class_list":["post-122581","post","type-post","status-publish","format-standard","hentry","category-festivalberichte","category-festivalnews","category-festivals-2018","category-folk-festivals","category-indie-festivals","category-jazz-festival","category-kleines-festival","category-live-vom-festival","category-rock-festivals"],"_links":{"self":[{"href":"https:\/\/www.festivalhopper.de\/news\/wp-json\/wp\/v2\/posts\/122581","targetHints":{"allow":["GET"]}}],"collection":[{"href":"https:\/\/www.festivalhopper.de\/news\/wp-json\/wp\/v2\/posts"}],"about":[{"href":"https:\/\/www.festivalhopper.de\/news\/wp-json\/wp\/v2\/types\/post"}],"author":[{"embeddable":true,"href":"https:\/\/www.festivalhopper.de\/news\/wp-json\/wp\/v2\/users\/644"}],"replies":[{"embeddable":true,"href":"https:\/\/www.festivalhopper.de\/news\/wp-json\/wp\/v2\/comments?post=122581"}],"version-history":[{"count":5,"href":"https:\/\/www.festivalhopper.de\/news\/wp-json\/wp\/v2\/posts\/122581\/revisions"}],"predecessor-version":[{"id":122606,"href":"https:\/\/www.festivalhopper.de\/news\/wp-json\/wp\/v2\/posts\/122581\/revisions\/122606"}],"wp:attachment":[{"href":"https:\/\/www.festivalhopper.de\/news\/wp-json\/wp\/v2\/media?parent=122581"}],"wp:term":[{"taxonomy":"category","embeddable":true,"href":"https:\/\/www.festivalhopper.de\/news\/wp-json\/wp\/v2\/categories?post=122581"},{"taxonomy":"post_tag","embeddable":true,"href":"https:\/\/www.festivalhopper.de\/news\/wp-json\/wp\/v2\/tags?post=122581"}],"curies":[{"name":"wp","href":"https:\/\/api.w.org\/{rel}","templated":true}]}}