{"id":116282,"date":"2017-06-02T23:30:54","date_gmt":"2017-06-02T21:30:54","guid":{"rendered":"http:\/\/www.festivalhopper.de\/news\/?p=116282"},"modified":"2017-06-03T00:15:33","modified_gmt":"2017-06-02T22:15:33","slug":"rock-ring-innenminister-lewentz-informiert","status":"publish","type":"post","link":"https:\/\/www.festivalhopper.de\/news\/2017\/06\/02\/rock-ring-innenminister-lewentz-informiert\/","title":{"rendered":"Rock am Ring: Innenminister informiert am Samstag um 11 Uhr"},"content":{"rendered":"<p><a href=\"https:\/\/www.festivalhopper.de\/news\/wp-content\/uploads\/2016\/06\/RAR2016-Pressekonferenz-Innenminister-Lewentz-DSC05747-1.jpg\"><img loading=\"lazy\" decoding=\"async\" class=\"size-medium wp-image-110682 alignleft\" src=\"https:\/\/www.festivalhopper.de\/news\/wp-content\/uploads\/2016\/06\/RAR2016-Pressekonferenz-Innenminister-Lewentz-DSC05747-1-300x200.jpg\" alt=\"\" width=\"300\" height=\"200\" srcset=\"https:\/\/www.festivalhopper.de\/news\/wp-content\/uploads\/2016\/06\/RAR2016-Pressekonferenz-Innenminister-Lewentz-DSC05747-1-300x200.jpg 300w, https:\/\/www.festivalhopper.de\/news\/wp-content\/uploads\/2016\/06\/RAR2016-Pressekonferenz-Innenminister-Lewentz-DSC05747-1-768x512.jpg 768w, https:\/\/www.festivalhopper.de\/news\/wp-content\/uploads\/2016\/06\/RAR2016-Pressekonferenz-Innenminister-Lewentz-DSC05747-1.jpg 1024w\" sizes=\"auto, (max-width: 300px) 100vw, 300px\" \/><\/a><strong>N\u00fcrburgring<\/strong> &#8211; Minister Lewentz informiert zu Ereignissen bei <a href=\"https:\/\/www.festivalhopper.de\/festival\/rock-am-ring-2017\">Rock am Ring<\/a>.<\/p>\n<p>Am morgigen Samstag, dem <strong>3. Juni um 11 Uhr<\/strong> will der Rheinland Pf\u00e4lzische Innenminister am N\u00fcrburgring \u00fcber die Geschenisse informieren.<\/p>\n<p><em>(Foto: Rock am Ring 2016)<\/em><\/p>\n<p><!--more--><\/p>\n<p>F\u00fcr R\u00fcckfragen steht das Polizeipr\u00e4sidium Koblenz zur Verf\u00fcgung.<\/p>\n<blockquote><p><strong>RaR-Infotelefon der Koblenzer Polizei: 0800 &#8211; 6565651<\/strong><span class=\"text_exposed_show\"><br \/>\nPolizei Koblenz bei Twitter: <a href=\"https:\/\/l.facebook.com\/l.php?u=https%3A%2F%2Ftwitter.com%2Fpolizei_ko&amp;h=ATPUu06GrS2AXM1AsBiHZnXaJ7jDJ8vLKx54K081QLHMRZ_CHcjP8qErY-d1nvXHDjYJDXAEYz-iZIMlfhq3KYLmIeUrU8Yu11wSlWZyH9nu_IzwJ0EI2L3qemIKBJ0Np2KxQWrpTO2DnoxjCGLNEvI&amp;enc=AZP2LqSJZk7DBJz_kHCbc56UuGBYujhRJjdAGvIBftY57RBHR0WHlCOAlnp0pHobHHk68hULBLQSZDfgDMOXJJI2L4SMC5fedlT9oCz_IsKVCKS7wsvURFKzGeDXOlXkgqxXtojmFREEiG5we8Ul1vd_ZT0_a0-xo2xfmKHjqOHdye1TfFzrucLlr1FmZ7PT6VLUlVX8LL1SMa_y8oDqmxSH&amp;s=1\" target=\"_blank\" rel=\"nofollow\">https:\/\/twitter.com\/polizei_ko<\/a><\/span><\/p><\/blockquote>\n<p><small>Original-Content von: Polizeipr\u00e4sidium Koblenz, \u00fcbermittelt durch news aktuell.<\/small><\/p>\n<p><em>Unsere bisherigen RaR-Artikel und Meldungen zum RaR-Wochenende:<\/em><\/p>\n<p>[02.06.2017] <a href=\"https:\/\/www.festivalhopper.de\/news\/2017\/06\/02\/terrorwarnung-rock-am-ring-abbruch\/\" data-click=\"News|TopNews|2017\/06\/02\/terrorwarnung-rock-am-ring-abbruch\/\">&#8222;Terroristische Gef\u00e4hrdungslage&#8220;: Rock am Ring &#8230;<br \/>\n<\/a>[02.06.2017] <a href=\"https:\/\/www.festivalhopper.de\/news\/2017\/06\/02\/rock-am-ring-kickoff-2017-sondaschule\/\" data-click=\"News|TopNews|2017\/06\/02\/rock-am-ring-kickoff-2017-sondaschule\/\">Rock am Ring Kickoff 2017 mit Sondaschule!<\/a><br \/>\n[02.06.2017] <a href=\"https:\/\/www.festivalhopper.de\/news\/2017\/06\/02\/rock-am-ring-livestream-2017-hd-360\/\" data-click=\"News|TopNews|2017\/06\/02\/rock-am-ring-livestream-2017-hd-360\/\">Rock am Ring Livestream 2017 in HD und mit 360Grad<\/a><br \/>\n[01.06.2017] <a href=\"https:\/\/www.festivalhopper.de\/news\/2017\/06\/01\/rucksackverbot-sicherheit-rock-am-ring-park-2017\/\" data-click=\"News|TopNews|2017\/06\/01\/rucksackverbot-sicherheit-rock-am-ring-park-2017\/\">Rucksackverbot und versch\u00e4rfte Sicherheit bei Rock am <\/a><\/p>\n<p>Ausserdem gibt es in unserer Galerie <a href=\"https:\/\/www.festivalhopper.de\/bilder\/rock-am-ring-2017-freitag\/\">Bilder vom Rock am Ring Freitag 2017<\/a>.<\/p>","protected":false},"excerpt":{"rendered":"<p>N\u00fcrburgring &#8211; Minister Lewentz informiert zu Ereignissen bei Rock am Ring. Am morgigen Samstag, dem 3. Juni um 11 Uhr will der Rheinland Pf\u00e4lzische Innenminister am N\u00fcrburgring \u00fcber die Geschenisse informieren. (Foto: Rock am Ring 2016)<\/p>\n","protected":false},"author":45,"featured_media":0,"comment_status":"open","ping_status":"open","sticky":false,"template":"","format":"standard","meta":{"footnotes":""},"categories":[35,7,2,1244,241,6],"tags":[],"class_list":["post-116282","post","type-post","status-publish","format-standard","hentry","category-festivalberichte","category-festivalbilder","category-festivalnews","category-festivals-2017","category-live-vom-festival","category-rock-festivals"],"_links":{"self":[{"href":"https:\/\/www.festivalhopper.de\/news\/wp-json\/wp\/v2\/posts\/116282","targetHints":{"allow":["GET"]}}],"collection":[{"href":"https:\/\/www.festivalhopper.de\/news\/wp-json\/wp\/v2\/posts"}],"about":[{"href":"https:\/\/www.festivalhopper.de\/news\/wp-json\/wp\/v2\/types\/post"}],"author":[{"embeddable":true,"href":"https:\/\/www.festivalhopper.de\/news\/wp-json\/wp\/v2\/users\/45"}],"replies":[{"embeddable":true,"href":"https:\/\/www.festivalhopper.de\/news\/wp-json\/wp\/v2\/comments?post=116282"}],"version-history":[{"count":5,"href":"https:\/\/www.festivalhopper.de\/news\/wp-json\/wp\/v2\/posts\/116282\/revisions"}],"predecessor-version":[{"id":116295,"href":"https:\/\/www.festivalhopper.de\/news\/wp-json\/wp\/v2\/posts\/116282\/revisions\/116295"}],"wp:attachment":[{"href":"https:\/\/www.festivalhopper.de\/news\/wp-json\/wp\/v2\/media?parent=116282"}],"wp:term":[{"taxonomy":"category","embeddable":true,"href":"https:\/\/www.festivalhopper.de\/news\/wp-json\/wp\/v2\/categories?post=116282"},{"taxonomy":"post_tag","embeddable":true,"href":"https:\/\/www.festivalhopper.de\/news\/wp-json\/wp\/v2\/tags?post=116282"}],"curies":[{"name":"wp","href":"https:\/\/api.w.org\/{rel}","templated":true}]}}