{"id":115501,"date":"2017-02-14T19:40:55","date_gmt":"2017-02-14T18:40:55","guid":{"rendered":"http:\/\/www.festivalhopper.de\/news\/?p=115501"},"modified":"2017-02-14T19:57:15","modified_gmt":"2017-02-14T18:57:15","slug":"premiere-wacken-winternights-rueckblick","status":"publish","type":"post","link":"https:\/\/www.festivalhopper.de\/news\/2017\/02\/14\/premiere-wacken-winternights-rueckblick\/","title":{"rendered":"Eine Probe f\u00fcr die H\u00e4rtesten: so war die Premiere der Wacken Winter Nights!"},"content":{"rendered":"<p><a href=\"https:\/\/www.festivalhopper.de\/news\/wp-content\/uploads\/2017\/02\/Wacken-Winternights-KL0A1000.jpg\"><img loading=\"lazy\" decoding=\"async\" class=\"alignleft size-medium wp-image-115514\" src=\"https:\/\/www.festivalhopper.de\/news\/wp-content\/uploads\/2017\/02\/Wacken-Winternights-KL0A1000-300x200.jpg\" alt=\"wacken-winternights-kl0a1000\" width=\"300\" height=\"200\" srcset=\"https:\/\/www.festivalhopper.de\/news\/wp-content\/uploads\/2017\/02\/Wacken-Winternights-KL0A1000-300x200.jpg 300w, https:\/\/www.festivalhopper.de\/news\/wp-content\/uploads\/2017\/02\/Wacken-Winternights-KL0A1000-768x512.jpg 768w, https:\/\/www.festivalhopper.de\/news\/wp-content\/uploads\/2017\/02\/Wacken-Winternights-KL0A1000.jpg 1024w\" sizes=\"auto, (max-width: 300px) 100vw, 300px\" \/><\/a>Die Premiere der <a href=\"https:\/\/www.festivalhopper.de\/festival\/wacken-winternights\"><strong>Winternights im eiskalten Wacken<\/strong><\/a> waren eine Probe f\u00fcr die H\u00e4rtesten unter Euch. Minus zwei Grad kalte Winde und nicht viele Feuerstellen um abzutauen. Es war eine sehr gewagte Veranstaltung, die hier die Bands und ihre Fans aus dem Winterschlaf pr\u00fcgelte.<\/p>\n<p>Die Wacken Macher haben seit langem einen Draht zum <strong>Mittelalter<\/strong>.<\/p>\n<p><!--more--><\/p>\n<p><a href=\"https:\/\/www.festivalhopper.de\/news\/wp-content\/uploads\/2017\/02\/Wacken-Winternights-6G4A7875.jpg\"><img loading=\"lazy\" decoding=\"async\" class=\"size-medium wp-image-115503 alignright\" src=\"https:\/\/www.festivalhopper.de\/news\/wp-content\/uploads\/2017\/02\/Wacken-Winternights-6G4A7875-300x200.jpg\" alt=\"wacken-winternights-6g4a7875\" width=\"300\" height=\"200\" srcset=\"https:\/\/www.festivalhopper.de\/news\/wp-content\/uploads\/2017\/02\/Wacken-Winternights-6G4A7875-300x200.jpg 300w, https:\/\/www.festivalhopper.de\/news\/wp-content\/uploads\/2017\/02\/Wacken-Winternights-6G4A7875-768x512.jpg 768w, https:\/\/www.festivalhopper.de\/news\/wp-content\/uploads\/2017\/02\/Wacken-Winternights-6G4A7875.jpg 1024w\" sizes=\"auto, (max-width: 300px) 100vw, 300px\" \/><\/a>Wie erfahrene Wackenbesucher wissen, gibt es auch auf dem WOA einen Mittelalterbereich das &#8222;<strong>Wackinger<\/strong>&#8220; das so manches Stadtfest locker in die Tasche steckt. Nun aber ging es \u00fcber drei Tage direkt am Stammsitz der ICS zur Sache. Auf der Facebookseite der Winternights kann man aus den zahllosen Bewertungen sicherlich schon seine Schl\u00fcsse ziehen. Allerdings sollte man gerade hier Thomas Jensen und Holger H\u00fcbner eben nicht untersch\u00e4tzen. Ich denke die beiden werden sich die Kritik der Premiereg\u00e4ste schon zu Herzen nehmen, denn die <a href=\"https:\/\/www.festivalhopper.de\/festival\/wacken-winternights-2018\"><strong>Winternights 2018 sind bereits angek\u00fcndigt<\/strong><\/a>.<\/p>\n<p><iframe loading=\"lazy\" title=\"Wacken Winter Nights 2018 - Official Teaser\" width=\"500\" height=\"281\" src=\"https:\/\/www.youtube.com\/embed\/r831C9atpJ4?feature=oembed\" frameborder=\"0\" allow=\"accelerometer; autoplay; clipboard-write; encrypted-media; gyroscope; picture-in-picture; web-share\" referrerpolicy=\"strict-origin-when-cross-origin\" allowfullscreen><\/iframe><\/p>\n<p><a href=\"https:\/\/www.festivalhopper.de\/news\/wp-content\/uploads\/2017\/02\/Wacken-Winternights-6G4A7855.jpg\"><img loading=\"lazy\" decoding=\"async\" class=\"alignleft size-medium wp-image-115505\" src=\"https:\/\/www.festivalhopper.de\/news\/wp-content\/uploads\/2017\/02\/Wacken-Winternights-6G4A7855-300x200.jpg\" alt=\"wacken-winternights-6g4a7855\" width=\"300\" height=\"200\" srcset=\"https:\/\/www.festivalhopper.de\/news\/wp-content\/uploads\/2017\/02\/Wacken-Winternights-6G4A7855-300x200.jpg 300w, https:\/\/www.festivalhopper.de\/news\/wp-content\/uploads\/2017\/02\/Wacken-Winternights-6G4A7855-768x512.jpg 768w, https:\/\/www.festivalhopper.de\/news\/wp-content\/uploads\/2017\/02\/Wacken-Winternights-6G4A7855.jpg 1024w\" sizes=\"auto, (max-width: 300px) 100vw, 300px\" \/><\/a>Kurzum der Laden war rappelvoll mit Metalheads und Mittelaltermenschen die sich die Angelegenheit ansehen wollten, Neu war ein <strong>bargeldloses Zahlsystem<\/strong> bei dem jeder direkt am Entry seine Scheine auf eine Bezahlkarte buchen musste. Leider gab es hier einige Probleme die jedoch zu beheben sein sollten. Ich hatte selbst leider auch Pech, wohingegen andere es wieder okay fanden. Jeder wie er mag. Der <strong>Changeover auf der Hauptb\u00fchne<\/strong> war mit einer Stunde deutlich zu lang, da in der zweiten B\u00fchne die diese Zeit \u00fcberbr\u00fccken sollte kein Hereinkommen mehr war.<\/p>\n<p><a href=\"https:\/\/www.festivalhopper.de\/news\/wp-content\/uploads\/2017\/02\/Wacken-Winternights-6G4A7877.jpg\"><img loading=\"lazy\" decoding=\"async\" class=\"alignright size-medium wp-image-115506\" src=\"https:\/\/www.festivalhopper.de\/news\/wp-content\/uploads\/2017\/02\/Wacken-Winternights-6G4A7877-300x236.jpg\" alt=\"wacken-winternights-6g4a7877\" width=\"300\" height=\"236\" srcset=\"https:\/\/www.festivalhopper.de\/news\/wp-content\/uploads\/2017\/02\/Wacken-Winternights-6G4A7877-300x236.jpg 300w, https:\/\/www.festivalhopper.de\/news\/wp-content\/uploads\/2017\/02\/Wacken-Winternights-6G4A7877-768x604.jpg 768w, https:\/\/www.festivalhopper.de\/news\/wp-content\/uploads\/2017\/02\/Wacken-Winternights-6G4A7877.jpg 1024w\" sizes=\"auto, (max-width: 300px) 100vw, 300px\" \/><\/a>Leider sind mir so einige Shows entgangen die ich zu gerne gesehen und hier gezeigt h\u00e4tte. Wie gesagt, ich vermute einmal solche Dinge werden sich beim 2ten Event 2018 leicht abstellen lassen. Leider gilt dies auch f\u00fcr die <strong>weiteren Spielst\u00e4tten im Dorf Wacken<\/strong> selbst. So gab es Lesungen im ber\u00fchmten Wacken Gasthof und ein paar Shows in der Kirche von Wacken die ich nicht zeitig erreichen konnte.<br \/>\nAllerdings gebe ich mir selbst die Schuld, denn die Stagetimes waren im Plan deutlich angegeben man musste sich eben rechtzeitig auf die Socken machen.<\/p>\n<p><a href=\"https:\/\/www.festivalhopper.de\/news\/wp-content\/uploads\/2017\/02\/Wacken-Winternights-6G4A8687.jpg\"><img loading=\"lazy\" decoding=\"async\" class=\"size-medium wp-image-115507 alignleft\" src=\"https:\/\/www.festivalhopper.de\/news\/wp-content\/uploads\/2017\/02\/Wacken-Winternights-6G4A8687-300x225.jpg\" alt=\"wacken-winternights-6g4a8687\" width=\"300\" height=\"225\" srcset=\"https:\/\/www.festivalhopper.de\/news\/wp-content\/uploads\/2017\/02\/Wacken-Winternights-6G4A8687-300x225.jpg 300w, https:\/\/www.festivalhopper.de\/news\/wp-content\/uploads\/2017\/02\/Wacken-Winternights-6G4A8687-768x577.jpg 768w, https:\/\/www.festivalhopper.de\/news\/wp-content\/uploads\/2017\/02\/Wacken-Winternights-6G4A8687.jpg 1024w\" sizes=\"auto, (max-width: 300px) 100vw, 300px\" \/><\/a>Es gab <strong>Feuershows und Gaukler<\/strong>, eine wirklich coole <strong>Piratenband<\/strong> und enorm geduldige Mitarbeiter die sich der Probleme der G\u00e4ste annahmen. F\u00fcr einen absoluten Testlauf daher ein recht passables Ergebnis in der ersten Runde.<\/p>\n<p>Unter den Besuchern waren tats\u00e4chlich auch H\u00e4rtef\u00e4lle die<strong> bei -2 Grad in einem Zelt<\/strong> durchhielten, davor ziehe ich absolut meinen Hut. Da das Gel\u00e4nde erst gegen Mittag \u00f6ffnete gab es ab 09.00 Morgens Brunch im Wacken Gasthof.<\/p>\n<p><a href=\"https:\/\/www.festivalhopper.de\/news\/wp-content\/uploads\/2017\/02\/Wacken-Winternights-6G4A8062.jpg\"><img loading=\"lazy\" decoding=\"async\" class=\"alignright size-medium wp-image-115508\" src=\"https:\/\/www.festivalhopper.de\/news\/wp-content\/uploads\/2017\/02\/Wacken-Winternights-6G4A8062-300x200.jpg\" alt=\"wacken-winternights-6g4a8062\" width=\"300\" height=\"200\" srcset=\"https:\/\/www.festivalhopper.de\/news\/wp-content\/uploads\/2017\/02\/Wacken-Winternights-6G4A8062-300x200.jpg 300w, https:\/\/www.festivalhopper.de\/news\/wp-content\/uploads\/2017\/02\/Wacken-Winternights-6G4A8062-768x512.jpg 768w, https:\/\/www.festivalhopper.de\/news\/wp-content\/uploads\/2017\/02\/Wacken-Winternights-6G4A8062.jpg 1024w\" sizes=\"auto, (max-width: 300px) 100vw, 300px\" \/><\/a>Irgendwo machte die Sache Sinn, ist allerdings keinesfalls mit dem <a href=\"https:\/\/www.festivalhopper.de\/festival\/wacken-open-air-2017\">Wacken Festival im Sommer<\/a> vergleichbar. Es bleibt eine junge Pflanze der Produktpalette der Veranstalter die neben dem <strong><a href=\"https:\/\/www.festivalhopper.de\/festival\/wacken-open-air-2017\">Wacken Open Air<\/a>, der <a href=\"https:\/\/www.festivalhopper.de\/festival\/full-metal-cruise-2017\">Metalcruise<\/a>, <a href=\"https:\/\/www.festivalhopper.de\/festival\/full-metal-mountain-2017\">Full Metal Mountain<\/a>, dem <a href=\"https:\/\/www.festivalhopper.de\/festival\/elb-riot-festival-2017\">Elbriot<\/a> und den Hamburg Metaldays<\/strong> schon eine ganze Menge zu stemmen haben.<\/p>\n<p>Zur Hauptsache: Meine ganz pers\u00f6nlichen Headliner waren <a href=\"https:\/\/www.festivalhopper.de\/news\/wp-content\/uploads\/2017\/02\/Wacken-Winternights-KL0A0893.jpg\"><img loading=\"lazy\" decoding=\"async\" class=\"alignleft size-medium wp-image-115512\" src=\"https:\/\/www.festivalhopper.de\/news\/wp-content\/uploads\/2017\/02\/Wacken-Winternights-KL0A0893-300x187.jpg\" alt=\"wacken-winternights-kl0a0893\" width=\"300\" height=\"187\" srcset=\"https:\/\/www.festivalhopper.de\/news\/wp-content\/uploads\/2017\/02\/Wacken-Winternights-KL0A0893-300x187.jpg 300w, https:\/\/www.festivalhopper.de\/news\/wp-content\/uploads\/2017\/02\/Wacken-Winternights-KL0A0893-768x479.jpg 768w, https:\/\/www.festivalhopper.de\/news\/wp-content\/uploads\/2017\/02\/Wacken-Winternights-KL0A0893.jpg 1024w\" sizes=\"auto, (max-width: 300px) 100vw, 300px\" \/><\/a><strong>Russkaja<\/strong> und <strong>Unzucht<\/strong>, sowie <strong>Subway to Sally<\/strong>, die es schafften die gesamte Besatzung im <strong>Eispalast<\/strong> zum Springen zu bringen, ebenso wie<strong> Saltatio Mortis<\/strong> die ihre h\u00e4rtesten Fans angelockt hatten. <strong>Tanzwut<\/strong> und <strong>Mono Inc.<\/strong> schlossen den Kreis wie <strong>Versengold<\/strong> und <strong>Forgotten North<\/strong> und viele Andere denen an den Guitarrenstegen die Finger einfroren. Irgendwie traf <strong>Russkaja mit Pudelm\u00fctze auf der B\u00fchne<\/strong> dabei genau ins Schwarze. <strong>Mono Inc.<\/strong> war leider nur mit dem Akustik Set vor Ort, was zu Irritationen im Publikum f\u00fchrte, denn diese Band ist man ganz anders gewohnt.<\/p>\n<p><a href=\"https:\/\/www.festivalhopper.de\/news\/wp-content\/uploads\/2017\/02\/Wacken-Winternights-6G4A7829.jpg\"><img loading=\"lazy\" decoding=\"async\" class=\"alignnone wp-image-115509\" src=\"https:\/\/www.festivalhopper.de\/news\/wp-content\/uploads\/2017\/02\/Wacken-Winternights-6G4A7829-200x300.jpg\" alt=\"wacken-winternights-6g4a7829\" width=\"180\" height=\"270\" srcset=\"https:\/\/www.festivalhopper.de\/news\/wp-content\/uploads\/2017\/02\/Wacken-Winternights-6G4A7829-200x300.jpg 200w, https:\/\/www.festivalhopper.de\/news\/wp-content\/uploads\/2017\/02\/Wacken-Winternights-6G4A7829.jpg 683w\" sizes=\"auto, (max-width: 180px) 100vw, 180px\" \/><\/a> <a href=\"https:\/\/www.festivalhopper.de\/news\/wp-content\/uploads\/2017\/02\/Wacken-Winternights-6G4A7843.jpg\"><img loading=\"lazy\" decoding=\"async\" class=\"alignnone wp-image-115510\" src=\"https:\/\/www.festivalhopper.de\/news\/wp-content\/uploads\/2017\/02\/Wacken-Winternights-6G4A7843-200x300.jpg\" alt=\"wacken-winternights-6g4a7843\" width=\"180\" height=\"270\" srcset=\"https:\/\/www.festivalhopper.de\/news\/wp-content\/uploads\/2017\/02\/Wacken-Winternights-6G4A7843-200x300.jpg 200w, https:\/\/www.festivalhopper.de\/news\/wp-content\/uploads\/2017\/02\/Wacken-Winternights-6G4A7843.jpg 683w\" sizes=\"auto, (max-width: 180px) 100vw, 180px\" \/><\/a> <a href=\"https:\/\/www.festivalhopper.de\/news\/wp-content\/uploads\/2017\/02\/Wacken-Winternights-6G4A7982.jpg\"><img loading=\"lazy\" decoding=\"async\" class=\"alignnone wp-image-115511\" src=\"https:\/\/www.festivalhopper.de\/news\/wp-content\/uploads\/2017\/02\/Wacken-Winternights-6G4A7982-200x300.jpg\" alt=\"wacken-winternights-6g4a7982\" width=\"180\" height=\"270\" srcset=\"https:\/\/www.festivalhopper.de\/news\/wp-content\/uploads\/2017\/02\/Wacken-Winternights-6G4A7982-200x300.jpg 200w, https:\/\/www.festivalhopper.de\/news\/wp-content\/uploads\/2017\/02\/Wacken-Winternights-6G4A7982.jpg 683w\" sizes=\"auto, (max-width: 180px) 100vw, 180px\" \/><\/a><\/p>\n<p><strong><a href=\"https:\/\/www.festivalhopper.de\/news\/wp-content\/uploads\/2017\/02\/Wacken-Winternights-KL0A0203.jpg\"><img loading=\"lazy\" decoding=\"async\" class=\"size-medium wp-image-115513 alignright\" src=\"https:\/\/www.festivalhopper.de\/news\/wp-content\/uploads\/2017\/02\/Wacken-Winternights-KL0A0203-300x193.jpg\" alt=\"wacken-winternights-kl0a0203\" width=\"300\" height=\"193\" srcset=\"https:\/\/www.festivalhopper.de\/news\/wp-content\/uploads\/2017\/02\/Wacken-Winternights-KL0A0203-300x193.jpg 300w, https:\/\/www.festivalhopper.de\/news\/wp-content\/uploads\/2017\/02\/Wacken-Winternights-KL0A0203-768x494.jpg 768w, https:\/\/www.festivalhopper.de\/news\/wp-content\/uploads\/2017\/02\/Wacken-Winternights-KL0A0203.jpg 1024w\" sizes=\"auto, (max-width: 300px) 100vw, 300px\" \/><\/a>The Dolmen, d\u00b4Artagnan, Dunkelsch\u00f6n, Eric Fish &amp; Friends, Mono Inc.<\/strong> (Unplugged), <strong>Nachtgeschrei, Russkaja, Saltatio Mortis, Subway To Sally, Tanzwut, Unzucht, Versengold, Forgotten North, u.a.<\/strong> schliessen den Kreis. Ich hoffe, im kommenden Jahr Saor Patrol als Dampfhammer auf der Hauptb\u00fchne zu sehen, denn dort w\u00fcrden sie perfekt passen.<\/p>\n<p><a href=\"https:\/\/www.festivalhopper.de\/news\/wp-content\/uploads\/2017\/02\/Wacken-Winternights-6G4A7841.jpg\"><img loading=\"lazy\" decoding=\"async\" class=\"alignleft size-medium wp-image-115504\" src=\"https:\/\/www.festivalhopper.de\/news\/wp-content\/uploads\/2017\/02\/Wacken-Winternights-6G4A7841-300x190.jpg\" alt=\"wacken-winternights-6g4a7841\" width=\"300\" height=\"190\" srcset=\"https:\/\/www.festivalhopper.de\/news\/wp-content\/uploads\/2017\/02\/Wacken-Winternights-6G4A7841-300x190.jpg 300w, https:\/\/www.festivalhopper.de\/news\/wp-content\/uploads\/2017\/02\/Wacken-Winternights-6G4A7841-768x486.jpg 768w, https:\/\/www.festivalhopper.de\/news\/wp-content\/uploads\/2017\/02\/Wacken-Winternights-6G4A7841.jpg 1024w\" sizes=\"auto, (max-width: 300px) 100vw, 300px\" \/><\/a><\/p>\n<p>Ich bin jedenfalls gespannt wie viele Sp\u00e4ne nun beim Feinschliff abgehobelt werden, damit die <strong>2ten Winternights 2018<\/strong> dann zum k\u00e4ltesten Festival Deutschlands werden und hoffentlich wachsen wie alles was die Truppe anpackt. Den Fans w\u00e4re es geg\u00f6nnt und den Bands, die normalerweise nur im Sommer auf dem Acker rocken auf jeden Fall.<\/p>\n<p>Wer dort drei Tage durchgehalten hat, bei den eisigen Temperaturen, dem m\u00f6chte ich abschlie\u00dfend meinen Respekt zollen, ich glaube solche Leute wird man nur unter den <strong>Wacken Pilgern<\/strong> finden.<\/p>\n<p><a href=\"https:\/\/www.festivalhopper.de\/news\/wp-content\/uploads\/2017\/02\/Wacken-Winternights-6G4A8323.jpg\"><img loading=\"lazy\" decoding=\"async\" class=\"alignnone wp-image-115515\" src=\"https:\/\/www.festivalhopper.de\/news\/wp-content\/uploads\/2017\/02\/Wacken-Winternights-6G4A8323-300x177.jpg\" alt=\"wacken-winternights-6g4a8323\" width=\"287\" height=\"169\" srcset=\"https:\/\/www.festivalhopper.de\/news\/wp-content\/uploads\/2017\/02\/Wacken-Winternights-6G4A8323-300x177.jpg 300w, https:\/\/www.festivalhopper.de\/news\/wp-content\/uploads\/2017\/02\/Wacken-Winternights-6G4A8323-768x452.jpg 768w, https:\/\/www.festivalhopper.de\/news\/wp-content\/uploads\/2017\/02\/Wacken-Winternights-6G4A8323.jpg 1024w\" sizes=\"auto, (max-width: 287px) 100vw, 287px\" \/><\/a> <a href=\"https:\/\/www.festivalhopper.de\/news\/wp-content\/uploads\/2017\/02\/Wacken-Winternights-6G4A8329.jpg\"><img loading=\"lazy\" decoding=\"async\" class=\"alignnone wp-image-115516\" src=\"https:\/\/www.festivalhopper.de\/news\/wp-content\/uploads\/2017\/02\/Wacken-Winternights-6G4A8329-300x204.jpg\" alt=\"wacken-winternights-6g4a8329\" width=\"248\" height=\"169\" srcset=\"https:\/\/www.festivalhopper.de\/news\/wp-content\/uploads\/2017\/02\/Wacken-Winternights-6G4A8329-300x204.jpg 300w, https:\/\/www.festivalhopper.de\/news\/wp-content\/uploads\/2017\/02\/Wacken-Winternights-6G4A8329-768x522.jpg 768w, https:\/\/www.festivalhopper.de\/news\/wp-content\/uploads\/2017\/02\/Wacken-Winternights-6G4A8329.jpg 1024w\" sizes=\"auto, (max-width: 248px) 100vw, 248px\" \/><\/a><\/p>\n<p><em>Text&amp;Fotos Nicole Crystall und Dirk Jacobs<\/em><\/p>\n<p>In unserer Galerie gibts <a href=\"https:\/\/www.festivalhopper.de\/bilder\/wacken-winternights-2017\/\">weitere Bilder von der WWN-Premiere<\/a>!<\/p>\n\n\t\t<style type=\"text\/css\">\n\t\t\t#gallery-1 {\n\t\t\t\tmargin: auto;\n\t\t\t}\n\t\t\t#gallery-1 .gallery-item {\n\t\t\t\tfloat: left;\n\t\t\t\tmargin-top: 10px;\n\t\t\t\ttext-align: center;\n\t\t\t\twidth: 25%;\n\t\t\t}\n\t\t\t#gallery-1 img {\n\t\t\t\tborder: 2px solid #cfcfcf;\n\t\t\t}\n\t\t\t#gallery-1 .gallery-caption {\n\t\t\t\tmargin-left: 0;\n\t\t\t}\n\t\t\t\/* see gallery_shortcode() in wp-includes\/media.php *\/\n\t\t<\/style>\n\t\t<div id='gallery-1' class='gallery galleryid-115501 gallery-columns-4 gallery-size-thumbnail'><dl class='gallery-item'>\n\t\t\t<dt class='gallery-icon portrait'>\n\t\t\t\t<a href='https:\/\/www.festivalhopper.de\/news\/wp-content\/uploads\/2017\/02\/Wacken-Winternights-6G4A7829-1.jpg'><img loading=\"lazy\" decoding=\"async\" width=\"150\" height=\"150\" src=\"https:\/\/www.festivalhopper.de\/news\/wp-content\/uploads\/2017\/02\/Wacken-Winternights-6G4A7829-1-150x150.jpg\" class=\"attachment-thumbnail size-thumbnail\" alt=\"\" \/><\/a>\n\t\t\t<\/dt><\/dl><dl class='gallery-item'>\n\t\t\t<dt class='gallery-icon portrait'>\n\t\t\t\t<a href='https:\/\/www.festivalhopper.de\/news\/wp-content\/uploads\/2017\/02\/Wacken-Winternights-6G4A8117.jpg'><img loading=\"lazy\" decoding=\"async\" width=\"150\" height=\"150\" src=\"https:\/\/www.festivalhopper.de\/news\/wp-content\/uploads\/2017\/02\/Wacken-Winternights-6G4A8117-150x150.jpg\" class=\"attachment-thumbnail size-thumbnail\" alt=\"\" \/><\/a>\n\t\t\t<\/dt><\/dl><dl class='gallery-item'>\n\t\t\t<dt class='gallery-icon portrait'>\n\t\t\t\t<a href='https:\/\/www.festivalhopper.de\/news\/wp-content\/uploads\/2017\/02\/Wacken-Winternights-6G4A8210.jpg'><img loading=\"lazy\" decoding=\"async\" width=\"150\" height=\"150\" src=\"https:\/\/www.festivalhopper.de\/news\/wp-content\/uploads\/2017\/02\/Wacken-Winternights-6G4A8210-150x150.jpg\" class=\"attachment-thumbnail size-thumbnail\" alt=\"\" \/><\/a>\n\t\t\t<\/dt><\/dl><dl class='gallery-item'>\n\t\t\t<dt class='gallery-icon landscape'>\n\t\t\t\t<a href='https:\/\/www.festivalhopper.de\/news\/wp-content\/uploads\/2017\/02\/Wacken-Winternights-6G4A8440.jpg'><img loading=\"lazy\" decoding=\"async\" width=\"150\" height=\"150\" src=\"https:\/\/www.festivalhopper.de\/news\/wp-content\/uploads\/2017\/02\/Wacken-Winternights-6G4A8440-150x150.jpg\" class=\"attachment-thumbnail size-thumbnail\" alt=\"\" \/><\/a>\n\t\t\t<\/dt><\/dl><br style=\"clear: both\" \/><dl class='gallery-item'>\n\t\t\t<dt class='gallery-icon landscape'>\n\t\t\t\t<a href='https:\/\/www.festivalhopper.de\/news\/wp-content\/uploads\/2017\/02\/Wacken-Winternights-6G4A8550.jpg'><img loading=\"lazy\" decoding=\"async\" width=\"150\" height=\"150\" src=\"https:\/\/www.festivalhopper.de\/news\/wp-content\/uploads\/2017\/02\/Wacken-Winternights-6G4A8550-150x150.jpg\" class=\"attachment-thumbnail size-thumbnail\" alt=\"\" \/><\/a>\n\t\t\t<\/dt><\/dl><dl class='gallery-item'>\n\t\t\t<dt class='gallery-icon landscape'>\n\t\t\t\t<a href='https:\/\/www.festivalhopper.de\/news\/wp-content\/uploads\/2017\/02\/Wacken-Winternights-6G4A9174.jpg'><img loading=\"lazy\" decoding=\"async\" width=\"150\" height=\"150\" src=\"https:\/\/www.festivalhopper.de\/news\/wp-content\/uploads\/2017\/02\/Wacken-Winternights-6G4A9174-150x150.jpg\" class=\"attachment-thumbnail size-thumbnail\" alt=\"\" \/><\/a>\n\t\t\t<\/dt><\/dl><dl class='gallery-item'>\n\t\t\t<dt class='gallery-icon landscape'>\n\t\t\t\t<a href='https:\/\/www.festivalhopper.de\/news\/wp-content\/uploads\/2017\/02\/Wacken-Winternights-6G4A9216.jpg'><img loading=\"lazy\" decoding=\"async\" width=\"150\" height=\"150\" src=\"https:\/\/www.festivalhopper.de\/news\/wp-content\/uploads\/2017\/02\/Wacken-Winternights-6G4A9216-150x150.jpg\" class=\"attachment-thumbnail size-thumbnail\" alt=\"\" \/><\/a>\n\t\t\t<\/dt><\/dl><dl class='gallery-item'>\n\t\t\t<dt class='gallery-icon landscape'>\n\t\t\t\t<a href='https:\/\/www.festivalhopper.de\/news\/wp-content\/uploads\/2017\/02\/Wacken-Winternights-6G4A9219.jpg'><img loading=\"lazy\" decoding=\"async\" width=\"150\" height=\"150\" src=\"https:\/\/www.festivalhopper.de\/news\/wp-content\/uploads\/2017\/02\/Wacken-Winternights-6G4A9219-150x150.jpg\" class=\"attachment-thumbnail size-thumbnail\" alt=\"\" \/><\/a>\n\t\t\t<\/dt><\/dl><br style=\"clear: both\" \/><dl class='gallery-item'>\n\t\t\t<dt class='gallery-icon landscape'>\n\t\t\t\t<a href='https:\/\/www.festivalhopper.de\/news\/wp-content\/uploads\/2017\/02\/Wacken-Winternights-KL0A0053.jpg'><img loading=\"lazy\" decoding=\"async\" width=\"150\" height=\"150\" src=\"https:\/\/www.festivalhopper.de\/news\/wp-content\/uploads\/2017\/02\/Wacken-Winternights-KL0A0053-150x150.jpg\" class=\"attachment-thumbnail size-thumbnail\" alt=\"\" \/><\/a>\n\t\t\t<\/dt><\/dl><dl class='gallery-item'>\n\t\t\t<dt class='gallery-icon landscape'>\n\t\t\t\t<a href='https:\/\/www.festivalhopper.de\/news\/wp-content\/uploads\/2017\/02\/Wacken-Winternights-KL0A0254.jpg'><img loading=\"lazy\" decoding=\"async\" width=\"150\" height=\"150\" src=\"https:\/\/www.festivalhopper.de\/news\/wp-content\/uploads\/2017\/02\/Wacken-Winternights-KL0A0254-150x150.jpg\" class=\"attachment-thumbnail size-thumbnail\" alt=\"\" \/><\/a>\n\t\t\t<\/dt><\/dl><dl class='gallery-item'>\n\t\t\t<dt class='gallery-icon landscape'>\n\t\t\t\t<a href='https:\/\/www.festivalhopper.de\/news\/wp-content\/uploads\/2017\/02\/Wacken-Winternights-KL0A0262.jpg'><img loading=\"lazy\" decoding=\"async\" width=\"150\" height=\"150\" src=\"https:\/\/www.festivalhopper.de\/news\/wp-content\/uploads\/2017\/02\/Wacken-Winternights-KL0A0262-150x150.jpg\" class=\"attachment-thumbnail size-thumbnail\" alt=\"\" \/><\/a>\n\t\t\t<\/dt><\/dl><dl class='gallery-item'>\n\t\t\t<dt class='gallery-icon landscape'>\n\t\t\t\t<a href='https:\/\/www.festivalhopper.de\/news\/wp-content\/uploads\/2017\/02\/Wacken-Winternights-KL0A0718.jpg'><img loading=\"lazy\" decoding=\"async\" width=\"150\" height=\"150\" src=\"https:\/\/www.festivalhopper.de\/news\/wp-content\/uploads\/2017\/02\/Wacken-Winternights-KL0A0718-150x150.jpg\" class=\"attachment-thumbnail size-thumbnail\" alt=\"\" \/><\/a>\n\t\t\t<\/dt><\/dl><br style=\"clear: both\" \/><dl class='gallery-item'>\n\t\t\t<dt class='gallery-icon landscape'>\n\t\t\t\t<a href='https:\/\/www.festivalhopper.de\/news\/wp-content\/uploads\/2017\/02\/Wacken-Winternights-KL0A0878.jpg'><img loading=\"lazy\" decoding=\"async\" width=\"150\" height=\"150\" src=\"https:\/\/www.festivalhopper.de\/news\/wp-content\/uploads\/2017\/02\/Wacken-Winternights-KL0A0878-150x150.jpg\" class=\"attachment-thumbnail size-thumbnail\" alt=\"\" \/><\/a>\n\t\t\t<\/dt><\/dl><dl class='gallery-item'>\n\t\t\t<dt class='gallery-icon landscape'>\n\t\t\t\t<a href='https:\/\/www.festivalhopper.de\/news\/wp-content\/uploads\/2017\/02\/Wacken-Winternights-KL0A1029.jpg'><img loading=\"lazy\" decoding=\"async\" width=\"150\" height=\"150\" src=\"https:\/\/www.festivalhopper.de\/news\/wp-content\/uploads\/2017\/02\/Wacken-Winternights-KL0A1029-150x150.jpg\" class=\"attachment-thumbnail size-thumbnail\" alt=\"\" \/><\/a>\n\t\t\t<\/dt><\/dl>\n\t\t\t<br style='clear: both' \/>\n\t\t<\/div>\n","protected":false},"excerpt":{"rendered":"<p>Die Premiere der Winternights im eiskalten Wacken waren eine Probe f\u00fcr die H\u00e4rtesten unter Euch. Minus zwei Grad kalte Winde und nicht viele Feuerstellen um abzutauen. Es war eine sehr gewagte Veranstaltung, die hier die Bands und ihre Fans aus dem Winterschlaf pr\u00fcgelte. Die Wacken Macher haben seit langem einen Draht zum Mittelalter.<\/p>\n","protected":false},"author":45,"featured_media":0,"comment_status":"open","ping_status":"open","sticky":false,"template":"","format":"standard","meta":{"footnotes":""},"categories":[35,7,2,1244,1245,3],"tags":[],"class_list":["post-115501","post","type-post","status-publish","format-standard","hentry","category-festivalberichte","category-festivalbilder","category-festivalnews","category-festivals-2017","category-festivals-2018","category-metal-festivals"],"_links":{"self":[{"href":"https:\/\/www.festivalhopper.de\/news\/wp-json\/wp\/v2\/posts\/115501","targetHints":{"allow":["GET"]}}],"collection":[{"href":"https:\/\/www.festivalhopper.de\/news\/wp-json\/wp\/v2\/posts"}],"about":[{"href":"https:\/\/www.festivalhopper.de\/news\/wp-json\/wp\/v2\/types\/post"}],"author":[{"embeddable":true,"href":"https:\/\/www.festivalhopper.de\/news\/wp-json\/wp\/v2\/users\/45"}],"replies":[{"embeddable":true,"href":"https:\/\/www.festivalhopper.de\/news\/wp-json\/wp\/v2\/comments?post=115501"}],"version-history":[{"count":5,"href":"https:\/\/www.festivalhopper.de\/news\/wp-json\/wp\/v2\/posts\/115501\/revisions"}],"predecessor-version":[{"id":115535,"href":"https:\/\/www.festivalhopper.de\/news\/wp-json\/wp\/v2\/posts\/115501\/revisions\/115535"}],"wp:attachment":[{"href":"https:\/\/www.festivalhopper.de\/news\/wp-json\/wp\/v2\/media?parent=115501"}],"wp:term":[{"taxonomy":"category","embeddable":true,"href":"https:\/\/www.festivalhopper.de\/news\/wp-json\/wp\/v2\/categories?post=115501"},{"taxonomy":"post_tag","embeddable":true,"href":"https:\/\/www.festivalhopper.de\/news\/wp-json\/wp\/v2\/tags?post=115501"}],"curies":[{"name":"wp","href":"https:\/\/api.w.org\/{rel}","templated":true}]}}