{"id":114493,"date":"2016-10-19T14:16:43","date_gmt":"2016-10-19T12:16:43","guid":{"rendered":"http:\/\/www.festivalhopper.de\/news\/?p=114493"},"modified":"2016-10-19T14:20:29","modified_gmt":"2016-10-19T12:20:29","slug":"rock-am-ring-rock-im-park-starten-mit-vorverkauf-2017","status":"publish","type":"post","link":"https:\/\/www.festivalhopper.de\/news\/2016\/10\/19\/rock-am-ring-rock-im-park-starten-mit-vorverkauf-2017\/","title":{"rendered":"Rock am Ring in Mendig &#038; Rock im Park starten mit Vorverkauf f\u00fcr 2017"},"content":{"rendered":"<p><a href=\"https:\/\/www.festivalhopper.de\/news\/wp-content\/uploads\/2016\/10\/rock-am-ring-2017-dth-soad.jpg\"><img loading=\"lazy\" decoding=\"async\" class=\"alignleft size-medium wp-image-114466\" src=\"https:\/\/www.festivalhopper.de\/news\/wp-content\/uploads\/2016\/10\/rock-am-ring-2017-dth-soad-300x212.jpg\" alt=\"rock-am-ring-2017-dth-soad\" width=\"300\" height=\"212\" srcset=\"https:\/\/www.festivalhopper.de\/news\/wp-content\/uploads\/2016\/10\/rock-am-ring-2017-dth-soad-300x212.jpg 300w, https:\/\/www.festivalhopper.de\/news\/wp-content\/uploads\/2016\/10\/rock-am-ring-2017-dth-soad-768x543.jpg 768w, https:\/\/www.festivalhopper.de\/news\/wp-content\/uploads\/2016\/10\/rock-am-ring-2017-dth-soad.jpg 1000w\" sizes=\"auto, (max-width: 300px) 100vw, 300px\" \/><\/a>Nach dem turbulenten Festivalsommer 2016 laufen die Vorbereitungen f\u00fcr n\u00e4chste Saison. Die ersten Bands f\u00fcr <a href=\"https:\/\/www.festivalhopper.de\/festival\/rock-im-park-2017\">Rock im Park<\/a> und <a href=\"https:\/\/www.festivalhopper.de\/festival\/rock-am-ring-2017\">Rock am Ring 2017<\/a> wurden ja schon letzte Woche best\u00e4tigt.<\/p>\n<p>Die <a href=\"https:\/\/www.festivalhopper.de\/news\/2016\/10\/13\/rock-am-ring-park-dth-system-of-a-down\/\">Headliner System of a Down und Die Toten Hosen<\/a> f\u00fchren das breit gef\u00e4cherte Programm f\u00fcr die Festivals vom 2. bis 4. Juni 2017 an. <strong>Morgen (am 20. Oktober 2016) beginnt der Vorverkauf mit einer limitierten Fr\u00fchbucheraktion.<\/strong><\/p>\n<p><!--more--><\/p>\n<p><strong>Wichtiges Detail am Rande: Rock am Ring wird auch Anfang Juni 2017 wieder auf dem Flugplatz Mendig stattfinden<\/strong>, die erste Meldung letzte Woche lie\u00df den Veranstaltungsort noch offen. Rock im Park 2017 findet wie gewohnt auf dem N\u00fcrnberger Zeppelinfeld statt.<\/p>\n<blockquote><p><em>\u201eDas gr\u00f6\u00dfte Festival Deutschlands, die coolsten Fans Europas und die besten Bands der Welt werden wieder eine rockige Zeit in Mendig erleben. Wir freuen uns sehr, auch 2017 Gastgeber f\u00fcr Rock am Ring sein zu d\u00fcrfen\u201c<\/em>, betonten Verbandsb\u00fcrgermeister J\u00f6rg Lempertz und Stadtb\u00fcrgermeister Hans Peter Ammel \u00fcbereinstimmend.<\/p><\/blockquote>\n<p>Das Fr\u00fchbucher-Kontingent an 3-Tage-Festivaltickets gibt es f\u00fcr 185,- Euro inkl. Parken, Campen, Vorverkaufsgeb\u00fchr sowie 10,- Euro r\u00fcckzahlbares M\u00fcllpfand bei Eventim im Vorverkauf. Hinzu kommen Buchungs- und evtl. Versandgeb\u00fchren. <strong>Hardtickets sind exklusiv unter <a href=\"https:\/\/www.rock-am-ring.com\/\">www.rock-am-ring.com<\/a> und <a href=\"http:\/\/www.rock-im-park.com\">www.rock-im-park.com<\/a> erh\u00e4ltlich.<\/strong><\/p>\n<h3>Rock am Ring Zusatz-Tickets<\/h3>\n<p><a href=\"https:\/\/www.festivalhopper.de\/news\/wp-content\/uploads\/2015\/06\/Parkway-Drive_TK_016.jpg\"><img loading=\"lazy\" decoding=\"async\" class=\"alignright size-medium wp-image-102756\" src=\"https:\/\/www.festivalhopper.de\/news\/wp-content\/uploads\/2015\/06\/Parkway-Drive_TK_016-300x200.jpg\" alt=\"Parkway Drive bei Rock am Ring 2015\" width=\"300\" height=\"200\" srcset=\"https:\/\/www.festivalhopper.de\/news\/wp-content\/uploads\/2015\/06\/Parkway-Drive_TK_016-300x200.jpg 300w, https:\/\/www.festivalhopper.de\/news\/wp-content\/uploads\/2015\/06\/Parkway-Drive_TK_016.jpg 1000w\" sizes=\"auto, (max-width: 300px) 100vw, 300px\" \/><\/a>Dar\u00fcber hinaus bietet <strong>Rock am Ring<\/strong> seinen Fans zus\u00e4tzliche Camping-Optionen an. Wer schon am Mittwoch (ab 14 Uhr) auf dem Camping sein Zelt aufschlagen m\u00f6chte, muss f\u00fcr 20 Euro ein Fr\u00fchanreiseticket kaufen. Das Rock am Ring Rock&#8217;n&#8217;Roll Camping erm\u00f6glicht Camping mit Anschlussm\u00f6glichkeit an Stromverteiler im Umkreis sowie festivalnahe Parkpl\u00e4tze mit separatem Eingang.<\/p>\n<p>Wer mit Wohnmobil, Wohnwagen, PKW-Bus (Camper) oder Faltanh\u00e4nger anreist, kann eine <strong>Caravan Plakette<\/strong> erwerben. Wie schon bei RAR 2016 gibt es die <strong>Rock am Ring-Experience<\/strong> mit der Verbindung von Festival-Feeling und Komfort (verschiedene Optionen, saftige Aufpreise).<\/p>\n<h3>Rock im Park Zusatz-Tickets<\/h3>\n<p><a href=\"https:\/\/www.festivalhopper.de\/news\/wp-content\/uploads\/2015\/06\/RIP-Sonntag-1-crowd-25.jpg\"><img loading=\"lazy\" decoding=\"async\" class=\"alignleft size-medium wp-image-102667\" src=\"https:\/\/www.festivalhopper.de\/news\/wp-content\/uploads\/2015\/06\/RIP-Sonntag-1-crowd-25-300x200.jpg\" alt=\"RIP-Sonntag-1-crowd-25\" width=\"300\" height=\"200\" srcset=\"https:\/\/www.festivalhopper.de\/news\/wp-content\/uploads\/2015\/06\/RIP-Sonntag-1-crowd-25-300x200.jpg 300w, https:\/\/www.festivalhopper.de\/news\/wp-content\/uploads\/2015\/06\/RIP-Sonntag-1-crowd-25-1024x683.jpg 1024w, https:\/\/www.festivalhopper.de\/news\/wp-content\/uploads\/2015\/06\/RIP-Sonntag-1-crowd-25.jpg 1800w\" sizes=\"auto, (max-width: 300px) 100vw, 300px\" \/><\/a>Bei Rock im Park gibt es wie gewohnt ein limitiertes Kontingent an <strong>Zeppelin Stage Tickets<\/strong> und f\u00fcr Festivalfans mit Wohnwagen oder Wohnmobil die <strong>Caravan Plakette<\/strong> f\u00fcr <strong>Rock im Park.<\/strong><\/p>\n<p><strong>Green Camping<\/strong> wird bei <strong>Rock am Ring<\/strong> und <strong>Rock im Park<\/strong> auf einem Teil der Campingfl\u00e4chen angeboten. Eigenverantwortliche M\u00fcllbeseitigung und Nachtruhe werden vorausgesetzt. Die Registrierung zum Green Camping beginnt in K\u00fcrze.<\/p>","protected":false},"excerpt":{"rendered":"<p>Nach dem turbulenten Festivalsommer 2016 laufen die Vorbereitungen f\u00fcr n\u00e4chste Saison. Die ersten Bands f\u00fcr Rock im Park und Rock am Ring 2017 wurden ja schon letzte Woche best\u00e4tigt. Die Headliner System of a Down und Die Toten Hosen f\u00fchren das breit gef\u00e4cherte Programm f\u00fcr die Festivals vom 2. bis 4. Juni 2017 an. Morgen [&hellip;]<\/p>\n","protected":false},"author":1,"featured_media":0,"comment_status":"open","ping_status":"open","sticky":false,"template":"","format":"standard","meta":{"footnotes":""},"categories":[2,1079,3,6,20],"tags":[],"class_list":["post-114493","post","type-post","status-publish","format-standard","hentry","category-festivalnews","category-festivals-2016","category-metal-festivals","category-rock-festivals","category-tickets-kaufen"],"_links":{"self":[{"href":"https:\/\/www.festivalhopper.de\/news\/wp-json\/wp\/v2\/posts\/114493","targetHints":{"allow":["GET"]}}],"collection":[{"href":"https:\/\/www.festivalhopper.de\/news\/wp-json\/wp\/v2\/posts"}],"about":[{"href":"https:\/\/www.festivalhopper.de\/news\/wp-json\/wp\/v2\/types\/post"}],"author":[{"embeddable":true,"href":"https:\/\/www.festivalhopper.de\/news\/wp-json\/wp\/v2\/users\/1"}],"replies":[{"embeddable":true,"href":"https:\/\/www.festivalhopper.de\/news\/wp-json\/wp\/v2\/comments?post=114493"}],"version-history":[{"count":5,"href":"https:\/\/www.festivalhopper.de\/news\/wp-json\/wp\/v2\/posts\/114493\/revisions"}],"predecessor-version":[{"id":144081,"href":"https:\/\/www.festivalhopper.de\/news\/wp-json\/wp\/v2\/posts\/114493\/revisions\/144081"}],"wp:attachment":[{"href":"https:\/\/www.festivalhopper.de\/news\/wp-json\/wp\/v2\/media?parent=114493"}],"wp:term":[{"taxonomy":"category","embeddable":true,"href":"https:\/\/www.festivalhopper.de\/news\/wp-json\/wp\/v2\/categories?post=114493"},{"taxonomy":"post_tag","embeddable":true,"href":"https:\/\/www.festivalhopper.de\/news\/wp-json\/wp\/v2\/tags?post=114493"}],"curies":[{"name":"wp","href":"https:\/\/api.w.org\/{rel}","templated":true}]}}