{"id":114422,"date":"2016-10-06T15:11:16","date_gmt":"2016-10-06T13:11:16","guid":{"rendered":"http:\/\/www.festivalhopper.de\/news\/?p=114422"},"modified":"2016-10-06T15:11:16","modified_gmt":"2016-10-06T13:11:16","slug":"nova-rock2017-green-day-prophets","status":"publish","type":"post","link":"https:\/\/www.festivalhopper.de\/news\/2016\/10\/06\/nova-rock2017-green-day-prophets\/","title":{"rendered":"Nova Rock 2017 mit Green Day, Prophets of Rage &#038; weiteren"},"content":{"rendered":"<p><a href=\"https:\/\/www.festivalhopper.de\/news\/wp-content\/uploads\/2013\/06\/green-day-rar2013-7787.jpg\"><img loading=\"lazy\" decoding=\"async\" class=\"alignleft size-medium wp-image-80751\" src=\"https:\/\/www.festivalhopper.de\/news\/wp-content\/uploads\/2013\/06\/green-day-rar2013-7787-300x200.jpg\" alt=\"green-day-rar2013-7787\" width=\"300\" height=\"200\" srcset=\"https:\/\/www.festivalhopper.de\/news\/wp-content\/uploads\/2013\/06\/green-day-rar2013-7787-300x200.jpg 300w, https:\/\/www.festivalhopper.de\/news\/wp-content\/uploads\/2013\/06\/green-day-rar2013-7787.jpg 1024w\" sizes=\"auto, (max-width: 300px) 100vw, 300px\" \/><\/a>Das \u00f6sterreichische <a href=\"https:\/\/www.festivalhopper.de\/festival\/nova-rock-2017\">Nova Rock <\/a>bietet heute Anla\u00df f\u00fcr eine kurze Newsmeldung. Zum einen gibt es <strong>neue Bands<\/strong> und zum anderen den nicht unwichtigen Hinweis, dass der<strong> Termin 2017<\/strong> auf den <strong>15.-17.Juni<\/strong> f\u00e4llt und damit eine Woche sp\u00e4ter als urspr\u00fcnglich kommuniziert. Auch in den Vorjahren fand das gro\u00dfe Rockfestival eine Woche eher statt.<\/p>\n<p><!--more--><\/p>\n<p><a href=\"https:\/\/www.festivalhopper.de\/news\/wp-content\/uploads\/2013\/06\/green-day-rar2013-7869.jpg\"><img loading=\"lazy\" decoding=\"async\" class=\"alignright size-medium wp-image-80747\" src=\"https:\/\/www.festivalhopper.de\/news\/wp-content\/uploads\/2013\/06\/green-day-rar2013-7869-199x300.jpg\" alt=\"green-day-rar2013-7869\" width=\"199\" height=\"300\" srcset=\"https:\/\/www.festivalhopper.de\/news\/wp-content\/uploads\/2013\/06\/green-day-rar2013-7869-199x300.jpg 199w, https:\/\/www.festivalhopper.de\/news\/wp-content\/uploads\/2013\/06\/green-day-rar2013-7869.jpg 682w\" sizes=\"auto, (max-width: 199px) 100vw, 199px\" \/><\/a>Ein Grund f\u00fcr die Terminverschiebung k\u00f6nnte auch das <strong>Rock in Vienna Festival<\/strong> sein, das sich anscheinend am ersten Juni-Wochenende etabliert hat.<\/p>\n<p>\u00dcber die Neubest\u00e4tigung <a href=\"\/bands\/karten\/green-day.php\" title=\"Green Day\">Green Day<\/a> braucht man kaum ein Wort zu verlieren. Erw\u00e4hnenswert: Die Punkrocker haben ein neues Album &#8222;<strong>Revolution Radio<\/strong>&#8220; am Start, das sie Euch mit ihrer bew\u00e4hrten Livequalit\u00e4t darbieten werden.<\/p>\n<p>Wenn man <a title=\"Prophets of Rage\" href=\"https:\/\/www.festivalhopper.de\/bands\/karten\/prophets-of-rage.php\">Prophets of Rage<\/a> vorstellt, f\u00e4llt immer dieser oder ein \u00e4hnlicher Satz: Wenn Musiker von <strong>Rage Against The Machine, Public Enemy<\/strong> und <strong>Cypress Hill<\/strong> zusammen in einer Band spielen, dann kann sich der Konzertbesuch eigentlich nur lohnen &#8211; Tom Morello, Tim Commerford, Brad Wilk, Chuck D, B-Real und DJ Lord sind am Start.<\/p>\n<p><a href=\"https:\/\/www.festivalhopper.de\/news\/wp-content\/uploads\/2016\/04\/Impericon-Festival-2016-Leipzig-Eskimo-Callboy-4.jpg\"><img loading=\"lazy\" decoding=\"async\" class=\"alignleft size-medium wp-image-109643\" src=\"https:\/\/www.festivalhopper.de\/news\/wp-content\/uploads\/2016\/04\/Impericon-Festival-2016-Leipzig-Eskimo-Callboy-4-300x200.jpg\" alt=\"Impericon Festival - 2016 - Leipzig - Eskimo Callboy-4\" width=\"300\" height=\"200\" srcset=\"https:\/\/www.festivalhopper.de\/news\/wp-content\/uploads\/2016\/04\/Impericon-Festival-2016-Leipzig-Eskimo-Callboy-4-300x200.jpg 300w, https:\/\/www.festivalhopper.de\/news\/wp-content\/uploads\/2016\/04\/Impericon-Festival-2016-Leipzig-Eskimo-Callboy-4-768x512.jpg 768w, https:\/\/www.festivalhopper.de\/news\/wp-content\/uploads\/2016\/04\/Impericon-Festival-2016-Leipzig-Eskimo-Callboy-4.jpg 1024w\" sizes=\"auto, (max-width: 300px) 100vw, 300px\" \/><\/a>Ebenfalls zuletzt best\u00e4tigt sind <a title=\"Me First &amp; the Gimme Gimmes\" href=\"https:\/\/www.festivalhopper.de\/bands\/karten\/me-first-the-gimme-gimmes.php\">Me First &amp; the Gimme Gimmes<\/a>, <a title=\"Rancid\" href=\"https:\/\/www.festivalhopper.de\/bands\/karten\/rancid.php\">Rancid<\/a>, <a title=\"SSIO\" href=\"https:\/\/www.festivalhopper.de\/bands\/karten\/ssio.php\">SSIO<\/a>, <a title=\"Jamaram\" href=\"https:\/\/www.festivalhopper.de\/bands\/karten\/jamaram.php\">Jamaram<\/a>, <a title=\"Eskimo Callboy\" href=\"https:\/\/www.festivalhopper.de\/bands\/karten\/eskimo-callboy.php\">Eskimo Callboy<\/a> und <a title=\"David Hasselhoff\" href=\"https:\/\/www.festivalhopper.de\/bands\/karten\/david-hasselhoff.php\">David Hasselhoff<\/a> als Late-Night-Special. Zuvor bereits best\u00e4tigt waren die <a title=\"Broilers\" href=\"https:\/\/www.festivalhopper.de\/bands\/karten\/broilers.php\">Broilers<\/a>, <a title=\"Hatebreed\" href=\"https:\/\/www.festivalhopper.de\/bands\/karten\/hatebreed.php\">Hatebreed<\/a>,und last but not least aus Headlinerkategorien die <a title=\"In Flames\" href=\"https:\/\/www.festivalhopper.de\/bands\/karten\/in-flames.php\">In Flames<\/a>.<\/p>\n<p>Weiteres zum <a href=\"https:\/\/www.festivalhopper.de\/festival\/nova-rock-2017\">Nova Rock hier<\/a> und auf <a href=\"https:\/\/www.novarock.at\/\" target=\"_blank\" rel=\"noopener\">www.novarock.at<\/a>. Hier k\u00f6nnt ihr Nova Rock Tickets kaufen.<\/p>\n<p><a href=\"https:\/\/www.festivalhopper.de\/news\/wp-content\/uploads\/2015\/08\/Wacken1-havergo-212.jpg\"><img loading=\"lazy\" decoding=\"async\" class=\"alignnone  wp-image-102407\" src=\"https:\/\/www.festivalhopper.de\/news\/wp-content\/uploads\/2015\/06\/RIP-Samstag-3-Broilers-14-200x300.jpg\" alt=\"RIP-Samstag-3-Broilers-14\" width=\"180\" height=\"270\" srcset=\"https:\/\/www.festivalhopper.de\/news\/wp-content\/uploads\/2015\/06\/RIP-Samstag-3-Broilers-14-200x300.jpg 200w, https:\/\/www.festivalhopper.de\/news\/wp-content\/uploads\/2015\/06\/RIP-Samstag-3-Broilers-14-683x1024.jpg 683w, https:\/\/www.festivalhopper.de\/news\/wp-content\/uploads\/2015\/06\/RIP-Samstag-3-Broilers-14.jpg 1200w\" sizes=\"auto, (max-width: 180px) 100vw, 180px\" \/> <\/a><a href=\"https:\/\/www.festivalhopper.de\/news\/wp-content\/uploads\/2015\/08\/Wacken1-havergo-212.jpg\"><img loading=\"lazy\" decoding=\"async\" class=\"alignnone  wp-image-111760\" src=\"https:\/\/www.festivalhopper.de\/news\/wp-content\/uploads\/2016\/07\/With-Full-Force-2016-Hatebreed-200x300.jpg\" alt=\"With Full Force 2016 - Hatebreed\" width=\"180\" height=\"270\" srcset=\"https:\/\/www.festivalhopper.de\/news\/wp-content\/uploads\/2016\/07\/With-Full-Force-2016-Hatebreed-200x300.jpg 200w, https:\/\/www.festivalhopper.de\/news\/wp-content\/uploads\/2016\/07\/With-Full-Force-2016-Hatebreed.jpg 683w\" sizes=\"auto, (max-width: 180px) 100vw, 180px\" \/> <img loading=\"lazy\" decoding=\"async\" class=\"alignnone wp-image-105377 \" src=\"https:\/\/www.festivalhopper.de\/news\/wp-content\/uploads\/2015\/08\/Wacken1-havergo-212-200x300.jpg\" alt=\"Wacken 2015, In Flames, Fotograf Andr\u00e9 Havergo\" width=\"180\" height=\"271\" srcset=\"https:\/\/www.festivalhopper.de\/news\/wp-content\/uploads\/2015\/08\/Wacken1-havergo-212-200x300.jpg 200w, https:\/\/www.festivalhopper.de\/news\/wp-content\/uploads\/2015\/08\/Wacken1-havergo-212.jpg 667w\" sizes=\"auto, (max-width: 180px) 100vw, 180px\" \/><\/a><\/p>\n<p><a href=\"https:\/\/www.festivalhopper.de\/news\/wp-content\/uploads\/2015\/08\/Wacken1-havergo-212.jpg\"> <\/a><\/p>\n<p>&nbsp;<\/p>","protected":false},"excerpt":{"rendered":"<p>Das \u00f6sterreichische Nova Rock bietet heute Anla\u00df f\u00fcr eine kurze Newsmeldung. Zum einen gibt es neue Bands und zum anderen den nicht unwichtigen Hinweis, dass der Termin 2017 auf den 15.-17.Juni f\u00e4llt und damit eine Woche sp\u00e4ter als urspr\u00fcnglich kommuniziert. Auch in den Vorjahren fand das gro\u00dfe Rockfestival eine Woche eher statt.<\/p>\n","protected":false},"author":45,"featured_media":0,"comment_status":"open","ping_status":"open","sticky":false,"template":"","format":"standard","meta":{"footnotes":""},"categories":[2,1244,40,3,24,980,6,20],"tags":[],"class_list":["post-114422","post","type-post","status-publish","format-standard","hentry","category-festivalnews","category-festivals-2017","category-festivals-in-europa","category-metal-festivals","category-neue-bands","category-neuer-termin","category-rock-festivals","category-tickets-kaufen"],"_links":{"self":[{"href":"https:\/\/www.festivalhopper.de\/news\/wp-json\/wp\/v2\/posts\/114422","targetHints":{"allow":["GET"]}}],"collection":[{"href":"https:\/\/www.festivalhopper.de\/news\/wp-json\/wp\/v2\/posts"}],"about":[{"href":"https:\/\/www.festivalhopper.de\/news\/wp-json\/wp\/v2\/types\/post"}],"author":[{"embeddable":true,"href":"https:\/\/www.festivalhopper.de\/news\/wp-json\/wp\/v2\/users\/45"}],"replies":[{"embeddable":true,"href":"https:\/\/www.festivalhopper.de\/news\/wp-json\/wp\/v2\/comments?post=114422"}],"version-history":[{"count":5,"href":"https:\/\/www.festivalhopper.de\/news\/wp-json\/wp\/v2\/posts\/114422\/revisions"}],"predecessor-version":[{"id":142006,"href":"https:\/\/www.festivalhopper.de\/news\/wp-json\/wp\/v2\/posts\/114422\/revisions\/142006"}],"wp:attachment":[{"href":"https:\/\/www.festivalhopper.de\/news\/wp-json\/wp\/v2\/media?parent=114422"}],"wp:term":[{"taxonomy":"category","embeddable":true,"href":"https:\/\/www.festivalhopper.de\/news\/wp-json\/wp\/v2\/categories?post=114422"},{"taxonomy":"post_tag","embeddable":true,"href":"https:\/\/www.festivalhopper.de\/news\/wp-json\/wp\/v2\/tags?post=114422"}],"curies":[{"name":"wp","href":"https:\/\/api.w.org\/{rel}","templated":true}]}}