{"id":112506,"date":"2016-07-23T05:23:02","date_gmt":"2016-07-23T03:23:02","guid":{"rendered":"http:\/\/www.festivalhopper.de\/news\/?p=112506"},"modified":"2016-07-23T05:25:19","modified_gmt":"2016-07-23T03:25:19","slug":"muenchen-tote-verletzte-oben-ohne-abgesagt","status":"publish","type":"post","link":"https:\/\/www.festivalhopper.de\/news\/2016\/07\/23\/muenchen-tote-verletzte-oben-ohne-abgesagt\/","title":{"rendered":"&#8222;M\u00fcnchen hat Tote und Verletzte&#8220; &#8211; Oben Ohne Open Air abgesagt"},"content":{"rendered":"<p><a href=\"https:\/\/www.festivalhopper.de\/news\/wp-content\/uploads\/2016\/07\/Oben-Ohne_3454.jpg\"><img loading=\"lazy\" decoding=\"async\" class=\"alignleft size-medium wp-image-112508\" src=\"https:\/\/www.festivalhopper.de\/news\/wp-content\/uploads\/2016\/07\/Oben-Ohne_3454-300x229.jpg\" alt=\"Oben-Ohne_3454\" width=\"300\" height=\"229\" srcset=\"https:\/\/www.festivalhopper.de\/news\/wp-content\/uploads\/2016\/07\/Oben-Ohne_3454-300x229.jpg 300w, https:\/\/www.festivalhopper.de\/news\/wp-content\/uploads\/2016\/07\/Oben-Ohne_3454-768x587.jpg 768w, https:\/\/www.festivalhopper.de\/news\/wp-content\/uploads\/2016\/07\/Oben-Ohne_3454.jpg 1024w\" sizes=\"auto, (max-width: 300px) 100vw, 300px\" \/><\/a>Heute Nacht meldeten die Veranstalter des <a href=\"https:\/\/www.festivalhopper.de\/festival\/oben-ohne-open-air-2016\">Oben Ohne Open Air Festivals<\/a>:<\/p>\n<blockquote><p><strong><em>&#8222;M\u00fcnchen hat Tote und Verletzte zu beklagen, die Sicherheitslage ist un\u00fcberschaubar und wir tragen beim OBEN OHNE Open Air f\u00fcr 20.000 junge Menschen Verantwortung. M\u00fcnchen hat morgen keinen Grund eine gro\u00dfe Party zu feiern.&#8220;<\/em><\/strong><\/p><\/blockquote>\n<p><!--more--><\/p>\n<p><a href=\"https:\/\/www.festivalhopper.de\/news\/wp-content\/uploads\/2016\/07\/Oben-Ohne-3125.jpg\"><img loading=\"lazy\" decoding=\"async\" class=\"alignright size-medium wp-image-112507\" src=\"https:\/\/www.festivalhopper.de\/news\/wp-content\/uploads\/2016\/07\/Oben-Ohne-3125-300x164.jpg\" alt=\"Oben-Ohne-3125\" width=\"300\" height=\"164\" srcset=\"https:\/\/www.festivalhopper.de\/news\/wp-content\/uploads\/2016\/07\/Oben-Ohne-3125-300x164.jpg 300w, https:\/\/www.festivalhopper.de\/news\/wp-content\/uploads\/2016\/07\/Oben-Ohne-3125-768x421.jpg 768w, https:\/\/www.festivalhopper.de\/news\/wp-content\/uploads\/2016\/07\/Oben-Ohne-3125.jpg 1024w\" sizes=\"auto, (max-width: 300px) 100vw, 300px\" \/><\/a>Nach intensiven Beratungen mit Beh\u00f6rden und Polizei, haben die Kreisjugendringe M\u00fcnchen-Stadt und M\u00fcnchen-Land entschieden, das OBEN OHNE Open Air 2016 abzusagen.<\/p>\n<p>Update: Inzwischen scheint festzustehen, dass es sich bei dem Attent\u00e4ter um einen Einzelt\u00e4ter handelt.<\/p>\n<blockquote><p><strong><em>&#8222;Unsere Gedanken sind bei den Opfern und Angeh\u00f6rigen.&#8220;<\/em><\/strong><\/p><\/blockquote>\n<p>Das Festival mit Headliner <b>Genetikk<\/b> sollte heute am K\u00f6nigsplatz in M\u00fcnchen stattfinden. Weiteres zum <a href=\"https:\/\/www.festivalhopper.de\/festival\/oben-ohne-open-air-2016\">OBEN OHNE hier<\/a> und in den n\u00e4chsten Tagen auf der <a href=\"https:\/\/www.facebook.com\/OBENOHNEOpenAir\/\">Facebookseite <\/a>oder auf <a href=\"http:\/\/www.oben-air.de\" target=\"_blank\">www.oben-air.de<\/a>.<\/p>","protected":false},"excerpt":{"rendered":"<p>Heute Nacht meldeten die Veranstalter des Oben Ohne Open Air Festivals: &#8222;M\u00fcnchen hat Tote und Verletzte zu beklagen, die Sicherheitslage ist un\u00fcberschaubar und wir tragen beim OBEN OHNE Open Air f\u00fcr 20.000 junge Menschen Verantwortung. M\u00fcnchen hat morgen keinen Grund eine gro\u00dfe Party zu feiern.&#8220;<\/p>\n","protected":false},"author":45,"featured_media":0,"comment_status":"open","ping_status":"open","sticky":false,"template":"","format":"standard","meta":{"footnotes":""},"categories":[2,1079,27,22,6,14],"tags":[],"class_list":["post-112506","post","type-post","status-publish","format-standard","hentry","category-festivalnews","category-festivals-2016","category-festivals-abgesagt","category-hiphop-festivals","category-rock-festivals","category-sonstiges"],"_links":{"self":[{"href":"https:\/\/www.festivalhopper.de\/news\/wp-json\/wp\/v2\/posts\/112506","targetHints":{"allow":["GET"]}}],"collection":[{"href":"https:\/\/www.festivalhopper.de\/news\/wp-json\/wp\/v2\/posts"}],"about":[{"href":"https:\/\/www.festivalhopper.de\/news\/wp-json\/wp\/v2\/types\/post"}],"author":[{"embeddable":true,"href":"https:\/\/www.festivalhopper.de\/news\/wp-json\/wp\/v2\/users\/45"}],"replies":[{"embeddable":true,"href":"https:\/\/www.festivalhopper.de\/news\/wp-json\/wp\/v2\/comments?post=112506"}],"version-history":[{"count":5,"href":"https:\/\/www.festivalhopper.de\/news\/wp-json\/wp\/v2\/posts\/112506\/revisions"}],"predecessor-version":[{"id":112513,"href":"https:\/\/www.festivalhopper.de\/news\/wp-json\/wp\/v2\/posts\/112506\/revisions\/112513"}],"wp:attachment":[{"href":"https:\/\/www.festivalhopper.de\/news\/wp-json\/wp\/v2\/media?parent=112506"}],"wp:term":[{"taxonomy":"category","embeddable":true,"href":"https:\/\/www.festivalhopper.de\/news\/wp-json\/wp\/v2\/categories?post=112506"},{"taxonomy":"post_tag","embeddable":true,"href":"https:\/\/www.festivalhopper.de\/news\/wp-json\/wp\/v2\/tags?post=112506"}],"curies":[{"name":"wp","href":"https:\/\/api.w.org\/{rel}","templated":true}]}}