{"id":112450,"date":"2016-07-21T14:41:55","date_gmt":"2016-07-21T12:41:55","guid":{"rendered":"http:\/\/www.festivalhopper.de\/news\/?p=112450"},"modified":"2016-07-21T14:41:55","modified_gmt":"2016-07-21T12:41:55","slug":"buiten-westen2016-amsterdam-review","status":"publish","type":"post","link":"https:\/\/www.festivalhopper.de\/news\/2016\/07\/21\/buiten-westen2016-amsterdam-review\/","title":{"rendered":"Das Buiten Westen 2016 in Amsterdam \u2013 von Freunden f\u00fcr Freunde"},"content":{"rendered":"<p><a href=\"https:\/\/www.festivalhopper.de\/news\/wp-content\/uploads\/2016\/07\/Buiten_Westen_12-1.jpg\"><img loading=\"lazy\" decoding=\"async\" class=\"alignright wp-image-112475 size-medium\" src=\"https:\/\/www.festivalhopper.de\/news\/wp-content\/uploads\/2016\/07\/Buiten_Westen_12-1-300x200.jpg\" alt=\"Buiten_Westen_12\" width=\"300\" height=\"200\" srcset=\"https:\/\/www.festivalhopper.de\/news\/wp-content\/uploads\/2016\/07\/Buiten_Westen_12-1-300x200.jpg 300w, https:\/\/www.festivalhopper.de\/news\/wp-content\/uploads\/2016\/07\/Buiten_Westen_12-1-768x512.jpg 768w, https:\/\/www.festivalhopper.de\/news\/wp-content\/uploads\/2016\/07\/Buiten_Westen_12-1.jpg 1024w\" sizes=\"auto, (max-width: 300px) 100vw, 300px\" \/><\/a>Vor einem Jahr, dank <strong>Fritz Kalkbrenner<\/strong> entdeckt, fanden wir uns dieses Jahr erneut auf dem <a href=\"https:\/\/www.festivalhopper.de\/festival\/buiten-westen-2016\"><strong>Buiten Westen<\/strong><\/a> wieder.<\/p>\n<p>Das <strong>Buiten Westen ist ein electro\/house Festival<\/strong> in <strong>Amsterdam<\/strong>, welches dieses Jahr zum Einen das 5-J\u00e4hrige Jubil\u00e4um feierte und zum Anderen das erste Mal au\u00dferhalb von Amsterdam in Ouderkerkplas stattfand.<\/p>\n<p><!--more--><\/p>\n<p>Wie es sich f\u00fcr die Niederl\u00e4nder geh\u00f6rt, fuhren wir standesgem\u00e4\u00df 40 Minuten mit dem Rad durch die Natur und kamen zusammen mit den festivalw\u00fctigen Niederl\u00e4ndern an.<\/p>\n<p><a href=\"https:\/\/www.festivalhopper.de\/news\/wp-content\/uploads\/2016\/07\/Buiten_Westen_07-1.jpg\"><img loading=\"lazy\" decoding=\"async\" class=\"alignleft wp-image-112471 size-medium\" src=\"https:\/\/www.festivalhopper.de\/news\/wp-content\/uploads\/2016\/07\/Buiten_Westen_07-1-300x200.jpg\" alt=\"Buiten_Westen_07\" width=\"300\" height=\"200\" srcset=\"https:\/\/www.festivalhopper.de\/news\/wp-content\/uploads\/2016\/07\/Buiten_Westen_07-1-300x200.jpg 300w, https:\/\/www.festivalhopper.de\/news\/wp-content\/uploads\/2016\/07\/Buiten_Westen_07-1-768x512.jpg 768w, https:\/\/www.festivalhopper.de\/news\/wp-content\/uploads\/2016\/07\/Buiten_Westen_07-1.jpg 1024w\" sizes=\"auto, (max-width: 300px) 100vw, 300px\" \/><\/a>Was uns schon das letzte Jahr faszinierte, war die <strong>wundervolle Gestaltung des gesamten Festivals<\/strong>. Und auch dieses Jahr wurden wir nicht entt\u00e4uscht: Die liebevolle Gestaltung fand man in jeder Ecke und man hatte das Gef\u00fchl, dass dieses Festival von einem guten Freund nur f\u00fcr uns organisiert wurde. Jeder Foodtruck und jede B\u00fchne wurde einzigartig dekoriert und erbaut \u2013 so hat das Buiten Westen seinen ganz eigenen Flair.<\/p>\n<p><a href=\"https:\/\/www.festivalhopper.de\/news\/wp-content\/uploads\/2016\/07\/Buiten_Westen_01-1.jpg\"><img loading=\"lazy\" decoding=\"async\" class=\"alignright wp-image-112465 size-medium\" src=\"https:\/\/www.festivalhopper.de\/news\/wp-content\/uploads\/2016\/07\/Buiten_Westen_01-1-300x225.jpg\" alt=\"Buiten_Westen_01\" width=\"300\" height=\"225\" srcset=\"https:\/\/www.festivalhopper.de\/news\/wp-content\/uploads\/2016\/07\/Buiten_Westen_01-1-300x225.jpg 300w, https:\/\/www.festivalhopper.de\/news\/wp-content\/uploads\/2016\/07\/Buiten_Westen_01-1-768x576.jpg 768w, https:\/\/www.festivalhopper.de\/news\/wp-content\/uploads\/2016\/07\/Buiten_Westen_01-1.jpg 1024w\" sizes=\"auto, (max-width: 300px) 100vw, 300px\" \/><\/a>Das Festivalgel\u00e4nde lag mitten in der Natur an einem See, man konnte barfu\u00df im Sand zu den Elektrobeats tanzen oder seinen Kokosnuss-Cocktail liegend im Gras genie\u00dfen.<\/p>\n<p>Die Anzahl an Workshops, Zusatzangeboten und Foodtrucks ist dieses Jahr, dank der gr\u00f6\u00dferen Festivalfl\u00e4che, noch einmal gestiegen. Ob <strong>Rocket Yoga<\/strong>, Festival-Shopping, Frisbee-Challenges, oder Fritjes und Burger&#8230; Es ist uns nicht schwer gefallen den ganzen Tag dort zu verbringen.<\/p>\n<p>Unser Highlight war am Ende nat\u00fcrlich <a title=\"Oliver Koletzki\" href=\"https:\/\/www.festivalhopper.de\/bands\/karten\/oliver-koletzki.php\">Oliver Koletzki<\/a>, den wir sehns\u00fcchtig um 20.00 Uhr auf der Hauptb\u00fchne erwarteten. Bis dahin haben wir aber s\u00e4mtliche andere K\u00fcnstler genossen, wie <strong>Frankey &amp; Sandrino<\/strong>, <strong>Bambounou<\/strong> und <strong>The Primo Kremlin Discko<\/strong>.<\/p>\n<p><img loading=\"lazy\" decoding=\"async\" class=\"alignnone wp-image-112477\" src=\"https:\/\/www.festivalhopper.de\/news\/wp-content\/uploads\/2016\/07\/BW_Oliver_Koletzki_02-1-300x200.jpg\" alt=\"BW_Oliver_Koletzki_02\" width=\"270\" height=\"182\" \/> <a href=\"https:\/\/www.festivalhopper.de\/news\/wp-content\/uploads\/2016\/07\/BW_Oliver_Koletzki_01-1.jpg\"><img loading=\"lazy\" decoding=\"async\" class=\"alignnone wp-image-112476\" src=\"https:\/\/www.festivalhopper.de\/news\/wp-content\/uploads\/2016\/07\/BW_Oliver_Koletzki_01-1-300x200.jpg\" alt=\"BW_Oliver_Koletzki_01\" width=\"270\" height=\"181\" srcset=\"https:\/\/www.festivalhopper.de\/news\/wp-content\/uploads\/2016\/07\/BW_Oliver_Koletzki_01-1-300x200.jpg 300w, https:\/\/www.festivalhopper.de\/news\/wp-content\/uploads\/2016\/07\/BW_Oliver_Koletzki_01-1-768x512.jpg 768w, https:\/\/www.festivalhopper.de\/news\/wp-content\/uploads\/2016\/07\/BW_Oliver_Koletzki_01-1.jpg 1024w\" sizes=\"auto, (max-width: 270px) 100vw, 270px\" \/><\/a><\/p>\n<p><a href=\"https:\/\/www.festivalhopper.de\/news\/wp-content\/uploads\/2016\/07\/Buiten_Westen_03-1.jpg\"><img loading=\"lazy\" decoding=\"async\" class=\"alignright wp-image-112467 size-medium\" src=\"https:\/\/www.festivalhopper.de\/news\/wp-content\/uploads\/2016\/07\/Buiten_Westen_03-1-300x200.jpg\" alt=\"Buiten_Westen_03\" width=\"300\" height=\"200\" srcset=\"https:\/\/www.festivalhopper.de\/news\/wp-content\/uploads\/2016\/07\/Buiten_Westen_03-1-300x200.jpg 300w, https:\/\/www.festivalhopper.de\/news\/wp-content\/uploads\/2016\/07\/Buiten_Westen_03-1-768x512.jpg 768w, https:\/\/www.festivalhopper.de\/news\/wp-content\/uploads\/2016\/07\/Buiten_Westen_03-1.jpg 1024w\" sizes=\"auto, (max-width: 300px) 100vw, 300px\" \/><\/a>Besonders \u00fcberrascht hat uns <a title=\"Antal\" href=\"https:\/\/www.festivalhopper.de\/bands\/karten\/antal.php\">Antal<\/a>, den wir vorher noch nicht kannten, der aber mit seinen <strong>Beats-Mixes aus House, Disco und brasilianischen Kl\u00e4ngen<\/strong> das Cartel-Zelt zum ausflippen gebracht hat.<\/p>\n<p>Um 20.00 Uhr war es dann so weit: <strong>Meister Koletzki<\/strong> betrat die B\u00fchne, die Sonne kam passend zum Abend noch einmal raus und wir konnten ausgelassen in bester Atmosph\u00e4re direkt im Sand tanzen.<\/p>\n<p>Ich wurde gefragt: Was macht das Buiten Westen f\u00fcr dich so besonders und als sehr visueller Mensch muss ich sagen: Das Aussehen z\u00e4hlt! In einer solchen Atmosph\u00e4re, in diesem kleinen Kosmos, der tagelang errichtet wird, kann es uns nur gut gehen.<\/p>\n<p><a href=\"https:\/\/www.festivalhopper.de\/news\/wp-content\/uploads\/2016\/07\/Buiten_Westen_06-1.jpg\"><img loading=\"lazy\" decoding=\"async\" class=\"alignnone wp-image-112470\" src=\"https:\/\/www.festivalhopper.de\/news\/wp-content\/uploads\/2016\/07\/Buiten_Westen_06-1-200x300.jpg\" alt=\"Buiten_Westen_06\" width=\"180\" height=\"270\" srcset=\"https:\/\/www.festivalhopper.de\/news\/wp-content\/uploads\/2016\/07\/Buiten_Westen_06-1-200x300.jpg 200w, https:\/\/www.festivalhopper.de\/news\/wp-content\/uploads\/2016\/07\/Buiten_Westen_06-1.jpg 683w\" sizes=\"auto, (max-width: 180px) 100vw, 180px\" \/><\/a> <a href=\"https:\/\/www.festivalhopper.de\/news\/wp-content\/uploads\/2016\/07\/Buiten_Westen_09-1.jpg\"><img loading=\"lazy\" decoding=\"async\" class=\"alignnone wp-image-112473\" src=\"https:\/\/www.festivalhopper.de\/news\/wp-content\/uploads\/2016\/07\/Buiten_Westen_09-1-200x300.jpg\" alt=\"Buiten_Westen_09\" width=\"180\" height=\"271\" srcset=\"https:\/\/www.festivalhopper.de\/news\/wp-content\/uploads\/2016\/07\/Buiten_Westen_09-1-200x300.jpg 200w, https:\/\/www.festivalhopper.de\/news\/wp-content\/uploads\/2016\/07\/Buiten_Westen_09-1.jpg 683w\" sizes=\"auto, (max-width: 180px) 100vw, 180px\" \/><\/a> <a href=\"https:\/\/www.festivalhopper.de\/news\/wp-content\/uploads\/2016\/07\/Buiten_Westen_02-1.jpg\"><img loading=\"lazy\" decoding=\"async\" class=\"alignnone wp-image-112466\" src=\"https:\/\/www.festivalhopper.de\/news\/wp-content\/uploads\/2016\/07\/Buiten_Westen_02-1-200x300.jpg\" alt=\"Buiten_Westen_02\" width=\"179\" height=\"269\" srcset=\"https:\/\/www.festivalhopper.de\/news\/wp-content\/uploads\/2016\/07\/Buiten_Westen_02-1-200x300.jpg 200w, https:\/\/www.festivalhopper.de\/news\/wp-content\/uploads\/2016\/07\/Buiten_Westen_02-1.jpg 683w\" sizes=\"auto, (max-width: 179px) 100vw, 179px\" \/><\/a><\/p>\n<p><a href=\"https:\/\/www.festivalhopper.de\/news\/wp-content\/uploads\/2016\/07\/Buiten_Westen_11.jpg\"><img loading=\"lazy\" decoding=\"async\" class=\"alignright wp-image-112461 size-medium\" src=\"https:\/\/www.festivalhopper.de\/news\/wp-content\/uploads\/2016\/07\/Buiten_Westen_11-300x200.jpg\" alt=\"Buiten_Westen_11\" width=\"300\" height=\"200\" srcset=\"https:\/\/www.festivalhopper.de\/news\/wp-content\/uploads\/2016\/07\/Buiten_Westen_11-300x200.jpg 300w, https:\/\/www.festivalhopper.de\/news\/wp-content\/uploads\/2016\/07\/Buiten_Westen_11-768x512.jpg 768w, https:\/\/www.festivalhopper.de\/news\/wp-content\/uploads\/2016\/07\/Buiten_Westen_11.jpg 1024w\" sizes=\"auto, (max-width: 300px) 100vw, 300px\" \/><\/a>Das Festival ist ein echter Geheimtipp f\u00fcr das n\u00e4chste Jahr und eine Anreise aus Deutschland lohnt sich allemal: Freitag anreisen und <strong>Amsterdam<\/strong> genie\u00dfen, Samstag <strong>mit dem Rad zum Festival<\/strong> und Sonntag <strong>mit dem Boot durch die Grachten<\/strong> \u2013 was f\u00fcr ein Wochenende!<\/p>\n<p>Mit rund 40 \u20ac ist das Festival nicht das g\u00fcnstigste und auch Amsterdam selbst ist etwas teurer, es lohnt sich aber in jedem Fall!<\/p>\n<p>Wir kommen wieder!<\/p>\n<p><em>Hier geht&#8217;s zu unserer Vorschau: &#8222;<a href=\"https:\/\/www.festivalhopper.de\/news\/2016\/05\/07\/buiten-westen-amsterdam-bunt\/\" data-click=\"News|TopNews|2016\/05\/07\/buiten-westen-amsterdam-bunt\/\">Buiten Westen \u2013 es wird wieder bunt und hei\u00df<\/a>&#8222;.<\/em><\/p>","protected":false},"excerpt":{"rendered":"<p>Vor einem Jahr, dank Fritz Kalkbrenner entdeckt, fanden wir uns dieses Jahr erneut auf dem Buiten Westen wieder. Das Buiten Westen ist ein electro\/house Festival in Amsterdam, welches dieses Jahr zum Einen das 5-J\u00e4hrige Jubil\u00e4um feierte und zum Anderen das erste Mal au\u00dferhalb von Amsterdam in Ouderkerkplas stattfand.<\/p>\n","protected":false},"author":609,"featured_media":112475,"comment_status":"open","ping_status":"open","sticky":false,"template":"","format":"standard","meta":{"footnotes":""},"categories":[1078,5,35,7,2,1079,40],"tags":[1248,192,939,1249],"class_list":["post-112450","post","type-post","status-publish","format-standard","has-post-thumbnail","hentry","category-bandfotos","category-elektronische-musik","category-festivalberichte","category-festivalbilder","category-festivalnews","category-festivals-2016","category-festivals-in-europa","tag-amsterdam","tag-electro","tag-house","tag-oliver-koletzki"],"_links":{"self":[{"href":"https:\/\/www.festivalhopper.de\/news\/wp-json\/wp\/v2\/posts\/112450","targetHints":{"allow":["GET"]}}],"collection":[{"href":"https:\/\/www.festivalhopper.de\/news\/wp-json\/wp\/v2\/posts"}],"about":[{"href":"https:\/\/www.festivalhopper.de\/news\/wp-json\/wp\/v2\/types\/post"}],"author":[{"embeddable":true,"href":"https:\/\/www.festivalhopper.de\/news\/wp-json\/wp\/v2\/users\/609"}],"replies":[{"embeddable":true,"href":"https:\/\/www.festivalhopper.de\/news\/wp-json\/wp\/v2\/comments?post=112450"}],"version-history":[{"count":5,"href":"https:\/\/www.festivalhopper.de\/news\/wp-json\/wp\/v2\/posts\/112450\/revisions"}],"predecessor-version":[{"id":112490,"href":"https:\/\/www.festivalhopper.de\/news\/wp-json\/wp\/v2\/posts\/112450\/revisions\/112490"}],"wp:featuredmedia":[{"embeddable":true,"href":"https:\/\/www.festivalhopper.de\/news\/wp-json\/wp\/v2\/media\/112475"}],"wp:attachment":[{"href":"https:\/\/www.festivalhopper.de\/news\/wp-json\/wp\/v2\/media?parent=112450"}],"wp:term":[{"taxonomy":"category","embeddable":true,"href":"https:\/\/www.festivalhopper.de\/news\/wp-json\/wp\/v2\/categories?post=112450"},{"taxonomy":"post_tag","embeddable":true,"href":"https:\/\/www.festivalhopper.de\/news\/wp-json\/wp\/v2\/tags?post=112450"}],"curies":[{"name":"wp","href":"https:\/\/api.w.org\/{rel}","templated":true}]}}