{"id":11181,"date":"2009-07-16T16:58:08","date_gmt":"2009-07-16T14:58:08","guid":{"rendered":"http:\/\/www.festivalhopper.de\/news\/?p=11181"},"modified":"2009-07-16T16:58:25","modified_gmt":"2009-07-16T14:58:25","slug":"abgesagt-fritz-im-freien-part-2","status":"publish","type":"post","link":"https:\/\/www.festivalhopper.de\/news\/2009\/07\/16\/abgesagt-fritz-im-freien-part-2\/","title":{"rendered":"abgesagt: Fritz im Freien Part 2"},"content":{"rendered":"<p><a href=\"https:\/\/www.festivalhopper.de\/news\/wp-content\/uploads\/2009\/07\/fritz-im-freien-teil21.png\"><img loading=\"lazy\" decoding=\"async\" class=\"alignleft size-thumbnail wp-image-11298\" title=\"fritz-im-freien-teil21\" src=\"https:\/\/www.festivalhopper.de\/news\/wp-content\/uploads\/2009\/07\/fritz-im-freien-teil21-150x150.png\" alt=\"fritz-im-freien-teil21\" width=\"150\" height=\"150\" \/><\/a>Genau zwischen den ersten Teil des <a href=\"https:\/\/www.festivalhopper.de\/festival\/fritz-im-freien\">Fritz im Freien<\/a> und des &#8222;<a href=\"https:\/\/www.festivalhopper.de\/news\/2009\/07\/16\/clueso-ein-hartz-fuer-berlin\/\">Ein Hartz f\u00fcr Berlin<\/a>&#8220; erreichte uns nun die traurige Nachricht, dass <strong>der zweite Teil von Fritz im Freien leider aus technischen Gr\u00fcnden abgesagt werden muss<\/strong>.<\/p>\n<p>Also der Konzertabend <strong>&#8222;<a href=\"https:\/\/www.festivalhopper.de\/news\/2009\/07\/03\/fritz-im-freien-festival-in-2-akten\">Fritz im Freien Part 2<\/a>&#8220; mit Mia.,Tele und Klee am 1. August 2009 in der Zitadelle Spandau muss leider ausfallen<\/strong>. Die Veranstalter und auch wir bedauern dass, denn der erste Teil mit <a href=\"https:\/\/www.festivalhopper.de\/news\/2009\/07\/11\/fritz-im-freien-selig-clueso\">Clueso, Selig und Emilian Torrini<\/a> war doch sehr sch\u00f6n.<\/p>\n<p>Wer schon ein <strong>Ticket f\u00fcrs Fritz im Freien Teil 2<\/strong> hat f\u00fcr den gelten diese Infos:<\/p>\n<blockquote><p><em>Bereits gekaufte Karten k\u00f6nnen an den jeweiligen VVK-Stellen zur\u00fcckgegeben werden.<br \/>\nKombiticktes von Fritz im Freien 1&amp;2 k\u00f6nnen bei der Trinity Konzertkasse f\u00fcr die H\u00e4lfte zur\u00fcckerstattet werden.<\/em><\/p><\/blockquote>","protected":false},"excerpt":{"rendered":"<p>Genau zwischen den ersten Teil des Fritz im Freien und des &#8222;Ein Hartz f\u00fcr Berlin&#8220; erreichte uns nun die traurige Nachricht, dass der zweite Teil von Fritz im Freien leider aus technischen Gr\u00fcnden abgesagt werden muss. Also der Konzertabend &#8222;Fritz im Freien Part 2&#8220; mit Mia.,Tele und Klee am 1. August 2009 in der Zitadelle [&hellip;]<\/p>\n","protected":false},"author":1,"featured_media":0,"comment_status":"open","ping_status":"open","sticky":false,"template":"","format":"standard","meta":{"footnotes":""},"categories":[2,131,27,42,137,6,20],"tags":[],"class_list":["post-11181","post","type-post","status-publish","format-standard","hentry","category-festivalnews","category-festivals-2009","category-festivals-abgesagt","category-indie-festivals","category-kleines-festival","category-rock-festivals","category-tickets-kaufen"],"_links":{"self":[{"href":"https:\/\/www.festivalhopper.de\/news\/wp-json\/wp\/v2\/posts\/11181","targetHints":{"allow":["GET"]}}],"collection":[{"href":"https:\/\/www.festivalhopper.de\/news\/wp-json\/wp\/v2\/posts"}],"about":[{"href":"https:\/\/www.festivalhopper.de\/news\/wp-json\/wp\/v2\/types\/post"}],"author":[{"embeddable":true,"href":"https:\/\/www.festivalhopper.de\/news\/wp-json\/wp\/v2\/users\/1"}],"replies":[{"embeddable":true,"href":"https:\/\/www.festivalhopper.de\/news\/wp-json\/wp\/v2\/comments?post=11181"}],"version-history":[{"count":0,"href":"https:\/\/www.festivalhopper.de\/news\/wp-json\/wp\/v2\/posts\/11181\/revisions"}],"wp:attachment":[{"href":"https:\/\/www.festivalhopper.de\/news\/wp-json\/wp\/v2\/media?parent=11181"}],"wp:term":[{"taxonomy":"category","embeddable":true,"href":"https:\/\/www.festivalhopper.de\/news\/wp-json\/wp\/v2\/categories?post=11181"},{"taxonomy":"post_tag","embeddable":true,"href":"https:\/\/www.festivalhopper.de\/news\/wp-json\/wp\/v2\/tags?post=11181"}],"curies":[{"name":"wp","href":"https:\/\/api.w.org\/{rel}","templated":true}]}}