{"id":11136,"date":"2009-07-31T18:20:30","date_gmt":"2009-07-31T16:20:30","guid":{"rendered":"http:\/\/www.festivalhopper.de\/news\/?p=11136"},"modified":"2009-08-04T12:13:24","modified_gmt":"2009-08-04T10:13:24","slug":"tff-2009-ein-rueckblick","status":"publish","type":"post","link":"https:\/\/www.festivalhopper.de\/news\/2009\/07\/31\/tff-2009-ein-rueckblick\/","title":{"rendered":"TFF 2009 &#8211; Ein R\u00fcckblick"},"content":{"rendered":"<p><a href=\"https:\/\/www.flickr.com\/photos\/frankon\/3687492842\/in\/set-72157621261616121\"><img loading=\"lazy\" decoding=\"async\" class=\"alignleft\" title=\"TFF Rudolstadt 2009\" src=\"https:\/\/farm4.static.flickr.com\/3585\/3687492842_7b9b014588_m.jpg\" alt=\"\" width=\"240\" height=\"159\" \/><\/a>Das beschauliche <strong>Rudolstadt <\/strong>in mitten des gr\u00fcnen Herzens Deutschlands \u00f6ffnete am ersten Juliwochenende seine Pforten. Tausende Menschen str\u00f6men aus allen Himmelsrichtungen in das St\u00e4dtchen. In diesem Jahr stellte das <a href=\"https:\/\/www.festivalhopper.de\/festival\/tff-rudolstadt-2009\"><strong>Tanz &amp; Folkfest<\/strong><\/a>, was seines Zeichens das gr\u00f6\u00dfte deutsche ist, einen neuen Rekord auf. <strong>70.000 Besucher<\/strong> kamen an den drei Tagen und brachten mit Hilfe der wirklich bestens gelaunten Sonne das Pflaster zum Gl\u00fchen.<!--more--><\/p>\n<p><a href=\"https:\/\/www.festivalhopper.de\/news\/wp-content\/uploads\/2009\/07\/DSC_9335.jpg\"><\/a><a href=\"https:\/\/www.festivalhopper.de\/news\/wp-content\/uploads\/2009\/07\/DSC_9101.jpg\"><img loading=\"lazy\" decoding=\"async\" class=\"alignnone size-thumbnail wp-image-12815\" title=\"DSC_9101\" src=\"https:\/\/www.festivalhopper.de\/news\/wp-content\/uploads\/2009\/07\/DSC_9101-150x150.jpg\" alt=\"DSC_9101\" width=\"150\" height=\"150\" \/><\/a><a href=\"https:\/\/www.festivalhopper.de\/news\/wp-content\/uploads\/2009\/07\/DSC_9394.jpg\"><img loading=\"lazy\" decoding=\"async\" class=\"alignnone size-thumbnail wp-image-12824\" title=\"DSC_9394\" src=\"https:\/\/www.festivalhopper.de\/news\/wp-content\/uploads\/2009\/07\/DSC_9394-150x150.jpg\" alt=\"DSC_9394\" width=\"150\" height=\"150\" \/><\/a><a href=\"https:\/\/www.festivalhopper.de\/news\/wp-content\/uploads\/2009\/07\/DSC_0164.jpg\"><img loading=\"lazy\" decoding=\"async\" class=\"alignnone size-thumbnail wp-image-12792\" title=\"DSC_0164\" src=\"https:\/\/www.festivalhopper.de\/news\/wp-content\/uploads\/2009\/07\/DSC_0164-150x150.jpg\" alt=\"DSC_0164\" width=\"150\" height=\"150\" \/><\/a><\/p>\n<p>Das<strong> zum 19. Mal<\/strong> veranstaltete Festival stie\u00df allerdings mit dieser Menge an Besuchern und Kosten von ca. <strong>1,5 Millionen Euro <\/strong>schon etwas an die Grenzen seine Kapazit\u00e4ten, so der Festival Direktor Ulrich Doberenz. Die Besucher hatten Durst &#8211; <strong>24 Hektoliter Bier<\/strong> bedeuteten auch einen neuen Rekord zum TFF.<\/p>\n<p><a href=\"https:\/\/www.festivalhopper.de\/news\/wp-content\/uploads\/2009\/07\/DSC_9335.jpg\"><img loading=\"lazy\" decoding=\"async\" class=\"alignnone size-thumbnail wp-image-12821\" title=\"DSC_9335\" src=\"https:\/\/www.festivalhopper.de\/news\/wp-content\/uploads\/2009\/07\/DSC_9335-150x150.jpg\" alt=\"DSC_9335\" width=\"150\" height=\"150\" \/><\/a><a href=\"https:\/\/www.festivalhopper.de\/news\/wp-content\/uploads\/2009\/07\/DSC_7849.jpg\"><\/a><a href=\"https:\/\/www.festivalhopper.de\/news\/wp-content\/uploads\/2009\/07\/DSC_9586.jpg\"><img loading=\"lazy\" decoding=\"async\" class=\"alignnone size-thumbnail wp-image-12829\" title=\"DSC_9586\" src=\"https:\/\/www.festivalhopper.de\/news\/wp-content\/uploads\/2009\/07\/DSC_9586-150x150.jpg\" alt=\"DSC_9586\" width=\"150\" height=\"150\" \/><\/a><a href=\"https:\/\/www.festivalhopper.de\/news\/wp-content\/uploads\/2009\/07\/DSC_7897.jpg\"><img loading=\"lazy\" decoding=\"async\" class=\"alignnone size-thumbnail wp-image-12811\" title=\"DSC_7897\" src=\"https:\/\/www.festivalhopper.de\/news\/wp-content\/uploads\/2009\/07\/DSC_7897-150x150.jpg\" alt=\"DSC_7897\" width=\"150\" height=\"150\" \/><\/a><\/p>\n<p>Der Veranstalter erwirtschaftet an die 90 Prozent der ben\u00f6tigten Gelder selbst und 80.000 Euro werden von Stadt und Land beigesteuert. In diesem Jahr hie\u00df das <strong>272 Auftritte von 1245 K\u00fcnslern<\/strong>, welche aus <strong>40 L\u00e4ndern<\/strong> kamen, wurden dem Publikum geboten. Auch f\u00fcr die M\u00e4gen der K\u00fcnstler sorgte das Catering ausreichend mit <strong>600kg Gulasch<\/strong>, <strong>1500 Fischfilets<\/strong> und <strong>2500 H\u00e4hnchenkeulen<\/strong> wurden von acht K\u00f6chen sowie zehn Servicekr\u00e4ften bereitet.<\/p>\n<p><a href=\"https:\/\/www.festivalhopper.de\/news\/wp-content\/uploads\/2009\/07\/DSC_7662.jpg\"><img loading=\"lazy\" decoding=\"async\" class=\"alignnone size-thumbnail wp-image-12803\" title=\"DSC_7662\" src=\"https:\/\/www.festivalhopper.de\/news\/wp-content\/uploads\/2009\/07\/DSC_7662-150x150.jpg\" alt=\"DSC_7662\" width=\"150\" height=\"150\" \/><\/a><a href=\"https:\/\/www.festivalhopper.de\/news\/wp-content\/uploads\/2009\/07\/DSC_7658.jpg\"><img loading=\"lazy\" decoding=\"async\" class=\"alignnone size-thumbnail wp-image-12802\" title=\"DSC_7658\" src=\"https:\/\/www.festivalhopper.de\/news\/wp-content\/uploads\/2009\/07\/DSC_7658-150x150.jpg\" alt=\"DSC_7658\" width=\"150\" height=\"150\" \/><\/a><a href=\"https:\/\/www.festivalhopper.de\/news\/wp-content\/uploads\/2009\/07\/DSC_0437.jpg\"><img loading=\"lazy\" decoding=\"async\" class=\"alignnone size-thumbnail wp-image-12795\" title=\"DSC_0437\" src=\"https:\/\/www.festivalhopper.de\/news\/wp-content\/uploads\/2009\/07\/DSC_0437-150x150.jpg\" alt=\"DSC_0437\" width=\"150\" height=\"150\" \/><\/a><\/p>\n<p>Die Medienresonanz war in diesem Jahr auch rekordverd\u00e4chtig. So waren <strong>130 Medien mit ca. 400 Mitarbeitern<\/strong> vetreten, die vom TFF berichteten. Um den perfekten Ablauf zu garantieren waren nahezu <strong>1000 Helfer<\/strong> am Festivalb\u00fcro, an den B\u00fchnen, in den Bierwagen, am Catering, an den Kassen sowie am B\u00e4ndchenumtausch f\u00fcr die Besucher da.<\/p>\n<p><a href=\"https:\/\/www.festivalhopper.de\/news\/wp-content\/uploads\/2009\/07\/DSC_9346.jpg\"><img loading=\"lazy\" decoding=\"async\" class=\"alignnone size-thumbnail wp-image-12822\" title=\"DSC_9346\" src=\"https:\/\/www.festivalhopper.de\/news\/wp-content\/uploads\/2009\/07\/DSC_9346-150x150.jpg\" alt=\"DSC_9346\" width=\"150\" height=\"150\" \/><\/a><a href=\"https:\/\/www.festivalhopper.de\/news\/wp-content\/uploads\/2009\/07\/DSC_7772.jpg\"><img loading=\"lazy\" decoding=\"async\" class=\"alignnone size-thumbnail wp-image-12807\" title=\"DSC_7772\" src=\"https:\/\/www.festivalhopper.de\/news\/wp-content\/uploads\/2009\/07\/DSC_7772-150x150.jpg\" alt=\"DSC_7772\" width=\"150\" height=\"150\" \/><\/a><a href=\"https:\/\/www.festivalhopper.de\/news\/wp-content\/uploads\/2009\/07\/DSC_7549.jpg\"><img loading=\"lazy\" decoding=\"async\" class=\"alignnone size-thumbnail wp-image-12798\" title=\"DSC_7549\" src=\"https:\/\/www.festivalhopper.de\/news\/wp-content\/uploads\/2009\/07\/DSC_7549-150x150.jpg\" alt=\"DSC_7549\" width=\"150\" height=\"150\" \/><\/a><\/p>\n<p>Der diesj\u00e4hrige <strong>L\u00e4nderschwerpunkt Russland<\/strong>, das <strong>magische Instrument &#8211; die Laute<\/strong> sowie der <strong>Tanzschwerpunkt &#8222;M\u00e4nnertanz&#8220; <\/strong>lockten die gut gelaunten Besucher zu Scharen in die Stadt.<\/p>\n<p style=\"text-align: left;\">Fotos und Bericht von <a title=\"www.fRanKon.de\" href=\"http:\/\/www.frankon.de\" target=\"_blank\" rel=\"noopener\">Frank &#8222;fRanKon&#8220; Diehn<\/a> und <a href=\"http:\/\/www.flickr.com\/teliko82\" target=\"_blank\" rel=\"noopener\">Thomas &#8222;Teliko&#8220; Helbig<\/a>.<\/p>\n<p><strong>Weitere Links:<\/strong><\/p>\n<ul>\n<li><a title=\"Homepage des Festivals\" href=\"https:\/\/www.rudolstadt-festival.de\/startseite.html\">Homepage des Festivals<\/a><\/li>\n<li><a title=\"Festivalhopper TFF - Seite\" href=\"https:\/\/www.festivalhopper.de\/festival\/tff-rudolstadt-2009\">unsere Festivalpage <\/a><\/li>\n<li><a title=\"Der erste Tag auf dem TFF 2009\" href=\"https:\/\/www.festivalhopper.de\/news\/2009\/07\/04\/tff-der-erste-festivaltag\/\" target=\"_blank\" rel=\"noopener\">Bericht vom ersten Tag auf dem TFF 2009<\/a><\/li>\n<li><a title=\"Bericht vom zweiten Festivaltag\" href=\"https:\/\/www.festivalhopper.de\/news\/2009\/07\/05\/tff-der-zweite-festivaltag\/\">Bericht vom zweiten Tag auf dem TFF 2009<\/a><\/li>\n<li><a title=\"Der erste Tag auf dem TFF 2009\" href=\"https:\/\/www.festivalhopper.de\/news\/2009\/07\/06\/tff-der-dritte-festivaltag\/\" target=\"_blank\" rel=\"noopener\">Bericht vom dritten Tag auf dem TFF 2009<\/a><\/li>\n<li><a title=\"Bildergalerie zum TFF 2009\" href=\"https:\/\/www.frankon.de\/index.php\/bands\/tff-rudolstadt-2009\" target=\"_blank\" rel=\"noopener\">Umfangreiche Bildergalerie vom TFF 2009<\/a><\/li>\n<li><a title=\"TFF - Bilder von thomas 'Teliko' Helbig\" href=\"http:\/\/www.flickr.com\/photos\/teliko82\/collections\/72157621153214231\/\" target=\"_blank\" rel=\"noopener\">Bildergalerie Teil 2<\/a><\/li>\n<\/ul>\n<p><strong>Quelle<\/strong>:  MDR \/ OTZ<\/p>","protected":false},"excerpt":{"rendered":"<p>Das beschauliche Rudolstadt in mitten des gr\u00fcnen Herzens Deutschlands \u00f6ffnete am ersten Juliwochenende seine Pforten. Tausende Menschen str\u00f6men aus allen Himmelsrichtungen in das St\u00e4dtchen. In diesem Jahr stellte das Tanz &amp; Folkfest, was seines Zeichens das gr\u00f6\u00dfte deutsche ist, einen neuen Rekord auf. 70.000 Besucher kamen an den drei Tagen und brachten mit Hilfe der [&hellip;]<\/p>\n","protected":false},"author":114,"featured_media":0,"comment_status":"open","ping_status":"open","sticky":false,"template":"","format":"standard","meta":{"footnotes":""},"categories":[11,35,131,40,284,247],"tags":[53,280,282,245,281,273,275,278,279,283],"class_list":["post-11136","post","type-post","status-publish","format-standard","hentry","category-afrikanische-musik","category-festivalberichte","category-festivals-2009","category-festivals-in-europa","category-folk-festivals","category-kleinkunst","tag-festival","tag-folk","tag-folkore","tag-frankon","tag-roots","tag-rudolstadt","tag-tff","tag-tff-rudolstadt-2009","tag-thueringen","tag-weltmusik"],"_links":{"self":[{"href":"https:\/\/www.festivalhopper.de\/news\/wp-json\/wp\/v2\/posts\/11136","targetHints":{"allow":["GET"]}}],"collection":[{"href":"https:\/\/www.festivalhopper.de\/news\/wp-json\/wp\/v2\/posts"}],"about":[{"href":"https:\/\/www.festivalhopper.de\/news\/wp-json\/wp\/v2\/types\/post"}],"author":[{"embeddable":true,"href":"https:\/\/www.festivalhopper.de\/news\/wp-json\/wp\/v2\/users\/114"}],"replies":[{"embeddable":true,"href":"https:\/\/www.festivalhopper.de\/news\/wp-json\/wp\/v2\/comments?post=11136"}],"version-history":[{"count":3,"href":"https:\/\/www.festivalhopper.de\/news\/wp-json\/wp\/v2\/posts\/11136\/revisions"}],"predecessor-version":[{"id":144428,"href":"https:\/\/www.festivalhopper.de\/news\/wp-json\/wp\/v2\/posts\/11136\/revisions\/144428"}],"wp:attachment":[{"href":"https:\/\/www.festivalhopper.de\/news\/wp-json\/wp\/v2\/media?parent=11136"}],"wp:term":[{"taxonomy":"category","embeddable":true,"href":"https:\/\/www.festivalhopper.de\/news\/wp-json\/wp\/v2\/categories?post=11136"},{"taxonomy":"post_tag","embeddable":true,"href":"https:\/\/www.festivalhopper.de\/news\/wp-json\/wp\/v2\/tags?post=11136"}],"curies":[{"name":"wp","href":"https:\/\/api.w.org\/{rel}","templated":true}]}}