{"id":110677,"date":"2016-06-05T03:36:35","date_gmt":"2016-06-05T01:36:35","guid":{"rendered":"http:\/\/www.festivalhopper.de\/news\/?p=110677"},"modified":"2016-06-06T17:55:43","modified_gmt":"2016-06-06T15:55:43","slug":"rock-am-ring-sonntag-abgesagt","status":"publish","type":"post","link":"https:\/\/www.festivalhopper.de\/news\/2016\/06\/05\/rock-am-ring-sonntag-abgesagt\/","title":{"rendered":"Rock am Ring Sonntag abgesagt!"},"content":{"rendered":"<p><a href=\"https:\/\/www.festivalhopper.de\/news\/wp-content\/uploads\/2016\/06\/The-Boss-Hoss-RAR2016-DSC05884.jpg\"><img loading=\"lazy\" decoding=\"async\" class=\"alignleft size-medium wp-image-110678\" src=\"https:\/\/www.festivalhopper.de\/news\/wp-content\/uploads\/2016\/06\/The-Boss-Hoss-RAR2016-DSC05884-300x200.jpg\" alt=\"The-Boss-Hoss-RAR2016-DSC05884\" width=\"300\" height=\"200\" srcset=\"https:\/\/www.festivalhopper.de\/news\/wp-content\/uploads\/2016\/06\/The-Boss-Hoss-RAR2016-DSC05884-300x200.jpg 300w, https:\/\/www.festivalhopper.de\/news\/wp-content\/uploads\/2016\/06\/The-Boss-Hoss-RAR2016-DSC05884-768x512.jpg 768w, https:\/\/www.festivalhopper.de\/news\/wp-content\/uploads\/2016\/06\/The-Boss-Hoss-RAR2016-DSC05884.jpg 1024w\" sizes=\"auto, (max-width: 300px) 100vw, 300px\" \/><\/a>Mit <a title=\"The Bosshoss\" href=\"https:\/\/www.festivalhopper.de\/bands\/karten\/the-bosshoss.php\">The Bosshoss<\/a> sind gerade die <strong>letzten Livet\u00f6ne<\/strong> von den gro\u00dfen B\u00fchnen verklungen. Wer jetzt noch <strong>RaR2016<\/strong> feiern will, muss ins Zelt &#8211; denn mit dem heutigen Samstagsprogramm endet <a href=\"https:\/\/www.festivalhopper.de\/festival\/rock-am-ring-2016\">Rock am Ring 2016<\/a>.<\/p>\n<p><strong>&#8222;Verbandsgemeinde Mendig entzieht Spielgenehmigung aufgrund drohender Unwetter&#8220;<\/strong>, so die offizielle Meldung.<\/p>\n<p><!--more--><\/p>\n<p><a href=\"https:\/\/www.festivalhopper.de\/news\/wp-content\/uploads\/2016\/06\/RAR2016-Pressekonferenz-Innenminister-Lewentz-DSC05747-1.jpg\"><img loading=\"lazy\" decoding=\"async\" class=\"alignright size-medium wp-image-110682\" src=\"https:\/\/www.festivalhopper.de\/news\/wp-content\/uploads\/2016\/06\/RAR2016-Pressekonferenz-Innenminister-Lewentz-DSC05747-1-300x200.jpg\" alt=\"RAR2016-Pressekonferenz-Innenminister-Lewentz-DSC05747\" width=\"300\" height=\"200\" srcset=\"https:\/\/www.festivalhopper.de\/news\/wp-content\/uploads\/2016\/06\/RAR2016-Pressekonferenz-Innenminister-Lewentz-DSC05747-1-300x200.jpg 300w, https:\/\/www.festivalhopper.de\/news\/wp-content\/uploads\/2016\/06\/RAR2016-Pressekonferenz-Innenminister-Lewentz-DSC05747-1-768x512.jpg 768w, https:\/\/www.festivalhopper.de\/news\/wp-content\/uploads\/2016\/06\/RAR2016-Pressekonferenz-Innenminister-Lewentz-DSC05747-1.jpg 1024w\" sizes=\"auto, (max-width: 300px) 100vw, 300px\" \/><\/a>Beim <a href=\"https:\/\/www.festivalhopper.de\/news\/2016\/06\/04\/pressekonferenz-rock-ring2016-voruebergehende-absage\/\">kurzen Gespr\u00e4ch mit Marek Lieberberg<\/a> nach der heutigen Pressekonferenz klang der Kampfeswille noch durch &#8211; gleichzeitig aber auch gro\u00dfe Besorgnis bez\u00fcglich der Gesundheit der Festivalbesucher. Man konnte und wollte ganz offenbar nicht die gro\u00dfe Besorgnis des <strong>Innenministers<\/strong> ignorieren. Der sagte schon am Nachmittag <strong>&#8222;\u00dcber morgen wollen wir gar nicht reden&#8220;<\/strong> und lies \u00fcberdies seiner Meinung auch in den sozialen Netzwerken freien Lauf. Klar, so ein Ministerstuhl steht wackelig, wenn dann eben doch was passiert. Im Sinne der Gesundheit der Festivalbesucher ist es auf jeden Fall die &#8222;Nummer-sicher&#8220; Entscheidung.<\/p>\n<p><strong>&#8222;Rock am Ring endet am zweiten Veranstaltungstag&#8220;<\/strong>, der Veranstalter akzeptiert die Entscheidung im Sinne der Gesundheit der Besucher, hei\u00dft es.<\/p>\n<p><em>Weitere Infos folgen.<\/em><\/p>\n<p>&nbsp;<\/p>","protected":false},"excerpt":{"rendered":"<p>Mit The Bosshoss sind gerade die letzten Livet\u00f6ne von den gro\u00dfen B\u00fchnen verklungen. Wer jetzt noch RaR2016 feiern will, muss ins Zelt &#8211; denn mit dem heutigen Samstagsprogramm endet Rock am Ring 2016. &#8222;Verbandsgemeinde Mendig entzieht Spielgenehmigung aufgrund drohender Unwetter&#8220;, so die offizielle Meldung.<\/p>\n","protected":false},"author":45,"featured_media":0,"comment_status":"open","ping_status":"open","sticky":false,"template":"","format":"standard","meta":{"footnotes":""},"categories":[13,35,2,387,516,619,1079,27,40,875,241,4,6],"tags":[],"class_list":["post-110677","post","type-post","status-publish","format-standard","hentry","category-cd-vorstellung","category-festivalberichte","category-festivalnews","category-festivals-2011","category-festivals-2012","category-festivals-2013","category-festivals-2016","category-festivals-abgesagt","category-festivals-in-europa","category-line-up-komplett","category-live-vom-festival","category-reggae-festivals","category-rock-festivals"],"_links":{"self":[{"href":"https:\/\/www.festivalhopper.de\/news\/wp-json\/wp\/v2\/posts\/110677","targetHints":{"allow":["GET"]}}],"collection":[{"href":"https:\/\/www.festivalhopper.de\/news\/wp-json\/wp\/v2\/posts"}],"about":[{"href":"https:\/\/www.festivalhopper.de\/news\/wp-json\/wp\/v2\/types\/post"}],"author":[{"embeddable":true,"href":"https:\/\/www.festivalhopper.de\/news\/wp-json\/wp\/v2\/users\/45"}],"replies":[{"embeddable":true,"href":"https:\/\/www.festivalhopper.de\/news\/wp-json\/wp\/v2\/comments?post=110677"}],"version-history":[{"count":5,"href":"https:\/\/www.festivalhopper.de\/news\/wp-json\/wp\/v2\/posts\/110677\/revisions"}],"predecessor-version":[{"id":110687,"href":"https:\/\/www.festivalhopper.de\/news\/wp-json\/wp\/v2\/posts\/110677\/revisions\/110687"}],"wp:attachment":[{"href":"https:\/\/www.festivalhopper.de\/news\/wp-json\/wp\/v2\/media?parent=110677"}],"wp:term":[{"taxonomy":"category","embeddable":true,"href":"https:\/\/www.festivalhopper.de\/news\/wp-json\/wp\/v2\/categories?post=110677"},{"taxonomy":"post_tag","embeddable":true,"href":"https:\/\/www.festivalhopper.de\/news\/wp-json\/wp\/v2\/tags?post=110677"}],"curies":[{"name":"wp","href":"https:\/\/api.w.org\/{rel}","templated":true}]}}