{"id":109908,"date":"2016-05-07T12:13:58","date_gmt":"2016-05-07T10:13:58","guid":{"rendered":"http:\/\/www.festivalhopper.de\/news\/?p=109908"},"modified":"2016-05-07T12:14:35","modified_gmt":"2016-05-07T10:14:35","slug":"buiten-westen-amsterdam-bunt","status":"publish","type":"post","link":"https:\/\/www.festivalhopper.de\/news\/2016\/05\/07\/buiten-westen-amsterdam-bunt\/","title":{"rendered":"Buiten Westen \u2013 es wird wieder bunt und hei\u00df"},"content":{"rendered":"<p><img loading=\"lazy\" decoding=\"async\" class=\"size-medium wp-image-109922 alignleft\" src=\"https:\/\/www.festivalhopper.de\/news\/wp-content\/uploads\/2016\/05\/buiten_westen_amsterdam_2-300x225.jpg\" alt=\"buiten_westen_amsterdam_2\" width=\"300\" height=\"225\" srcset=\"https:\/\/www.festivalhopper.de\/news\/wp-content\/uploads\/2016\/05\/buiten_westen_amsterdam_2-300x225.jpg 300w, https:\/\/www.festivalhopper.de\/news\/wp-content\/uploads\/2016\/05\/buiten_westen_amsterdam_2-768x576.jpg 768w, https:\/\/www.festivalhopper.de\/news\/wp-content\/uploads\/2016\/05\/buiten_westen_amsterdam_2.jpg 1024w\" sizes=\"auto, (max-width: 300px) 100vw, 300px\" \/><strong>Jubil\u00e4umsjahr f\u00fcr das <a href=\"https:\/\/www.festivalhopper.de\/festival\/buiten-westen-2016\">Buiten Westen<\/a><\/strong>: Zum f\u00fcnften Mal startet das niederl\u00e4ndische <strong>Elektro-Festival<\/strong> mit feinstem Sound und liebevoller Festival-Atmosph\u00e4re.<\/p>\n<p>Am <strong>16.07.2016<\/strong> findet das Tages-Festival \u2013 dieses Jahr zum ersten Mal in der N\u00e4he von <strong>Ouderkerkerplas<\/strong> \u2013 nahe <strong>Amsterdam<\/strong> statt und das Line-Up verspricht einiges.<\/p>\n<p>&nbsp;<\/p>\n<p><!--more--><\/p>\n<p><img loading=\"lazy\" decoding=\"async\" class=\"size-medium wp-image-109921 alignright\" src=\"https:\/\/www.festivalhopper.de\/news\/wp-content\/uploads\/2016\/05\/buiten_westen_amsterdam_1-300x225.jpg\" alt=\"buiten_westen_amsterdam_1\" width=\"300\" height=\"225\" srcset=\"https:\/\/www.festivalhopper.de\/news\/wp-content\/uploads\/2016\/05\/buiten_westen_amsterdam_1-300x225.jpg 300w, https:\/\/www.festivalhopper.de\/news\/wp-content\/uploads\/2016\/05\/buiten_westen_amsterdam_1-768x576.jpg 768w, https:\/\/www.festivalhopper.de\/news\/wp-content\/uploads\/2016\/05\/buiten_westen_amsterdam_1.jpg 1024w\" sizes=\"auto, (max-width: 300px) 100vw, 300px\" \/><a title=\"Oliver Koletzki\" href=\"https:\/\/www.festivalhopper.de\/bands\/karten\/oliver-koletzki.php\">Oliver Koletzki<\/a> und <strong>&amp;ME<\/strong> werden da als bekannteste deutsche DJ&#8217;s vertreten sein aber auch viele internationale K\u00fcnstler aus Frankreich (<strong>Jeremy Underground<\/strong> und <strong>Bambounou<\/strong>), Italien mit <strong>Massimiliano Pagliara<\/strong> und sogar Korea und viele nationale DJs werden das Blut zum kochen und die H\u00fcften zum Schwingen bringen.<\/p>\n<p><strong>Vriendje van Ferry<\/strong> mit ihren 80&#8217;s Hits, italo, disco und house Kl\u00e4ngen, <strong>Tsepo &amp; Pieter Jansen<\/strong>, <strong>Boye<\/strong>, <strong>Mr Mendel, Melon<\/strong> und <strong>Bas Dobbelaer<\/strong> lassen uns jetzt schon nerv\u00f6s werden.<\/p>\n<p><iframe loading=\"lazy\" title=\"Programma Buiten Westen 2016\" src=\"https:\/\/player.vimeo.com\/video\/161731119?dnt=1&amp;app_id=122963\" width=\"500\" height=\"281\" frameborder=\"0\" allow=\"autoplay; fullscreen; picture-in-picture; clipboard-write\"><\/iframe><\/p>\n<p><img loading=\"lazy\" decoding=\"async\" class=\"alignleft wp-image-109923 size-medium\" src=\"https:\/\/www.festivalhopper.de\/news\/wp-content\/uploads\/2016\/05\/buiten_westen_amsterdam_3-e1462531147334-300x218.jpg\" alt=\"buiten_westen_amsterdam_3\" width=\"300\" height=\"218\" srcset=\"https:\/\/www.festivalhopper.de\/news\/wp-content\/uploads\/2016\/05\/buiten_westen_amsterdam_3-e1462531147334-300x218.jpg 300w, https:\/\/www.festivalhopper.de\/news\/wp-content\/uploads\/2016\/05\/buiten_westen_amsterdam_3-e1462531147334.jpg 758w\" sizes=\"auto, (max-width: 300px) 100vw, 300px\" \/>Die Liste ist lang und wir k\u00f6nnten noch ewig so weiter machen. Bring dein Konfetti mit und erlebe es. Wir sind uns sicher: Das <strong>Buiten Westen<\/strong> wird uns wieder einen eigenen kleinen Cosmos f\u00fcr einen Tag kreieren.<\/p>\n<p>Hier geht&#8217;s zum <a href=\"https:\/\/vimeo.com\/161731119\">Trailer<\/a> und hier k\u00f6nnt ihr euch noch schnell <a href=\"http:\/\/buitenwesten.am\/tickets\/\">Karten sichern<\/a>.<\/p>\n<p>Weiteres zum <a href=\"https:\/\/www.festivalhopper.de\/festival\/buiten-westen-2016\">Buiten Westen hier<\/a> und auf <a href=\"http:\/\/buitenwesten.am\" target=\"_blank\">buitenwesten.am<\/a>.<\/p>","protected":false},"excerpt":{"rendered":"<p>Jubil\u00e4umsjahr f\u00fcr das Buiten Westen: Zum f\u00fcnften Mal startet das niederl\u00e4ndische Elektro-Festival mit feinstem Sound und liebevoller Festival-Atmosph\u00e4re. Am 16.07.2016 findet das Tages-Festival \u2013 dieses Jahr zum ersten Mal in der N\u00e4he von Ouderkerkerplas \u2013 nahe Amsterdam statt und das Line-Up verspricht einiges. &nbsp;<\/p>\n","protected":false},"author":609,"featured_media":0,"comment_status":"open","ping_status":"open","sticky":false,"template":"","format":"standard","meta":{"footnotes":""},"categories":[5,2,1079,40,20],"tags":[],"class_list":["post-109908","post","type-post","status-publish","format-standard","hentry","category-elektronische-musik","category-festivalnews","category-festivals-2016","category-festivals-in-europa","category-tickets-kaufen"],"_links":{"self":[{"href":"https:\/\/www.festivalhopper.de\/news\/wp-json\/wp\/v2\/posts\/109908","targetHints":{"allow":["GET"]}}],"collection":[{"href":"https:\/\/www.festivalhopper.de\/news\/wp-json\/wp\/v2\/posts"}],"about":[{"href":"https:\/\/www.festivalhopper.de\/news\/wp-json\/wp\/v2\/types\/post"}],"author":[{"embeddable":true,"href":"https:\/\/www.festivalhopper.de\/news\/wp-json\/wp\/v2\/users\/609"}],"replies":[{"embeddable":true,"href":"https:\/\/www.festivalhopper.de\/news\/wp-json\/wp\/v2\/comments?post=109908"}],"version-history":[{"count":5,"href":"https:\/\/www.festivalhopper.de\/news\/wp-json\/wp\/v2\/posts\/109908\/revisions"}],"predecessor-version":[{"id":109937,"href":"https:\/\/www.festivalhopper.de\/news\/wp-json\/wp\/v2\/posts\/109908\/revisions\/109937"}],"wp:attachment":[{"href":"https:\/\/www.festivalhopper.de\/news\/wp-json\/wp\/v2\/media?parent=109908"}],"wp:term":[{"taxonomy":"category","embeddable":true,"href":"https:\/\/www.festivalhopper.de\/news\/wp-json\/wp\/v2\/categories?post=109908"},{"taxonomy":"post_tag","embeddable":true,"href":"https:\/\/www.festivalhopper.de\/news\/wp-json\/wp\/v2\/tags?post=109908"}],"curies":[{"name":"wp","href":"https:\/\/api.w.org\/{rel}","templated":true}]}}