{"id":109811,"date":"2016-05-02T09:23:34","date_gmt":"2016-05-02T07:23:34","guid":{"rendered":"http:\/\/www.festivalhopper.de\/news\/?p=109811"},"modified":"2016-05-02T01:31:16","modified_gmt":"2016-05-01T23:31:16","slug":"kaltern-pop-mit-fortsetzung-2016-vvk-start","status":"publish","type":"post","link":"https:\/\/www.festivalhopper.de\/news\/2016\/05\/02\/kaltern-pop-mit-fortsetzung-2016-vvk-start\/","title":{"rendered":"Kaltern Pop mit Fortsetzung und Vorverkaufsstart 2016"},"content":{"rendered":"<p><a href=\"https:\/\/www.festivalhopper.de\/news\/wp-content\/uploads\/2015\/09\/kalternpop-press_03__Helmuth-Rier-.jpg\" rel=\"attachment wp-att-107568\"><img loading=\"lazy\" decoding=\"async\" class=\"alignleft size-medium wp-image-107568\" src=\"https:\/\/www.festivalhopper.de\/news\/wp-content\/uploads\/2015\/09\/kalternpop-press_03__Helmuth-Rier--300x200.jpg\" alt=\"kalternpop-press_03__Helmuth-Rier-\" width=\"300\" height=\"200\" srcset=\"https:\/\/www.festivalhopper.de\/news\/wp-content\/uploads\/2015\/09\/kalternpop-press_03__Helmuth-Rier--300x200.jpg 300w, https:\/\/www.festivalhopper.de\/news\/wp-content\/uploads\/2015\/09\/kalternpop-press_03__Helmuth-Rier-.jpg 1024w\" sizes=\"auto, (max-width: 300px) 100vw, 300px\" \/><\/a>Das <a title=\"Kaltern Pop Festival\" href=\"https:\/\/www.festivalhopper.de\/festival\/kaltern-pop-festival-2016\">Kaltern Pop Festival<\/a> startet nach der erfolgreichen <a href=\"https:\/\/www.festivalhopper.de\/news\/2015\/09\/22\/neu-kaltern-pop-haldern-pop-in-suedtirol\/\">Festivalpremiere<\/a> <a href=\"https:\/\/www.festivalhopper.de\/festival\/kaltern-pop-festival\">letztes Jahr<\/a>, im Oktober 2016 seine zweite Festivalausgabe. Im Oktober? Ist das nicht zu kalt? Nein, denn das Festival der Haldern Pop Macher, findet in S\u00fcdtirol (Italien) statt.<\/p>\n<p>Als einer der ersten K\u00fcnstler wird heute <a title=\"Hubert Von Goisern\" href=\"https:\/\/www.festivalhopper.de\/bands\/karten\/hubert-von-goisern.php\">Hubert Von Goisern<\/a> best\u00e4tigt.<\/p>\n<p><!--more--><br \/>\nDer Ruf nach &#8218;Zugabe&#8216; wurde erh\u00f6rt &#8211; nach den <strong>begeisterten Publikumsreaktionen<\/strong> und dem so positiven Medienecho. Die Veranstalter, der Tourismusverein Kaltern und das deutsche <a href=\"https:\/\/www.festivalhopper.de\/festival\/haldern-pop-festival-2016\">Haldern Pop Festival<\/a>, sind mit ihren Vorbereitungen im vollen Gange.<\/p>\n<blockquote><p><em>&#8222;Zum zweiten Male l\u00e4sst sich gro\u00dfartige Musik aus aller Welt in der wunderbaren Kulisse unseres Weindorfs erleben. Daf\u00fcr sind der Tourismusverein Kaltern und das Haldern Pop Festival die idealen Partner.&#8220;<\/em>, Sighard Rainer, Pr\u00e4sident des Tourismusvereins Kaltern.<\/p><\/blockquote>\n<p><iframe loading=\"lazy\" title=\"2. Kaltern Pop Festival 2016 - Trailer No. 1\" width=\"500\" height=\"281\" src=\"https:\/\/www.youtube.com\/embed\/YkZXtkk_ECU?feature=oembed\" frameborder=\"0\" allow=\"accelerometer; autoplay; clipboard-write; encrypted-media; gyroscope; picture-in-picture; web-share\" referrerpolicy=\"strict-origin-when-cross-origin\" allowfullscreen><\/iframe><\/p>\n<p><a href=\"https:\/\/www.festivalhopper.de\/news\/wp-content\/uploads\/2016\/05\/Hubert-von-Goisern-c-Martin-Kucera.jpg\" rel=\"attachment wp-att-109817\"><img loading=\"lazy\" decoding=\"async\" class=\"size-medium wp-image-109817 alignright\" src=\"https:\/\/www.festivalhopper.de\/news\/wp-content\/uploads\/2016\/05\/Hubert-von-Goisern-c-Martin-Kucera-212x300.jpg\" alt=\"Hubert-von-Goisern-c-Martin-Kucera\" width=\"212\" height=\"300\" srcset=\"https:\/\/www.festivalhopper.de\/news\/wp-content\/uploads\/2016\/05\/Hubert-von-Goisern-c-Martin-Kucera-212x300.jpg 212w, https:\/\/www.festivalhopper.de\/news\/wp-content\/uploads\/2016\/05\/Hubert-von-Goisern-c-Martin-Kucera.jpg 724w\" sizes=\"auto, (max-width: 212px) 100vw, 212px\" \/><\/a>Da das Festival auf <strong>maximal 1000 Besucher<\/strong> limitiert ist, bleibt es eine exklusiv- besondere Geschichte. F\u00fcr die drei Festivaltage vom <strong>13.-15.10.2016<\/strong> zahlt man trotzdessen nur <strong>99\u20ac<\/strong>. F\u00fcr die Besucher aus der Region werden Vorzugstickets angeboten &#8211; f\u00fcr den Donnerstag zu 29\u20ac f\u00fcr ein Freitag\/Samstag-Ticket 89\u20ac.<\/p>\n<p>Neben <strong>Hubert von Goisern<\/strong> wurden auch die vielversprechende Newcomerin <strong>Mara Simpson<\/strong>, sowie Dirigent, Komponist und Arrangeur <strong>Andr\u00e9 de Ridder<\/strong> und das Ensemble &#8218;<strong>Stargaze<\/strong>&#8218; verpflichtet. Insgesamt werden <strong>etwa zwanzig Solok\u00fcnstler, Ch\u00f6re und Bands<\/strong> zahlreiche Facetten internationaler zeitgen\u00f6ssischer Musik im <strong>Weinmuseum<\/strong>, dem <strong>Katholischen Vereinshaus<\/strong>, der <strong>Franziskanerkirche<\/strong> und dem <strong>Kulturbahnhof<\/strong> des Weindorfs <strong>Kaltern am See<\/strong> in S\u00fcdtirols sonnigem S\u00fcden pr\u00e4sentieren.<\/p>\n<p>Weiteres zum <a href=\"https:\/\/www.festivalhopper.de\/festival\/kaltern-pop-festival-2016\">Kaltern Pop hier<\/a> und ab heute irgendwann auch auf <a href=\"http:\/\/www.kalternpop.de\">www.kalternpop.de<\/a>.<\/p>","protected":false},"excerpt":{"rendered":"<p>Das Kaltern Pop Festival startet nach der erfolgreichen Festivalpremiere letztes Jahr, im Oktober 2016 seine zweite Festivalausgabe. Im Oktober? Ist das nicht zu kalt? Nein, denn das Festival der Haldern Pop Macher, findet in S\u00fcdtirol (Italien) statt. Als einer der ersten K\u00fcnstler wird heute Hubert Von Goisern best\u00e4tigt.<\/p>\n","protected":false},"author":45,"featured_media":0,"comment_status":"open","ping_status":"open","sticky":false,"template":"","format":"standard","meta":{"footnotes":""},"categories":[2,1079,40,284,616,187,41,24,20,19],"tags":[],"class_list":["post-109811","post","type-post","status-publish","format-standard","hentry","category-festivalnews","category-festivals-2016","category-festivals-in-europa","category-folk-festivals","category-jazz-festival","category-klassik","category-nachwuchsbands","category-neue-bands","category-tickets-kaufen","category-welt-musik"],"_links":{"self":[{"href":"https:\/\/www.festivalhopper.de\/news\/wp-json\/wp\/v2\/posts\/109811","targetHints":{"allow":["GET"]}}],"collection":[{"href":"https:\/\/www.festivalhopper.de\/news\/wp-json\/wp\/v2\/posts"}],"about":[{"href":"https:\/\/www.festivalhopper.de\/news\/wp-json\/wp\/v2\/types\/post"}],"author":[{"embeddable":true,"href":"https:\/\/www.festivalhopper.de\/news\/wp-json\/wp\/v2\/users\/45"}],"replies":[{"embeddable":true,"href":"https:\/\/www.festivalhopper.de\/news\/wp-json\/wp\/v2\/comments?post=109811"}],"version-history":[{"count":2,"href":"https:\/\/www.festivalhopper.de\/news\/wp-json\/wp\/v2\/posts\/109811\/revisions"}],"predecessor-version":[{"id":109818,"href":"https:\/\/www.festivalhopper.de\/news\/wp-json\/wp\/v2\/posts\/109811\/revisions\/109818"}],"wp:attachment":[{"href":"https:\/\/www.festivalhopper.de\/news\/wp-json\/wp\/v2\/media?parent=109811"}],"wp:term":[{"taxonomy":"category","embeddable":true,"href":"https:\/\/www.festivalhopper.de\/news\/wp-json\/wp\/v2\/categories?post=109811"},{"taxonomy":"post_tag","embeddable":true,"href":"https:\/\/www.festivalhopper.de\/news\/wp-json\/wp\/v2\/tags?post=109811"}],"curies":[{"name":"wp","href":"https:\/\/api.w.org\/{rel}","templated":true}]}}