{"id":109093,"date":"2016-03-08T10:18:07","date_gmt":"2016-03-08T09:18:07","guid":{"rendered":"http:\/\/www.festivalhopper.de\/news\/?p=109093"},"modified":"2016-03-08T10:18:23","modified_gmt":"2016-03-08T09:18:23","slug":"tag-am-meer-2016","status":"publish","type":"post","link":"https:\/\/www.festivalhopper.de\/news\/2016\/03\/08\/tag-am-meer-2016\/","title":{"rendered":"Eine steife Musikbrise auf R\u00fcgen &#8211; das Tag am Meer Festival 2016"},"content":{"rendered":"<p><img loading=\"lazy\" decoding=\"async\" class=\"alignleft size-medium wp-image-109094\" src=\"https:\/\/www.festivalhopper.de\/news\/wp-content\/uploads\/2016\/02\/tag-am-meer-strand-300x169.jpg\" alt=\"tag am meer strand\" width=\"300\" height=\"169\" srcset=\"https:\/\/www.festivalhopper.de\/news\/wp-content\/uploads\/2016\/02\/tag-am-meer-strand-300x169.jpg 300w, https:\/\/www.festivalhopper.de\/news\/wp-content\/uploads\/2016\/02\/tag-am-meer-strand-768x432.jpg 768w, https:\/\/www.festivalhopper.de\/news\/wp-content\/uploads\/2016\/02\/tag-am-meer-strand.jpg 960w\" sizes=\"auto, (max-width: 300px) 100vw, 300px\" \/>Abseits der gro\u00dfen Mainstream-Festivals pr\u00e4sentiert sich auch dieses Jahr wieder eine ganz besondere Perle. Im hohen Norden lockt das <a href=\"https:\/\/www.festivalhopper.de\/festival\/tag-am-meer-festival-2016\">Tag am Meer Festival 2016<\/a> am <strong>16. Juli<\/strong> rund 1.500 bis 2.000 Musikbegeisterte Freiluftenthusiasten auf Deutschlands gr\u00f6\u00dfte Insel.<strong> Die Meeresbucht in Prora auf R\u00fcgen<\/strong> wird f\u00fcr diesen Tag das Epizentrum der <strong>elektronischen Musik<\/strong> im Nordosten der Republik werden. <!--more--><\/p>\n<p>Zusammen mit dem <a href=\"http:\/\/www.laju-mv.de\/\">Landjugendverband Mecklenburg-Vorpommern <\/a>haben die Organisatoren des <strong>Tag am Meer Festivals<\/strong> ein sch\u00f6nes und buntes Programm auf die Beine gestellt. Ziel des Landjugendverbands ist es, die Jugend im l\u00e4ndlichen Raum<strong> aktiv in verschiedenste Projekte und Initiativen<\/strong> einzubinden. Dadurch geht die Lernkurve der Kinder und Jugendlichen in Bereichen wie zum Beispiel Landwirtschaft oder Politik steil nach oben &#8211; eine gute Sache auf jeden Fall! Bei der Mitorganisation eines Open Air lernen sie, wie eine Veranstaltung mit \u00fcber 1.500 Besuchern <strong>im Einklang mit der Natur<\/strong> funktionieren kann.<\/p>\n<p>Eine<strong> famili\u00e4re Atmosph\u00e4re und ein lokaler Bezug<\/strong> sind die Grundpfeiler des Tag am Meer Festivals. So gibt es dieses Jahr wieder nur eine <strong>limitierte Anzahl an Tickets<\/strong> und zum ersten Mal einen <strong>zweiten Floor<\/strong> f\u00fcr K\u00fcnstler aus der Region. Dort k\u00f6nnen lokale Acts ihr musikalisches Spektrum von <strong>Dub, Reggae bis Drum&#8217;n&#8217;Bass<\/strong> pr\u00e4sentieren. Der Mainfloor versorgt die G\u00e4ste mit <strong>Techno und House<\/strong>.<\/p>\n<p>Direkt am Strand von Prora kann zu folgenden <strong>DJs und Live-Acts<\/strong> getanzt werden:<\/p>\n<ul>\n<li><img loading=\"lazy\" decoding=\"async\" class=\"alignright wp-image-109096\" src=\"https:\/\/www.festivalhopper.de\/news\/wp-content\/uploads\/2016\/02\/giorgia-angiuli-300x300.jpg\" alt=\"giorgia angiuli\" width=\"191\" height=\"202\" \/><strong><a href=\"https:\/\/www.festivalhopper.de\/bands\/karten\/giorgia-angiuli.php\">Giorgia Angiuli (live)<\/a><\/strong><\/li>\n<li><strong><a href=\"https:\/\/www.festivalhopper.de\/bands\/karten\/bonjour-ben.php\">Bonjour Ben<\/a> <\/strong><\/li>\n<li><strong>Mitja&amp;Daniel Mes (live) <\/strong><\/li>\n<li><strong>Tagtr\u00e4umer\u00b2 <\/strong><\/li>\n<li><strong>IRIE JAI <\/strong><\/li>\n<li><strong>TOUREAU<\/strong><\/li>\n<li><strong>Irie Island Sound (ben benson)<\/strong><\/li>\n<li><strong>Rolandson<\/strong><\/li>\n<li><strong>Bj\u00f6rn Hinze <\/strong><\/li>\n<li><strong>Jago K. <\/strong><\/li>\n<li><strong>Przykopp &amp; Przykopp<\/strong><\/li>\n<li><strong><a href=\"https:\/\/www.festivalhopper.de\/bands\/karten\/hagen-mosebach.php\">Hagen Mosebach<\/a><\/strong><\/li>\n<li><strong>Seimen Fresh<\/strong><\/li>\n<li><strong>Paul Niceday<\/strong><\/li>\n<\/ul>\n<p><img loading=\"lazy\" decoding=\"async\" class=\"alignleft wp-image-109256\" src=\"https:\/\/www.festivalhopper.de\/news\/wp-content\/uploads\/2016\/02\/Tag-am-Meer-Vinyls-300x200.jpg\" alt=\"Tag am Meer Vinyls\" width=\"210\" height=\"148\" \/>Die Besucher haben die M\u00f6glichkeit wie gewohnt auf dem Gel\u00e4nde zu Campen. Eine weitere Neuerung ist die Option in der <strong>Jugendherberge<\/strong> zu \u00fcbernachten. Zum Festival gibt es verschiedene Ticketkategorien, wie z. B. das <strong>Campingticket f\u00fcr 44 EU<\/strong> zzgl. Geb\u00fchren oder das <strong>Tagesticket f\u00fcr 24 EU<\/strong> zzgl. Geb\u00fchren. Alle weiteren Infos zu den Tickets, zur Anfahrt und Allgemeines findet ihr unter <a href=\"http:\/\/tagammeer-festival.de\/\">tagammeer-festival.de<\/a>.<\/p>\n<p>Unter allen Kommentaren <strong>verlosen<\/strong> wir ein Vinyl-\u00dcberraschungs-Paket (eine bunte Mischung des Labels Blackfoxmusic mit 6-7 Vinyls). Teilnahmeschluss ist der 13.03.2016. Viel Gl\u00fcck!<\/p>\n<p><em>Bild 1 by <a href=\"https:\/\/www.facebook.com\/philippsommerphoto?fref=ts\">Philipp Sommer<\/a><\/em><\/p>","protected":false},"excerpt":{"rendered":"<p>Abseits der gro\u00dfen Mainstream-Festivals pr\u00e4sentiert sich auch dieses Jahr wieder eine ganz besondere Perle. Im hohen Norden lockt das Tag am Meer Festival 2016 am 16. Juli rund 1.500 bis 2.000 Musikbegeisterte Freiluftenthusiasten auf Deutschlands gr\u00f6\u00dfte Insel. Die Meeresbucht in Prora auf R\u00fcgen wird f\u00fcr diesen Tag das Epizentrum der elektronischen Musik im Nordosten der [&hellip;]<\/p>\n","protected":false},"author":373,"featured_media":0,"comment_status":"open","ping_status":"open","sticky":false,"template":"","format":"standard","meta":{"footnotes":""},"categories":[5,2,1079,137,24],"tags":[],"class_list":["post-109093","post","type-post","status-publish","format-standard","hentry","category-elektronische-musik","category-festivalnews","category-festivals-2016","category-kleines-festival","category-neue-bands"],"_links":{"self":[{"href":"https:\/\/www.festivalhopper.de\/news\/wp-json\/wp\/v2\/posts\/109093","targetHints":{"allow":["GET"]}}],"collection":[{"href":"https:\/\/www.festivalhopper.de\/news\/wp-json\/wp\/v2\/posts"}],"about":[{"href":"https:\/\/www.festivalhopper.de\/news\/wp-json\/wp\/v2\/types\/post"}],"author":[{"embeddable":true,"href":"https:\/\/www.festivalhopper.de\/news\/wp-json\/wp\/v2\/users\/373"}],"replies":[{"embeddable":true,"href":"https:\/\/www.festivalhopper.de\/news\/wp-json\/wp\/v2\/comments?post=109093"}],"version-history":[{"count":6,"href":"https:\/\/www.festivalhopper.de\/news\/wp-json\/wp\/v2\/posts\/109093\/revisions"}],"predecessor-version":[{"id":109392,"href":"https:\/\/www.festivalhopper.de\/news\/wp-json\/wp\/v2\/posts\/109093\/revisions\/109392"}],"wp:attachment":[{"href":"https:\/\/www.festivalhopper.de\/news\/wp-json\/wp\/v2\/media?parent=109093"}],"wp:term":[{"taxonomy":"category","embeddable":true,"href":"https:\/\/www.festivalhopper.de\/news\/wp-json\/wp\/v2\/categories?post=109093"},{"taxonomy":"post_tag","embeddable":true,"href":"https:\/\/www.festivalhopper.de\/news\/wp-json\/wp\/v2\/tags?post=109093"}],"curies":[{"name":"wp","href":"https:\/\/api.w.org\/{rel}","templated":true}]}}