{"id":108704,"date":"2016-01-30T15:48:37","date_gmt":"2016-01-30T14:48:37","guid":{"rendered":"http:\/\/www.festivalhopper.de\/news\/?p=108704"},"modified":"2016-01-30T15:52:43","modified_gmt":"2016-01-30T14:52:43","slug":"hans-soellner-wuide-reichenhall-gast-wuerzburg","status":"publish","type":"post","link":"https:\/\/www.festivalhopper.de\/news\/2016\/01\/30\/hans-soellner-wuide-reichenhall-gast-wuerzburg\/","title":{"rendered":"Der Wuide aus Reichenhall zu Gast in W\u00fcrzburg"},"content":{"rendered":"<p><a href=\"https:\/\/www.festivalhopper.de\/news\/wp-content\/uploads\/2016\/01\/Hans-S\u00f6llner-W\u00fcrzburg-27.1.16-008.jpg\" rel=\"attachment wp-att-108690\"><img loading=\"lazy\" decoding=\"async\" class=\"alignleft size-medium wp-image-108690\" src=\"https:\/\/www.festivalhopper.de\/news\/wp-content\/uploads\/2016\/01\/Hans-S\u00f6llner-W\u00fcrzburg-27.1.16-008-300x200.jpg\" alt=\"Hans S\u00f6llner - W\u00fcrzburg 27.1.16 008\" width=\"300\" height=\"200\" srcset=\"https:\/\/www.festivalhopper.de\/news\/wp-content\/uploads\/2016\/01\/Hans-S\u00f6llner-W\u00fcrzburg-27.1.16-008-300x200.jpg 300w, https:\/\/www.festivalhopper.de\/news\/wp-content\/uploads\/2016\/01\/Hans-S\u00f6llner-W\u00fcrzburg-27.1.16-008-768x512.jpg 768w, https:\/\/www.festivalhopper.de\/news\/wp-content\/uploads\/2016\/01\/Hans-S\u00f6llner-W\u00fcrzburg-27.1.16-008.jpg 1024w\" sizes=\"auto, (max-width: 300px) 100vw, 300px\" \/><\/a> <strong><a href=\"https:\/\/www.festivalhopper.de\/bands\/karten\/hans-soellner.php\">Hans S\u00f6llner<\/a>, der Wuide aus Reichenhall, war zu Gast in W\u00fcrzburg. <\/strong>Die <strong>Posthalle<\/strong> bat dieses Mal ein ungewohntes Bild, bestuhlt ist sie selten bei einem Konzert. <em>Und alle St\u00fchle sind besetzt, der Hans der kann\u00b4s. <\/em><br \/>\n<strong>Ausverkauftes Haus<\/strong>, ein sehr bunt gemischtes Publikum, vom Alt-Hippie \u00fcber den Punk bis hin zum Hipster war alles vertreten.<br \/>\n<em>Ist es ein Konzert oder eher ein Kabarettabend?<\/em><\/p>\n<p><!--more--><\/p>\n<p><a href=\"https:\/\/www.festivalhopper.de\/news\/wp-content\/uploads\/2016\/01\/Hans-S\u00f6llner-W\u00fcrzburg-27.1.16-033.jpg\" rel=\"attachment wp-att-108697\"><img loading=\"lazy\" decoding=\"async\" class=\"alignright size-medium wp-image-108697\" src=\"https:\/\/www.festivalhopper.de\/news\/wp-content\/uploads\/2016\/01\/Hans-S\u00f6llner-W\u00fcrzburg-27.1.16-033-300x200.jpg\" alt=\"Hans S\u00f6llner - W\u00fcrzburg 27.1.16 033\" width=\"300\" height=\"200\" srcset=\"https:\/\/www.festivalhopper.de\/news\/wp-content\/uploads\/2016\/01\/Hans-S\u00f6llner-W\u00fcrzburg-27.1.16-033-300x200.jpg 300w, https:\/\/www.festivalhopper.de\/news\/wp-content\/uploads\/2016\/01\/Hans-S\u00f6llner-W\u00fcrzburg-27.1.16-033-768x512.jpg 768w, https:\/\/www.festivalhopper.de\/news\/wp-content\/uploads\/2016\/01\/Hans-S\u00f6llner-W\u00fcrzburg-27.1.16-033.jpg 1024w\" sizes=\"auto, (max-width: 300px) 100vw, 300px\" \/><\/a>Ich w\u00fcrde sagen von allem etwas,Spass, Unterhaltung, aber auch Nachdenken ist bei <strong>Hans S\u00f6llner<\/strong> angesagt.<\/p>\n<p><strong>Hans S\u00f6llner Solo<\/strong>, so hei\u00dft sein neues Programm. Stoff daf\u00fcr gibt es im Moment ja genug um einen Abend zu f\u00fcllen, und wenn der ausgehen sollte, dann erz\u00e4hlt der <strong>Rastafari<\/strong> von <em>Gerichtsverhandlungen, setzt sich f\u00fcr Menschenrechte und Tiere ein, oder von seinen Erfahrungen mit der Polizei.<\/em><\/p>\n<p><a href=\"https:\/\/www.festivalhopper.de\/news\/wp-content\/uploads\/2016\/01\/Hans-S\u00f6llner-W\u00fcrzburg-27.1.16-001.jpg\" rel=\"attachment wp-att-108687\"><img loading=\"lazy\" decoding=\"async\" class=\"alignleft wp-image-108687 size-medium\" src=\"https:\/\/www.festivalhopper.de\/news\/wp-content\/uploads\/2016\/01\/Hans-S\u00f6llner-W\u00fcrzburg-27.1.16-001-300x200.jpg\" alt=\"\" width=\"300\" height=\"200\" srcset=\"https:\/\/www.festivalhopper.de\/news\/wp-content\/uploads\/2016\/01\/Hans-S\u00f6llner-W\u00fcrzburg-27.1.16-001-300x200.jpg 300w, https:\/\/www.festivalhopper.de\/news\/wp-content\/uploads\/2016\/01\/Hans-S\u00f6llner-W\u00fcrzburg-27.1.16-001-768x512.jpg 768w, https:\/\/www.festivalhopper.de\/news\/wp-content\/uploads\/2016\/01\/Hans-S\u00f6llner-W\u00fcrzburg-27.1.16-001.jpg 1024w\" sizes=\"auto, (max-width: 300px) 100vw, 300px\" \/><\/a><\/p>\n<p><strong>11 Lieder<\/strong> hat er vorbereitet, <em>auswendig kann er sie nicht, sonst muss er ja aufh\u00f6ren, wie er selbst sagt<\/em>. Gut so, wer sonst als der <strong>Hans<\/strong> kann besser \u00fcber Gott und die Welt erz\u00e4hlen, \u00fcber Geschichten die das Leben schreibt.<\/p>\n<p><em>Oder Felix Baumgartner! <\/em>Sein allseits bekannter Facebook-Post kam dem <strong>Wuiden aus Reichenhall<\/strong> gerade recht, Herr Baumgartner w\u00e4re mit Sicherheit nicht ganz so am\u00fcsiert gewesen wie es das Publikum war.<\/p>\n<blockquote><p><strong><em>&#8222;Da trainiert der 11 Stunden zu sitzen, mit meinem besten Gras -und ich hab immer das beste Gras- flieg ich schneller und h\u00f6her als der&#8220;.<\/em><\/strong><\/p><\/blockquote>\n<p><strong><a href=\"https:\/\/www.festivalhopper.de\/news\/wp-content\/uploads\/2016\/01\/Hans-S\u00f6llner-W\u00fcrzburg-27.1.16-021.jpg\" rel=\"attachment wp-att-108692\"><img loading=\"lazy\" decoding=\"async\" class=\"alignright size-medium wp-image-108692\" src=\"https:\/\/www.festivalhopper.de\/news\/wp-content\/uploads\/2016\/01\/Hans-S\u00f6llner-W\u00fcrzburg-27.1.16-021-300x252.jpg\" alt=\"Hans S\u00f6llner - W\u00fcrzburg 27.1.16 021\" width=\"300\" height=\"252\" srcset=\"https:\/\/www.festivalhopper.de\/news\/wp-content\/uploads\/2016\/01\/Hans-S\u00f6llner-W\u00fcrzburg-27.1.16-021-300x252.jpg 300w, https:\/\/www.festivalhopper.de\/news\/wp-content\/uploads\/2016\/01\/Hans-S\u00f6llner-W\u00fcrzburg-27.1.16-021-768x645.jpg 768w, https:\/\/www.festivalhopper.de\/news\/wp-content\/uploads\/2016\/01\/Hans-S\u00f6llner-W\u00fcrzburg-27.1.16-021.jpg 914w\" sizes=\"auto, (max-width: 300px) 100vw, 300px\" \/><\/a>Musik<\/strong> wurde zwischendrin auch gemacht, war aber fast Nebensache. <em>Textsicherheit, Gitarre spielen &amp; Singen<\/em> sind nicht gerade sein St\u00e4rken, wie er immer wieder selbst sagt, mittlerweile kommt anscheinend noch die Vergesslichkeit dazu. Dadurch gab\u00b4s \u00f6fters mal ein Lied quasi doppelt. Auch die Politiker bekammen nat\u00fcrlich ihr Fett ab, genauso wie seine Freunde in Uniform. <strong>Wie immer halt beim Hans, er ist einfach Kult mit seinen mittlerweilen 60 Jahren. <\/strong>Und diese Kultfigur mit seinem Kifferhumor sollte man mindestens einmal gesehen und geh\u00f6rt haben, es lohnt sich wirklich!<\/p>\n<p>Schaut doch einfach mal beim <a href=\"https:\/\/soellner-hans.de\/\" target=\"_blank\" rel=\"noopener\">www.soellner-hans.de<\/a> vorbei, dort gibts die Termine!<\/p>\n\n\t\t<style type=\"text\/css\">\n\t\t\t#gallery-1 {\n\t\t\t\tmargin: auto;\n\t\t\t}\n\t\t\t#gallery-1 .gallery-item {\n\t\t\t\tfloat: left;\n\t\t\t\tmargin-top: 10px;\n\t\t\t\ttext-align: center;\n\t\t\t\twidth: 25%;\n\t\t\t}\n\t\t\t#gallery-1 img {\n\t\t\t\tborder: 2px solid #cfcfcf;\n\t\t\t}\n\t\t\t#gallery-1 .gallery-caption {\n\t\t\t\tmargin-left: 0;\n\t\t\t}\n\t\t\t\/* see gallery_shortcode() in wp-includes\/media.php *\/\n\t\t<\/style>\n\t\t<div id='gallery-1' class='gallery galleryid-108704 gallery-columns-4 gallery-size-thumbnail'><dl class='gallery-item'>\n\t\t\t<dt class='gallery-icon landscape'>\n\t\t\t\t<a href='https:\/\/www.festivalhopper.de\/news\/wp-content\/uploads\/2016\/01\/Hans-S\u00f6llner-W\u00fcrzburg-27.1.16-004.jpg'><img loading=\"lazy\" decoding=\"async\" width=\"150\" height=\"150\" src=\"https:\/\/www.festivalhopper.de\/news\/wp-content\/uploads\/2016\/01\/Hans-S\u00f6llner-W\u00fcrzburg-27.1.16-004-150x150.jpg\" class=\"attachment-thumbnail size-thumbnail\" alt=\"\" \/><\/a>\n\t\t\t<\/dt><\/dl><dl class='gallery-item'>\n\t\t\t<dt class='gallery-icon landscape'>\n\t\t\t\t<a href='https:\/\/www.festivalhopper.de\/news\/wp-content\/uploads\/2016\/01\/Hans-S\u00f6llner-W\u00fcrzburg-27.1.16-008.jpg'><img loading=\"lazy\" decoding=\"async\" width=\"150\" height=\"150\" src=\"https:\/\/www.festivalhopper.de\/news\/wp-content\/uploads\/2016\/01\/Hans-S\u00f6llner-W\u00fcrzburg-27.1.16-008-150x150.jpg\" class=\"attachment-thumbnail size-thumbnail\" alt=\"\" \/><\/a>\n\t\t\t<\/dt><\/dl><dl class='gallery-item'>\n\t\t\t<dt class='gallery-icon landscape'>\n\t\t\t\t<a href='https:\/\/www.festivalhopper.de\/news\/wp-content\/uploads\/2016\/01\/Hans-S\u00f6llner-W\u00fcrzburg-27.1.16-017.jpg'><img loading=\"lazy\" decoding=\"async\" width=\"150\" height=\"150\" src=\"https:\/\/www.festivalhopper.de\/news\/wp-content\/uploads\/2016\/01\/Hans-S\u00f6llner-W\u00fcrzburg-27.1.16-017-150x150.jpg\" class=\"attachment-thumbnail size-thumbnail\" alt=\"\" \/><\/a>\n\t\t\t<\/dt><\/dl><dl class='gallery-item'>\n\t\t\t<dt class='gallery-icon landscape'>\n\t\t\t\t<a href='https:\/\/www.festivalhopper.de\/news\/wp-content\/uploads\/2016\/01\/Hans-S\u00f6llner-W\u00fcrzburg-27.1.16-002.jpg'><img loading=\"lazy\" decoding=\"async\" width=\"150\" height=\"150\" src=\"https:\/\/www.festivalhopper.de\/news\/wp-content\/uploads\/2016\/01\/Hans-S\u00f6llner-W\u00fcrzburg-27.1.16-002-150x150.jpg\" class=\"attachment-thumbnail size-thumbnail\" alt=\"\" \/><\/a>\n\t\t\t<\/dt><\/dl><br style=\"clear: both\" \/><dl class='gallery-item'>\n\t\t\t<dt class='gallery-icon landscape'>\n\t\t\t\t<a href='https:\/\/www.festivalhopper.de\/news\/wp-content\/uploads\/2016\/01\/Hans-S\u00f6llner-W\u00fcrzburg-27.1.16-028.jpg'><img loading=\"lazy\" decoding=\"async\" width=\"150\" height=\"150\" src=\"https:\/\/www.festivalhopper.de\/news\/wp-content\/uploads\/2016\/01\/Hans-S\u00f6llner-W\u00fcrzburg-27.1.16-028-150x150.jpg\" class=\"attachment-thumbnail size-thumbnail\" alt=\"\" \/><\/a>\n\t\t\t<\/dt><\/dl><dl class='gallery-item'>\n\t\t\t<dt class='gallery-icon landscape'>\n\t\t\t\t<a href='https:\/\/www.festivalhopper.de\/news\/wp-content\/uploads\/2016\/01\/Hans-S\u00f6llner-W\u00fcrzburg-27.1.16-031.jpg'><img loading=\"lazy\" decoding=\"async\" width=\"150\" height=\"150\" src=\"https:\/\/www.festivalhopper.de\/news\/wp-content\/uploads\/2016\/01\/Hans-S\u00f6llner-W\u00fcrzburg-27.1.16-031-150x150.jpg\" class=\"attachment-thumbnail size-thumbnail\" alt=\"\" \/><\/a>\n\t\t\t<\/dt><\/dl><dl class='gallery-item'>\n\t\t\t<dt class='gallery-icon landscape'>\n\t\t\t\t<a href='https:\/\/www.festivalhopper.de\/news\/wp-content\/uploads\/2016\/01\/Hans-S\u00f6llner-W\u00fcrzburg-27.1.16-035.jpg'><img loading=\"lazy\" decoding=\"async\" width=\"150\" height=\"150\" src=\"https:\/\/www.festivalhopper.de\/news\/wp-content\/uploads\/2016\/01\/Hans-S\u00f6llner-W\u00fcrzburg-27.1.16-035-150x150.jpg\" class=\"attachment-thumbnail size-thumbnail\" alt=\"\" \/><\/a>\n\t\t\t<\/dt><\/dl><dl class='gallery-item'>\n\t\t\t<dt class='gallery-icon portrait'>\n\t\t\t\t<a href='https:\/\/www.festivalhopper.de\/news\/wp-content\/uploads\/2016\/01\/Hans-S\u00f6llner-W\u00fcrzburg-27.1.16-038.jpg'><img loading=\"lazy\" decoding=\"async\" width=\"150\" height=\"150\" src=\"https:\/\/www.festivalhopper.de\/news\/wp-content\/uploads\/2016\/01\/Hans-S\u00f6llner-W\u00fcrzburg-27.1.16-038-150x150.jpg\" class=\"attachment-thumbnail size-thumbnail\" alt=\"\" \/><\/a>\n\t\t\t<\/dt><\/dl><br style=\"clear: both\" \/>\n\t\t<\/div>\n\n<p><em>Festivalhopper Jan berichtete aus W\u00fcrzburg. <\/em>Einen weiteren R\u00fcckblick auf ein Hans S\u00f6llner Konzert gibt es hier vom Chiemsee Reggae Summer wo er als ein Headliner auftrat: &#8222;<a title=\"Permalink zu Chiemsee Reggae mit Hans S\u00f6llner Tag2\" href=\"https:\/\/www.festivalhopper.de\/news\/2009\/08\/19\/chiemsee-reggae-mit-hans-soellner-tag-2\/\" rel=\"bookmark\">Chiemsee Reggae mit Hans S\u00f6llner Tag2<\/a>&#8222;.<em><br \/>\n<\/em><\/p>","protected":false},"excerpt":{"rendered":"<p>Hans S\u00f6llner, der Wuide aus Reichenhall, war zu Gast in W\u00fcrzburg. Die Posthalle bat dieses Mal ein ungewohntes Bild, bestuhlt ist sie selten bei einem Konzert. Und alle St\u00fchle sind besetzt, der Hans der kann\u00b4s. Ausverkauftes Haus, ein sehr bunt gemischtes Publikum, vom Alt-Hippie \u00fcber den Punk bis hin zum Hipster war alles vertreten. Ist [&hellip;]<\/p>\n","protected":false},"author":169,"featured_media":0,"comment_status":"open","ping_status":"open","sticky":false,"template":"","format":"standard","meta":{"footnotes":""},"categories":[35,613,10,12],"tags":[],"class_list":["post-108704","post","type-post","status-publish","format-standard","hentry","category-festivalberichte","category-konzertbericht","category-konzerttipps","category-liedermaching"],"_links":{"self":[{"href":"https:\/\/www.festivalhopper.de\/news\/wp-json\/wp\/v2\/posts\/108704","targetHints":{"allow":["GET"]}}],"collection":[{"href":"https:\/\/www.festivalhopper.de\/news\/wp-json\/wp\/v2\/posts"}],"about":[{"href":"https:\/\/www.festivalhopper.de\/news\/wp-json\/wp\/v2\/types\/post"}],"author":[{"embeddable":true,"href":"https:\/\/www.festivalhopper.de\/news\/wp-json\/wp\/v2\/users\/169"}],"replies":[{"embeddable":true,"href":"https:\/\/www.festivalhopper.de\/news\/wp-json\/wp\/v2\/comments?post=108704"}],"version-history":[{"count":5,"href":"https:\/\/www.festivalhopper.de\/news\/wp-json\/wp\/v2\/posts\/108704\/revisions"}],"predecessor-version":[{"id":117708,"href":"https:\/\/www.festivalhopper.de\/news\/wp-json\/wp\/v2\/posts\/108704\/revisions\/117708"}],"wp:attachment":[{"href":"https:\/\/www.festivalhopper.de\/news\/wp-json\/wp\/v2\/media?parent=108704"}],"wp:term":[{"taxonomy":"category","embeddable":true,"href":"https:\/\/www.festivalhopper.de\/news\/wp-json\/wp\/v2\/categories?post=108704"},{"taxonomy":"post_tag","embeddable":true,"href":"https:\/\/www.festivalhopper.de\/news\/wp-json\/wp\/v2\/tags?post=108704"}],"curies":[{"name":"wp","href":"https:\/\/api.w.org\/{rel}","templated":true}]}}