{"id":108555,"date":"2016-01-11T10:30:48","date_gmt":"2016-01-11T09:30:48","guid":{"rendered":"http:\/\/www.festivalhopper.de\/news\/?p=108555"},"modified":"2016-01-11T14:02:04","modified_gmt":"2016-01-11T13:02:04","slug":"r-i-p-david-bowie-ist-tot","status":"publish","type":"post","link":"https:\/\/www.festivalhopper.de\/news\/2016\/01\/11\/r-i-p-david-bowie-ist-tot\/","title":{"rendered":"R.I.P. David Bowie &#8211; &#8222;Father of all us freaks&#8220;"},"content":{"rendered":"<p><a href=\"https:\/\/www.festivalhopper.de\/news\/wp-content\/uploads\/2016\/01\/David-Bowie-Blackstar-2015.jpg\" rel=\"attachment wp-att-108558\"><img loading=\"lazy\" decoding=\"async\" class=\"size-medium wp-image-108558 alignleft\" src=\"https:\/\/www.festivalhopper.de\/news\/wp-content\/uploads\/2016\/01\/David-Bowie-Blackstar-2015-300x300.jpg\" alt=\"David-Bowie-Blackstar-2015\" width=\"300\" height=\"300\" srcset=\"https:\/\/www.festivalhopper.de\/news\/wp-content\/uploads\/2016\/01\/David-Bowie-Blackstar-2015-300x300.jpg 300w, https:\/\/www.festivalhopper.de\/news\/wp-content\/uploads\/2016\/01\/David-Bowie-Blackstar-2015-150x150.jpg 150w, https:\/\/www.festivalhopper.de\/news\/wp-content\/uploads\/2016\/01\/David-Bowie-Blackstar-2015-768x768.jpg 768w, https:\/\/www.festivalhopper.de\/news\/wp-content\/uploads\/2016\/01\/David-Bowie-Blackstar-2015.jpg 1024w\" sizes=\"auto, (max-width: 300px) 100vw, 300px\" \/><\/a>&#8222;Nach 18-monatigem Kampf gegen den Krebs verstarb <strong>David Bowie<\/strong> heute friedvoll im Kreise seiner Familie.&#8220;, So lautet die offizielle Nachricht zum Tod David Bowies, der zwei Tage nach seinem 69.Geburtstag verstarb. An diesem Tag wurde auch seine 25.LP &#8222;<strong>BLACKSTAR<\/strong>&#8220; ver\u00f6ffentlicht.<\/p>\n<p>Der <strong>S\u00e4nger, Produzent<\/strong> und <strong>Schauspieler<\/strong> Bowie gilt als eine der einflu\u00dfreichsten Personen in der Popmusikgeschichte.<\/p>\n<p><em><strong>&#8222;David Bowie was one of my most important inspirations, so fearless, so creative, he gave us magic for a lifetime.&#8220;<\/strong><\/em>, so Kanye West heute auf twitter<\/p>\n<p><!--more--><\/p>\n<p><strong>David Bowie<\/strong> galt als Pop-Genie, als Cham\u00e4leon-, als Picasso des Pop. Er hat die Musik und Kunst der j\u00fcngeren Popgeschichte gepr\u00e4gt wie nur wenige neben ihm. Anbei einige prominente Reaktionen beim Kurznachrichtendienst twitter &#8211; Musiker und Schauspielkollegen \u00e4usserten bereits, sogar das Ausw\u00e4rtige Amt twitterte und bedankt sich f\u00fcr Bowies Hilfe in Sachen Mauerfall:<\/p>\n<blockquote><p><em><strong>&#8222;I grew up listening to and watching the pop genius David Bowie. He was a master of re-invention, who kept getting it right. A huge loss&#8220;<\/strong><\/em>, David Cameron war einer der Ersten, der den Tod Bowies kommentierte.<\/p>\n<p><em><strong>&#8222;Rip Father of all us freaks. Sad sad day. Love always Legendary singer David Bowie dies at 69&#8220;<\/strong><\/em>, Mark Ruffalo<\/p>\n<p><em><strong>&#8222;RIP David . I loved your music. I loved you. One of the greatest performance artists to have ever lived.&#8220;<\/strong><\/em>, Russel Crowe<\/p>\n<p><em><strong>&#8222;Never imagined a world without him. He has ascended into the cosmos from whence he came. Farewell, David Bowie&#8220;<\/strong><\/em>, Elijah Wood<\/p>\n<p><em><strong>&#8222;The world lost a hero today! #RIPdavidbowie &#8222;The man who sold the world&#8220; changed my life Safe Journey Mr.Bowie GB&#8220;<\/strong><\/em>, Rea Garvey<\/p>\n<p><em><strong>&#8222;Have a good flight Major Tom.. We will miss you on earth.&#8220;<\/strong><\/em>, Udo Lindenberg<\/p>\n<p><em><strong>&#8222;Good-bye, David Bowie. You are now among #Heroes. Thank you for helping to bring down the #wall.&#8220;<\/strong><\/em>, das Ausw\u00e4rtige Amt per twitter.<\/p>\n<p><em><strong>&#8222;David\u2019s friendship was the light of my life. I never met such a brilliant person. He was the best there is.&#8220;<\/strong><\/em>, Iggy Pop<\/p><\/blockquote>\n<p>&nbsp;<\/p>\n<p>https:\/\/www.youtube.com\/watch?v=ZTzO2RiCOac<\/p>","protected":false},"excerpt":{"rendered":"<p>&#8222;Nach 18-monatigem Kampf gegen den Krebs verstarb David Bowie heute friedvoll im Kreise seiner Familie.&#8220;, So lautet die offizielle Nachricht zum Tod David Bowies, der zwei Tage nach seinem 69.Geburtstag verstarb. An diesem Tag wurde auch seine 25.LP &#8222;BLACKSTAR&#8220; ver\u00f6ffentlicht. Der S\u00e4nger, Produzent und Schauspieler Bowie gilt als eine der einflu\u00dfreichsten Personen in der Popmusikgeschichte. [&hellip;]<\/p>\n","protected":false},"author":45,"featured_media":0,"comment_status":"open","ping_status":"open","sticky":false,"template":"","format":"standard","meta":{"footnotes":""},"categories":[14],"tags":[],"class_list":["post-108555","post","type-post","status-publish","format-standard","hentry","category-sonstiges"],"_links":{"self":[{"href":"https:\/\/www.festivalhopper.de\/news\/wp-json\/wp\/v2\/posts\/108555","targetHints":{"allow":["GET"]}}],"collection":[{"href":"https:\/\/www.festivalhopper.de\/news\/wp-json\/wp\/v2\/posts"}],"about":[{"href":"https:\/\/www.festivalhopper.de\/news\/wp-json\/wp\/v2\/types\/post"}],"author":[{"embeddable":true,"href":"https:\/\/www.festivalhopper.de\/news\/wp-json\/wp\/v2\/users\/45"}],"replies":[{"embeddable":true,"href":"https:\/\/www.festivalhopper.de\/news\/wp-json\/wp\/v2\/comments?post=108555"}],"version-history":[{"count":5,"href":"https:\/\/www.festivalhopper.de\/news\/wp-json\/wp\/v2\/posts\/108555\/revisions"}],"predecessor-version":[{"id":108574,"href":"https:\/\/www.festivalhopper.de\/news\/wp-json\/wp\/v2\/posts\/108555\/revisions\/108574"}],"wp:attachment":[{"href":"https:\/\/www.festivalhopper.de\/news\/wp-json\/wp\/v2\/media?parent=108555"}],"wp:term":[{"taxonomy":"category","embeddable":true,"href":"https:\/\/www.festivalhopper.de\/news\/wp-json\/wp\/v2\/categories?post=108555"},{"taxonomy":"post_tag","embeddable":true,"href":"https:\/\/www.festivalhopper.de\/news\/wp-json\/wp\/v2\/tags?post=108555"}],"curies":[{"name":"wp","href":"https:\/\/api.w.org\/{rel}","templated":true}]}}