{"id":108275,"date":"2015-12-10T16:29:48","date_gmt":"2015-12-10T15:29:48","guid":{"rendered":"http:\/\/www.festivalhopper.de\/news\/?p=108275"},"modified":"2026-02-09T11:33:42","modified_gmt":"2026-02-09T10:33:42","slug":"songtage-gera-kuenstler-2016","status":"publish","type":"post","link":"https:\/\/www.festivalhopper.de\/news\/2015\/12\/10\/songtage-gera-kuenstler-2016\/","title":{"rendered":"SONGTAGE Gera pr\u00e4sentieren erste K\u00fcnstler f\u00fcr 2016"},"content":{"rendered":"<p><a href=\"https:\/\/www.festivalhopper.de\/news\/wp-content\/uploads\/2015\/12\/SONGTAGE_Gera-Logo-2.png\" rel=\"attachment wp-att-108575\"><img loading=\"lazy\" decoding=\"async\" class=\"wp-image-108575 size-medium alignleft\" src=\"https:\/\/www.festivalhopper.de\/news\/wp-content\/uploads\/2015\/12\/SONGTAGE_Gera-Logo-2-300x173.png\" alt=\"SONGTAGE_Gera-Logo-2\" width=\"300\" height=\"173\" srcset=\"https:\/\/www.festivalhopper.de\/news\/wp-content\/uploads\/2015\/12\/SONGTAGE_Gera-Logo-2-300x173.png 300w, https:\/\/www.festivalhopper.de\/news\/wp-content\/uploads\/2015\/12\/SONGTAGE_Gera-Logo-2-768x443.png 768w, https:\/\/www.festivalhopper.de\/news\/wp-content\/uploads\/2015\/12\/SONGTAGE_Gera-Logo-2.png 1024w\" sizes=\"auto, (max-width: 300px) 100vw, 300px\" \/><\/a>Lieder und Geschichten \u2013 <strong>w\u00fctend, feiernd, leidend oder bissig<\/strong>, grandios gereimt und witzig.<\/p>\n<p>Die <a href=\"https:\/\/www.festivalhopper.de\/festival\/songtage-gera-2016\">SONGTAGE Gera<\/a> pr\u00e4sentieren erste K\u00fcnstler f\u00fcr ihre Ausgabe 2016, die das n\u00e4chste Mal<strong> eine Woche eher<\/strong> als in den vergangenen Jahren startet und vom <strong>11.M\u00e4rz bis 13.Mai<\/strong> stattfinden wird. Der Karten-Vorverkauf hat begonnen.<\/p>\n<p>&nbsp;<\/p>\n<p><!--more--><\/p>\n<p><a href=\"https:\/\/www.festivalhopper.de\/news\/wp-content\/uploads\/2011\/08\/SOPHIE-HUNGER-23.08.2011-2-c-Enrico-Karolczak-ZFR-2011.jpg\"><img loading=\"lazy\" decoding=\"async\" class=\"size-medium wp-image-51236 alignright\" src=\"https:\/\/www.festivalhopper.de\/news\/wp-content\/uploads\/2011\/08\/SOPHIE-HUNGER-23.08.2011-2-c-Enrico-Karolczak-ZFR-2011-300x199.jpg\" alt=\"SOPHIE-HUNGER-23.08.2011-2-c-Enrico-Karolczak-ZFR-2011\" width=\"300\" height=\"199\" srcset=\"https:\/\/www.festivalhopper.de\/news\/wp-content\/uploads\/2011\/08\/SOPHIE-HUNGER-23.08.2011-2-c-Enrico-Karolczak-ZFR-2011-300x199.jpg 300w, https:\/\/www.festivalhopper.de\/news\/wp-content\/uploads\/2011\/08\/SOPHIE-HUNGER-23.08.2011-2-c-Enrico-Karolczak-ZFR-2011-1024x681.jpg 1024w, https:\/\/www.festivalhopper.de\/news\/wp-content\/uploads\/2011\/08\/SOPHIE-HUNGER-23.08.2011-2-c-Enrico-Karolczak-ZFR-2011.jpg 1200w\" sizes=\"auto, (max-width: 300px) 100vw, 300px\" \/><\/a>Wie immer werden die <strong>Songtage Gera<\/strong> eine wohlsortierte Auswahl feiner Musik auf die unterschiedlichsten B\u00fchnen Geras bringen &#8211; so vielf\u00e4ltig und vielschichtig wie auch die Geschm\u00e4cker derer, die sie h\u00f6ren wollen.<\/p>\n<p><em>(Foto rechts: SOPHIE HUNGER -c- Enrico Karolczak ZFR-2011)<\/em><\/p>\n<p>In der ersten Best\u00e4tigungsrunde dabei sind: <strong>Sophier Hunger, <\/strong><strong>Faber, Jack Savoretti, Berge, Gerhard Sch\u00f6ne, Wortfront, Ray Cooper, L\u00fc\u00fcl &amp; Band, Leslie Clio, Str\u00f6mkarlen, Falk, Gloria, Phela, Get Well Soon, von Br\u00fccken<\/strong> und <strong>Carolin No<\/strong>. Insgesamt sind 25 Konzerte in der neun Wochen Festivalreihe geplant.<\/p>\n<p><a href=\"https:\/\/www.festivalhopper.de\/news\/wp-content\/uploads\/2014\/03\/HEM_7198_Nordlicht-Bremen-2014_Gloria.jpg\"><img loading=\"lazy\" decoding=\"async\" class=\"alignnone wp-image-90828\" src=\"https:\/\/www.festivalhopper.de\/news\/wp-content\/uploads\/2014\/03\/HEM_7198_Nordlicht-Bremen-2014_Gloria-300x199.jpg\" alt=\"HEM_7198_Nordlicht-Bremen-2014_Gloria\" width=\"271\" height=\"180\" srcset=\"https:\/\/www.festivalhopper.de\/news\/wp-content\/uploads\/2014\/03\/HEM_7198_Nordlicht-Bremen-2014_Gloria-300x199.jpg 300w, https:\/\/www.festivalhopper.de\/news\/wp-content\/uploads\/2014\/03\/HEM_7198_Nordlicht-Bremen-2014_Gloria.jpg 1024w\" sizes=\"auto, (max-width: 271px) 100vw, 271px\" \/><\/a> <strong><a href=\"https:\/\/www.festivalhopper.de\/news\/wp-content\/uploads\/2015\/08\/Tex-Maxim-TV-Noir-5746.jpg\"><img loading=\"lazy\" decoding=\"async\" class=\"alignnone wp-image-106892 \" src=\"https:\/\/www.festivalhopper.de\/news\/wp-content\/uploads\/2015\/08\/Tex-Maxim-TV-Noir-5746-300x200.jpg\" alt=\"Tex-Maxim-TV-Noir-5746\" width=\"272\" height=\"181\" srcset=\"https:\/\/www.festivalhopper.de\/news\/wp-content\/uploads\/2015\/08\/Tex-Maxim-TV-Noir-5746-300x200.jpg 300w, https:\/\/www.festivalhopper.de\/news\/wp-content\/uploads\/2015\/08\/Tex-Maxim-TV-Noir-5746.jpg 1024w\" sizes=\"auto, (max-width: 272px) 100vw, 272px\" \/><\/a><\/strong><\/p>\n<p>Weiteres zu den <a href=\"https:\/\/www.festivalhopper.de\/festival\/songtage-gera-2016\">Songtagen hier<\/a> und auf www.songtage-gera.de.<\/p>\n<p>&nbsp;<\/p>\n<p>&nbsp;<\/p>","protected":false},"excerpt":{"rendered":"<p>Lieder und Geschichten \u2013 w\u00fctend, feiernd, leidend oder bissig, grandios gereimt und witzig. Die SONGTAGE Gera pr\u00e4sentieren erste K\u00fcnstler f\u00fcr ihre Ausgabe 2016, die das n\u00e4chste Mal eine Woche eher als in den vergangenen Jahren startet und vom 11.M\u00e4rz bis 13.Mai stattfinden wird. Der Karten-Vorverkauf hat begonnen. &nbsp;<\/p>\n","protected":false},"author":45,"featured_media":0,"comment_status":"open","ping_status":"open","sticky":false,"template":"","format":"standard","meta":{"footnotes":""},"categories":[2,1079,15,10,12,24,20,1195],"tags":[],"class_list":["post-108275","post","type-post","status-publish","format-standard","hentry","category-festivalnews","category-festivals-2016","category-indoor-festivals","category-konzerttipps","category-liedermaching","category-neue-bands","category-tickets-kaufen","category-vorverkauf"],"_links":{"self":[{"href":"https:\/\/www.festivalhopper.de\/news\/wp-json\/wp\/v2\/posts\/108275","targetHints":{"allow":["GET"]}}],"collection":[{"href":"https:\/\/www.festivalhopper.de\/news\/wp-json\/wp\/v2\/posts"}],"about":[{"href":"https:\/\/www.festivalhopper.de\/news\/wp-json\/wp\/v2\/types\/post"}],"author":[{"embeddable":true,"href":"https:\/\/www.festivalhopper.de\/news\/wp-json\/wp\/v2\/users\/45"}],"replies":[{"embeddable":true,"href":"https:\/\/www.festivalhopper.de\/news\/wp-json\/wp\/v2\/comments?post=108275"}],"version-history":[{"count":6,"href":"https:\/\/www.festivalhopper.de\/news\/wp-json\/wp\/v2\/posts\/108275\/revisions"}],"predecessor-version":[{"id":140396,"href":"https:\/\/www.festivalhopper.de\/news\/wp-json\/wp\/v2\/posts\/108275\/revisions\/140396"}],"wp:attachment":[{"href":"https:\/\/www.festivalhopper.de\/news\/wp-json\/wp\/v2\/media?parent=108275"}],"wp:term":[{"taxonomy":"category","embeddable":true,"href":"https:\/\/www.festivalhopper.de\/news\/wp-json\/wp\/v2\/categories?post=108275"},{"taxonomy":"post_tag","embeddable":true,"href":"https:\/\/www.festivalhopper.de\/news\/wp-json\/wp\/v2\/tags?post=108275"}],"curies":[{"name":"wp","href":"https:\/\/api.w.org\/{rel}","templated":true}]}}