{"id":107649,"date":"2015-10-07T16:57:16","date_gmt":"2015-10-07T14:57:16","guid":{"rendered":"http:\/\/www.festivalhopper.de\/news\/?p=107649"},"modified":"2015-10-07T16:57:16","modified_gmt":"2015-10-07T14:57:16","slug":"geruecht-rammstein-sommer-tour-2016","status":"publish","type":"post","link":"https:\/\/www.festivalhopper.de\/news\/2015\/10\/07\/geruecht-rammstein-sommer-tour-2016\/","title":{"rendered":"Kommen Rammstein im Sommer 2016 auf Tour?"},"content":{"rendered":"<p><a href=\"https:\/\/www.festivalhopper.de\/news\/wp-content\/uploads\/2013\/08\/Rammstein-Wacken-2013-71.jpg\"><img loading=\"lazy\" decoding=\"async\" class=\"alignleft size-medium wp-image-85238\" src=\"https:\/\/www.festivalhopper.de\/news\/wp-content\/uploads\/2013\/08\/Rammstein-Wacken-2013-71-300x168.jpg\" alt=\"Rammstein-Wacken -2013-7\" width=\"300\" height=\"168\" srcset=\"https:\/\/www.festivalhopper.de\/news\/wp-content\/uploads\/2013\/08\/Rammstein-Wacken-2013-71-300x168.jpg 300w, https:\/\/www.festivalhopper.de\/news\/wp-content\/uploads\/2013\/08\/Rammstein-Wacken-2013-71.jpg 900w\" sizes=\"auto, (max-width: 300px) 100vw, 300px\" \/><\/a>Man merkt es ganz deutlich&#8230; die Festivalfans warten ungeduldig auf die ersten gro\u00dfen Headliner f\u00fcr die <a href=\"https:\/\/www.festivalhopper.de\/festivals-2016.php\">Festivals 2016<\/a>. Da reicht dann schon eine kleine Randbemerkung, um die Ger\u00fcchtek\u00fcche anzufeuern.<\/p>\n<p>Aktuelles Beispiel sind <a href=\"https:\/\/www.festivalhopper.de\/bands\/karten\/rammstein.php\">RAMMSTEIN<\/a>, die von der <a href=\"https:\/\/www.facebook.com\/rammsteinworld\/\" rel=\"nofollow\">franz\u00f6sichen Fanseite Ramsteinworld<\/a> f\u00fcr &#8222;eine Reihe von Konzerten&#8220; im Sommer 2016 angek\u00fcndigt werden.<\/p>\n<p><!--more--><\/p>\n<p><a href=\"https:\/\/www.festivalhopper.de\/news\/wp-content\/uploads\/2013\/06\/IMG_3689.jpg\"><img loading=\"lazy\" decoding=\"async\" class=\"alignright size-medium wp-image-81530\" src=\"https:\/\/www.festivalhopper.de\/news\/wp-content\/uploads\/2013\/06\/IMG_3689-225x300.jpg\" alt=\"Rammstein!\" width=\"225\" height=\"300\" srcset=\"https:\/\/www.festivalhopper.de\/news\/wp-content\/uploads\/2013\/06\/IMG_3689-225x300.jpg 225w, https:\/\/www.festivalhopper.de\/news\/wp-content\/uploads\/2013\/06\/IMG_3689.jpg 768w\" sizes=\"auto, (max-width: 225px) 100vw, 225px\" \/><\/a>Ganz aus der Luft gegriffen ist das nat\u00fcrlich nicht, denn Rammstein waren das letzte Mal im Sommer 2013 auf Festivals in Europa unterwegs. In Deutschland damals beim Hurricane \/ Southside und sp\u00e4ter beim WACKEN 2013 aber es gab eine Reihe weiterer Stationen in Europa.<\/p>\n<p>Mit dem ersten Hinweisen aus Frankreich liegt eine Best\u00e4tigung beim dortigen <a href=\"https:\/\/www.festivalhopper.de\/festival\/hellfest-2016\">Metalgiganten HELLFEST<\/a> nat\u00fcrlich nahe. Weitere Konzerte und Festivals in Europa folgen dann sicherlich. In Deutschland w\u00e4ren Rock am Ring und Rock im Park gut passende Kandidaten oder die Festivals aus dem Hause DEAG haben bei Rammstein zugegriffen? Auch eine Reihe von Konzerten aus dem <a href=\"https:\/\/www.festivalhopper.de\/news\/2015\/10\/05\/slipknot-tour-2016-deutschland\/\">Hause LiveNation<\/a> w\u00e4ren ebenfalls denkbar.<\/p>\n<p><strong>Vielleicht geben uns schon die n\u00e4chsten Tage weitere Details, die nicht nur Ger\u00fcchte sind. Wir halten euch auf dem Laufenden.<\/strong><\/p>","protected":false},"excerpt":{"rendered":"<p>Man merkt es ganz deutlich&#8230; die Festivalfans warten ungeduldig auf die ersten gro\u00dfen Headliner f\u00fcr die Festivals 2016. Da reicht dann schon eine kleine Randbemerkung, um die Ger\u00fcchtek\u00fcche anzufeuern. Aktuelles Beispiel sind RAMMSTEIN, die von der franz\u00f6sichen Fanseite Ramsteinworld f\u00fcr &#8222;eine Reihe von Konzerten&#8220; im Sommer 2016 angek\u00fcndigt werden.<\/p>\n","protected":false},"author":1,"featured_media":0,"comment_status":"open","ping_status":"open","sticky":false,"template":"","format":"standard","meta":{"footnotes":""},"categories":[2,1079,40,466,3,6],"tags":[],"class_list":["post-107649","post","type-post","status-publish","format-standard","hentry","category-festivalnews","category-festivals-2016","category-festivals-in-europa","category-geruechtekueche","category-metal-festivals","category-rock-festivals"],"_links":{"self":[{"href":"https:\/\/www.festivalhopper.de\/news\/wp-json\/wp\/v2\/posts\/107649","targetHints":{"allow":["GET"]}}],"collection":[{"href":"https:\/\/www.festivalhopper.de\/news\/wp-json\/wp\/v2\/posts"}],"about":[{"href":"https:\/\/www.festivalhopper.de\/news\/wp-json\/wp\/v2\/types\/post"}],"author":[{"embeddable":true,"href":"https:\/\/www.festivalhopper.de\/news\/wp-json\/wp\/v2\/users\/1"}],"replies":[{"embeddable":true,"href":"https:\/\/www.festivalhopper.de\/news\/wp-json\/wp\/v2\/comments?post=107649"}],"version-history":[{"count":2,"href":"https:\/\/www.festivalhopper.de\/news\/wp-json\/wp\/v2\/posts\/107649\/revisions"}],"predecessor-version":[{"id":107651,"href":"https:\/\/www.festivalhopper.de\/news\/wp-json\/wp\/v2\/posts\/107649\/revisions\/107651"}],"wp:attachment":[{"href":"https:\/\/www.festivalhopper.de\/news\/wp-json\/wp\/v2\/media?parent=107649"}],"wp:term":[{"taxonomy":"category","embeddable":true,"href":"https:\/\/www.festivalhopper.de\/news\/wp-json\/wp\/v2\/categories?post=107649"},{"taxonomy":"post_tag","embeddable":true,"href":"https:\/\/www.festivalhopper.de\/news\/wp-json\/wp\/v2\/tags?post=107649"}],"curies":[{"name":"wp","href":"https:\/\/api.w.org\/{rel}","templated":true}]}}