{"id":10506,"date":"2009-07-05T10:39:23","date_gmt":"2009-07-05T08:39:23","guid":{"rendered":"http:\/\/www.festivalhopper.de\/news\/?p=10506"},"modified":"2010-05-19T00:00:34","modified_gmt":"2010-05-18T22:00:34","slug":"tff-der-zweite-festivaltag","status":"publish","type":"post","link":"https:\/\/www.festivalhopper.de\/news\/2009\/07\/05\/tff-der-zweite-festivaltag\/","title":{"rendered":"TFF &#8211; der zweite Festivaltag"},"content":{"rendered":"<p><a href=\"https:\/\/www.festivalhopper.de\/news\/wp-content\/uploads\/2009\/07\/img_65281.jpg\"><img loading=\"lazy\" decoding=\"async\" class=\"alignleft size-medium wp-image-10521\" src=\"https:\/\/www.festivalhopper.de\/news\/wp-content\/uploads\/2009\/07\/img_65281-199x300.jpg\" alt=\"TFF 2009 in Rudolstadt\" width=\"199\" height=\"300\" srcset=\"https:\/\/www.festivalhopper.de\/news\/wp-content\/uploads\/2009\/07\/img_65281-199x300.jpg 199w, https:\/\/www.festivalhopper.de\/news\/wp-content\/uploads\/2009\/07\/img_65281.jpg 682w\" sizes=\"auto, (max-width: 199px) 100vw, 199px\" \/><\/a><strong>Heute ging das <a href=\"https:\/\/www.festivalhopper.de\/festival\/tff-rudolstadt-2009\" target=\"_blank\" rel=\"noopener\">Tanz- und Folkfestival in Rudolstadt<\/a> (TFF) in die zweite Runde<\/strong> &#8211; das Spezialkonzert am Donnerstag herausgenommen. Nachdem die Festivalhopper bereits am <a title=\"Bericht zum ersten Festivaltag des TFF 2009\" href=\"https:\/\/www.festivalhopper.de\/news\/2009\/07\/04\/tff-der-erste-festivaltag\/\" target=\"_blank\" rel=\"noopener\">ersten Tag<\/a> eine umfangreiche Tour \u00fcber das Festival und damit auch durch musikalische Welten unternommen haben, konnten sie heute leider erst zu sp\u00e4terer Stunde nach Rudolstadt aufbrechen. Dennoch haben sie wieder versucht f\u00fcr euch einen m\u00f6glichst breiten \u00dcberblick \u00fcber das Festivalgeschehen und die Konzerte zu dokumentieren.<\/p>\n<p><!--more-->Los ging die musikalische Reise am Samstag, 4. Juli 2009, dort, wo sie tags zuvor endete &#8211; auf der B\u00fchne am Theaterplatz. Dort spielten die <strong>Saline Fiddlers <\/strong>aus den USA. Selten hat man eine so volle B\u00fchne gesehen. Ingesamt besteht die Gruppe aus 33 Musikern, von denen 28 sogar noch Sch\u00fcler sind. Ihr Mix aus amerikanischem Folk, Bluegrass, Jazz, Western Swing und Celtic Music brachte vor allem die J\u00fcngsten unter den Zuschauern zum Tanzen.<\/p>\n<p><a href=\"https:\/\/www.festivalhopper.de\/news\/wp-content\/uploads\/2009\/07\/img_6376.jpg\"><img loading=\"lazy\" decoding=\"async\" class=\"alignnone size-thumbnail wp-image-10522\" src=\"https:\/\/www.festivalhopper.de\/news\/wp-content\/uploads\/2009\/07\/img_6376-150x150.jpg\" alt=\"Saline Fiddlers auf dem TFF 2009\" width=\"150\" height=\"150\" \/><\/a> <a href=\"https:\/\/www.festivalhopper.de\/news\/wp-content\/uploads\/2009\/07\/img_6395.jpg\"><img loading=\"lazy\" decoding=\"async\" class=\"alignnone size-thumbnail wp-image-10523\" src=\"https:\/\/www.festivalhopper.de\/news\/wp-content\/uploads\/2009\/07\/img_6395-150x150.jpg\" alt=\"Saline Fiddlers auf dem TFF 2009\" width=\"150\" height=\"150\" \/><\/a> <a href=\"https:\/\/www.festivalhopper.de\/news\/wp-content\/uploads\/2009\/07\/img_6374.jpg\"><img loading=\"lazy\" decoding=\"async\" class=\"alignnone size-thumbnail wp-image-10524\" src=\"https:\/\/www.festivalhopper.de\/news\/wp-content\/uploads\/2009\/07\/img_6374-150x150.jpg\" alt=\"Saline Fiddlers auf dem TFF 2009\" width=\"150\" height=\"150\" \/><\/a><\/p>\n<p>Weiter ging es dann zur gro\u00dfen B\u00fchne im Heinepark zu <strong>Capercaillie<\/strong> aus Schottland. Doch schon auf dem Weg dorthin luden das Konzertzelt und auch das Tanzzelt wieder zu kurzen Zwischenstops ein. Letztendlich auf der etwas zwischen den B\u00e4umen versteckten Gro\u00dfen B\u00fchne angekommen, wurde man sofort in die Welt des schottischen Folk-Pops entf\u00fchrt, welcher durch die preisgekr\u00f6nten Musiker um die S\u00e4ngerin Karen Matheson von Capercaillie dargeboten wurde. Bemerkenswert dabei war sicherlich der Gesang in G\u00e4lisch, was bisher sicherlich die Meisten in der Form noch nicht geh\u00f6rt haben.<\/p>\n<p><a href=\"https:\/\/www.festivalhopper.de\/news\/wp-content\/uploads\/2009\/07\/img_6410.jpg\"><img loading=\"lazy\" decoding=\"async\" class=\"alignnone size-thumbnail wp-image-10525\" src=\"https:\/\/www.festivalhopper.de\/news\/wp-content\/uploads\/2009\/07\/img_6410-150x150.jpg\" alt=\"Capercaillie auf dem TFF 2009\" width=\"150\" height=\"150\" \/><\/a> <a href=\"https:\/\/www.festivalhopper.de\/news\/wp-content\/uploads\/2009\/07\/img_6427.jpg\"><img loading=\"lazy\" decoding=\"async\" class=\"alignnone size-thumbnail wp-image-10526\" src=\"https:\/\/www.festivalhopper.de\/news\/wp-content\/uploads\/2009\/07\/img_6427-150x150.jpg\" alt=\"Capercaillie auf dem TFF 2009\" width=\"150\" height=\"150\" \/><\/a> <a href=\"https:\/\/www.festivalhopper.de\/news\/wp-content\/uploads\/2009\/07\/img_6415.jpg\"><img loading=\"lazy\" decoding=\"async\" class=\"alignnone size-thumbnail wp-image-10527\" src=\"https:\/\/www.festivalhopper.de\/news\/wp-content\/uploads\/2009\/07\/img_6415-150x150.jpg\" alt=\"Capercaillie auf dem TFF 2009\" width=\"150\" height=\"150\" \/><\/a><\/p>\n<p>W\u00e4hrend die Kl\u00e4nge von Capercaillie noch durch den Heinepark hallten, machten sich die Festivalhopper aber schon wieder auf den Weg hoch auf die Heidecksburg. Grund daf\u00fcr, dass sie erneut einen der l\u00e4ngsten und beschwerlichsten Wege auf dem gesammten TFF in Kauf nahmen, war <strong>Lucinda Williams<\/strong>. Die mehrfache Grammygewinnerin tourte bereits zusammen mit Bob Dylan und wurde 2002 sogar vom Time Magazin zum besten Songwriter der USA gew\u00e4hlt. Um diesem Ruf gerecht zu werden, lie\u00dfen die Veranstalter<strong> <\/strong>die Country, Folk und Rock-S\u00e4ngerin, als <strong>einer der wichtigsten K\u00fcnstlerinnen des TFF 2009,<\/strong> in der beeindruckenden Kulisse des Schlossinnenhofes der Heidecksburg auftreten.<\/p>\n<p><a href=\"https:\/\/www.festivalhopper.de\/news\/wp-content\/uploads\/2009\/07\/img_6519.jpg\"><img loading=\"lazy\" decoding=\"async\" class=\"alignnone size-thumbnail wp-image-10528\" src=\"https:\/\/www.festivalhopper.de\/news\/wp-content\/uploads\/2009\/07\/img_6519-150x150.jpg\" alt=\"Lucinda Williams auf dem TFF 2009\" width=\"150\" height=\"150\" \/><\/a> <a href=\"https:\/\/www.festivalhopper.de\/news\/wp-content\/uploads\/2009\/07\/img_6506.jpg\"><img loading=\"lazy\" decoding=\"async\" class=\"alignnone size-thumbnail wp-image-10529\" src=\"https:\/\/www.festivalhopper.de\/news\/wp-content\/uploads\/2009\/07\/img_6506-150x150.jpg\" alt=\"Lucinda Williams auf dem TFF 2009\" width=\"150\" height=\"150\" \/><\/a> <a href=\"https:\/\/www.festivalhopper.de\/news\/wp-content\/uploads\/2009\/07\/img_6514.jpg\"><img loading=\"lazy\" decoding=\"async\" class=\"alignnone size-thumbnail wp-image-10530\" src=\"https:\/\/www.festivalhopper.de\/news\/wp-content\/uploads\/2009\/07\/img_6514-150x150.jpg\" alt=\"Lucinda Williams auf dem TFF 2009\" width=\"150\" height=\"150\" \/><\/a><\/p>\n<p><a href=\"https:\/\/www.festivalhopper.de\/news\/wp-content\/uploads\/2009\/07\/img_6524.jpg\"><img loading=\"lazy\" decoding=\"async\" class=\"alignnone size-thumbnail wp-image-10531\" src=\"https:\/\/www.festivalhopper.de\/news\/wp-content\/uploads\/2009\/07\/img_6524-150x150.jpg\" alt=\"Lucinda Williams auf dem TFF 2009\" width=\"150\" height=\"150\" \/><\/a> <a href=\"https:\/\/www.festivalhopper.de\/news\/wp-content\/uploads\/2009\/07\/img_6479.jpg\"><img loading=\"lazy\" decoding=\"async\" class=\"alignnone size-thumbnail wp-image-10532\" src=\"https:\/\/www.festivalhopper.de\/news\/wp-content\/uploads\/2009\/07\/img_6479-150x150.jpg\" alt=\"Lucinda Williams auf dem TFF 2009\" width=\"150\" height=\"150\" \/><\/a> <a href=\"https:\/\/www.festivalhopper.de\/news\/wp-content\/uploads\/2009\/07\/img_6470.jpg\"><img loading=\"lazy\" decoding=\"async\" class=\"alignnone size-thumbnail wp-image-10533\" src=\"https:\/\/www.festivalhopper.de\/news\/wp-content\/uploads\/2009\/07\/img_6470-150x150.jpg\" alt=\"Lucinda Williams auf dem TFF 2009\" width=\"150\" height=\"150\" \/><\/a><\/p>\n<p>Der Abschlu\u00df des zweiten Festivaltages f\u00fcr unsere Festivalhopper, fand dann auf der Gro\u00dfen B\u00fchne auf dem Markt statt. Dort h\u00f6rten sie sich die letzen Minuten des Konzert von <strong>The Great Bertholinis<\/strong> an. Die Urspr\u00fcnge dieser Band liegen in Ungarn, von wo bereits vor mehreren Jahrhunderte der Familienklan mit ihren Karren ein Streifzug durch Europa begonnen hat. Bekannt wurden die Great Bertholinis vor allem durch ihre Akrobatik, aber auch durch den ein oder anderen Nachkommen mit Gendefekt, der zur Schau gestellt wurde. Doch das ist alles Vergangenheit. Heute machen die gut aussehenden jungen Herren Pop und wissen, damit ihr Publikum sehr gut zu unterhalten.<\/p>\n<p><a href=\"https:\/\/www.festivalhopper.de\/news\/wp-content\/uploads\/2009\/07\/img_6553.jpg\"><img loading=\"lazy\" decoding=\"async\" class=\"alignnone size-thumbnail wp-image-10534\" src=\"https:\/\/www.festivalhopper.de\/news\/wp-content\/uploads\/2009\/07\/img_6553-150x150.jpg\" alt=\"The Great Bertholinis auf dem TFF 2009\" width=\"150\" height=\"150\" \/><\/a> <a href=\"https:\/\/www.festivalhopper.de\/news\/wp-content\/uploads\/2009\/07\/img_6543.jpg\"><img loading=\"lazy\" decoding=\"async\" class=\"alignnone size-thumbnail wp-image-10535\" src=\"https:\/\/www.festivalhopper.de\/news\/wp-content\/uploads\/2009\/07\/img_6543-150x150.jpg\" alt=\"The Great Bertholinis auf dem TFF 2009\" width=\"150\" height=\"150\" \/><\/a> <a href=\"https:\/\/www.festivalhopper.de\/news\/wp-content\/uploads\/2009\/07\/img_6565.jpg\"><img loading=\"lazy\" decoding=\"async\" class=\"alignnone size-thumbnail wp-image-10536\" src=\"https:\/\/www.festivalhopper.de\/news\/wp-content\/uploads\/2009\/07\/img_6565-150x150.jpg\" alt=\"The Great Bertholinis auf dem TFF 2009\" width=\"150\" height=\"150\" \/><\/a><\/p>\n<p>Mit den Erinnerung an all diese Konzerte machten sich dann die Festivalhopper wieder auf den Heimweg. Sie haben aber jetzt schon einen Plan f\u00fcr den Sonntag und damit leider letzten Tag des Tanz- und Folkfestivals in Rudolstadt. Freut euch auf eine weitere Reise durch die Musik der Welt.<\/p>\n<p>Fotos und Bericht von <a href=\"http:\/\/www.frankon.de\">Frank &#8222;fRanKon&#8220; Diehn<\/a> und <a href=\"http:\/\/www.flickr.com\/teliko82\" target=\"_blank\" rel=\"noopener\">Thomas &#8222;Teliko&#8220; Helbig<\/a><\/p>\n<p>Weitere Links:<\/p>\n<li><a title=\"Homepage des Festivals\" href=\"https:\/\/www.rudolstadt-festival.de\/startseite.html\" target=\"_blank\" rel=\"noopener\">Homepage des Festivals<\/a><\/li>\n<li><a href=\"https:\/\/www.festivalhopper.de\/festival\/tff-rudolstadt-2009\">Festivalpage auf Festivalhopper<\/a><\/li>\n<li><a href=\"https:\/\/www.festivalhopper.de\/news\/2009\/07\/04\/tff-der-erste-festivaltag\/\">Bericht vom ersten Festivaltag auf dem TFF 2009<\/a><\/li>\n<li><a href=\"https:\/\/www.festivalhopper.de\/news\/2009\/07\/06\/tff-der-dritte-festivaltag\/\">Bericht vom dritten Festivaltag auf dem TFF 2009<\/a><\/li>\n<li><a href=\"https:\/\/www.festivalhopper.de\/news\/2009\/07\/31\/tff-2009-ein-rueckblick\/\">R\u00fcckblick zum TFF 2009<\/a><\/li>\n<li><a title=\"Bildergalerie vom TFF 2009\" href=\"https:\/\/www.frankon.de\/index.php\/bands\/tff-rudolstadt-2009\">Umfangreiche Bildergalerie vom TFF 2009 (1)<\/a><\/li>\n<li><a href=\"http:\/\/www.flickr.com\/photos\/teliko82\/collections\/72157621153214231\/\">Umfangreiche Bildergalerie vom TFF 2009 (2)<\/a><\/li>","protected":false},"excerpt":{"rendered":"<p>Heute ging das Tanz- und Folkfestival in Rudolstadt (TFF) in die zweite Runde &#8211; das Spezialkonzert am Donnerstag herausgenommen. Nachdem die Festivalhopper bereits am ersten Tag eine umfangreiche Tour \u00fcber das Festival und damit auch durch musikalische Welten unternommen haben, konnten sie heute leider erst zu sp\u00e4terer Stunde nach Rudolstadt aufbrechen. Dennoch haben sie wieder [&hellip;]<\/p>\n","protected":false},"author":146,"featured_media":0,"comment_status":"open","ping_status":"open","sticky":false,"template":"","format":"standard","meta":{"footnotes":""},"categories":[35,7,2,131,241,19],"tags":[248,273,274,275],"class_list":["post-10506","post","type-post","status-publish","format-standard","hentry","category-festivalberichte","category-festivalbilder","category-festivalnews","category-festivals-2009","category-live-vom-festival","category-welt-musik","tag-248","tag-rudolstadt","tag-tanz-und-folkfestival","tag-tff"],"_links":{"self":[{"href":"https:\/\/www.festivalhopper.de\/news\/wp-json\/wp\/v2\/posts\/10506","targetHints":{"allow":["GET"]}}],"collection":[{"href":"https:\/\/www.festivalhopper.de\/news\/wp-json\/wp\/v2\/posts"}],"about":[{"href":"https:\/\/www.festivalhopper.de\/news\/wp-json\/wp\/v2\/types\/post"}],"author":[{"embeddable":true,"href":"https:\/\/www.festivalhopper.de\/news\/wp-json\/wp\/v2\/users\/146"}],"replies":[{"embeddable":true,"href":"https:\/\/www.festivalhopper.de\/news\/wp-json\/wp\/v2\/comments?post=10506"}],"version-history":[{"count":2,"href":"https:\/\/www.festivalhopper.de\/news\/wp-json\/wp\/v2\/posts\/10506\/revisions"}],"predecessor-version":[{"id":144426,"href":"https:\/\/www.festivalhopper.de\/news\/wp-json\/wp\/v2\/posts\/10506\/revisions\/144426"}],"wp:attachment":[{"href":"https:\/\/www.festivalhopper.de\/news\/wp-json\/wp\/v2\/media?parent=10506"}],"wp:term":[{"taxonomy":"category","embeddable":true,"href":"https:\/\/www.festivalhopper.de\/news\/wp-json\/wp\/v2\/categories?post=10506"},{"taxonomy":"post_tag","embeddable":true,"href":"https:\/\/www.festivalhopper.de\/news\/wp-json\/wp\/v2\/tags?post=10506"}],"curies":[{"name":"wp","href":"https:\/\/api.w.org\/{rel}","templated":true}]}}