{"id":102473,"date":"2015-06-07T18:13:13","date_gmt":"2015-06-07T16:13:13","guid":{"rendered":"http:\/\/www.festivalhopper.de\/news\/?p=102473"},"modified":"2015-06-10T15:05:35","modified_gmt":"2015-06-10T13:05:35","slug":"rock-am-ring-2016-mendig-pressekonferenz-2015","status":"publish","type":"post","link":"https:\/\/www.festivalhopper.de\/news\/2015\/06\/07\/rock-am-ring-2016-mendig-pressekonferenz-2015\/","title":{"rendered":"Rock am Ring 2016 in Mendig &#8211; Infos von der Pressekonferenz 2015"},"content":{"rendered":"<p><a href=\"https:\/\/www.festivalhopper.de\/news\/wp-content\/uploads\/2015\/06\/pressekonferenz-rar2015-8801.jpg\"><img loading=\"lazy\" decoding=\"async\" class=\"alignleft size-medium wp-image-102475\" src=\"https:\/\/www.festivalhopper.de\/news\/wp-content\/uploads\/2015\/06\/pressekonferenz-rar2015-8801-300x200.jpg\" alt=\"pressekonferenz-rar2015-8801\" width=\"300\" height=\"200\" srcset=\"https:\/\/www.festivalhopper.de\/news\/wp-content\/uploads\/2015\/06\/pressekonferenz-rar2015-8801-300x200.jpg 300w, https:\/\/www.festivalhopper.de\/news\/wp-content\/uploads\/2015\/06\/pressekonferenz-rar2015-8801.jpg 1024w\" sizes=\"auto, (max-width: 300px) 100vw, 300px\" \/><\/a>&#8222;<strong>Wir sehen uns bei <a href=\"https:\/\/www.festivalhopper.de\/festival\/rock-am-ring-2016\">Rock am Ring 2016 in Mendig<\/a>!<\/strong>&#8220; &#8211; mit diesen Worten beendete Marek Lieberberg soeben die Pressekonferenz bei <a href=\"https:\/\/www.festivalhopper.de\/festival\/rock-am-ring-2015\">RaR 2015<\/a>.<\/p>\n<p>Weit \u00fcber eine Stunde wurden Statements abgegeben und geduldig Fragen beantwortet. Alle wichtigen Aussagen und Infos, gibt es hier.<\/p>\n<p><!--more--><\/p>\n<blockquote><p><em>Der Artikel wird noch erg\u00e4nzt &#8211; bis dahin k\u00f6nnt ihr unseren <a href=\"https:\/\/www.facebook.com\/festivalhopper\/photos\/a.52960059994.19543.49651439994\/10150523491219995\/\">Pressekonferenz-Ticker bei Facebook<\/a> anschauen.<\/em><\/p><\/blockquote>\n<p><strong> Statements und Infos aus der RaR-PK 2015 <\/strong><em>(<span data-reactid=\".1r.1:4:1:$comment10150523491219995_10150523495449995:0.0.$right.0.$left.0.0.1\"><span data-ft=\"{&quot;tn&quot;:&quot;K&quot;}\" data-reactid=\".1r.1:4:1:$comment10150523491219995_10150523495449995:0.0.$right.0.$left.0.0.1.$comment-body\"><span class=\"UFICommentBody\" data-reactid=\".1r.1:4:1:$comment10150523491219995_10150523495449995:0.0.$right.0.$left.0.0.1.$comment-body.0\"><span data-reactid=\".1r.1:4:1:$comment10150523491219995_10150523495449995:0.0.$right.0.$left.0.0.1.$comment-body.0.$end:0:$text0:0\">Teilnehmer: Marten Pauls (Festivalplanung), Thomas Jung (SWR), B\u00fcrgermeister von Mendig, B\u00fcrgermeister der Verbandsgemeinde, Andr\u00e9 Lieberberg (Programmverantwortlicher) &amp; Marek Lieberberg<\/span><\/span><\/span><\/span>)<\/em><strong>:<em><br \/>\n<\/em><\/strong><\/p>\n<ul>\n<li><span data-reactid=\".1r.1:4:1:$comment10150523491219995_10150523512219995:0.0.$right.0.$left.0.0.1\"><span data-ft=\"{&quot;tn&quot;:&quot;K&quot;}\" data-reactid=\".1r.1:4:1:$comment10150523491219995_10150523512219995:0.0.$right.0.$left.0.0.1.$comment-body\"><span class=\"UFICommentBody\" data-reactid=\".1r.1:4:1:$comment10150523491219995_10150523512219995:0.0.$right.0.$left.0.0.1.$comment-body.0\"><span data-reactid=\".1r.1:4:1:$comment10150523491219995_10150523512219995:0.0.$right.0.$left.0.0.1.$comment-body.0.$end:0:$text0:0\">Andr\u00e9: Bookingplanungen, <strong>Headliner oder andere Acts 2016<\/strong> werden noch nicht ausgeplaudert.<\/span><\/span><\/span><\/span><\/li>\n<li><span data-reactid=\".1r.1:4:1:$comment10150523491219995_10150523508514995:0.0.$right.0.$left.0.0.1\"><span data-ft=\"{&quot;tn&quot;:&quot;K&quot;}\" data-reactid=\".1r.1:4:1:$comment10150523491219995_10150523508514995:0.0.$right.0.$left.0.0.1.$comment-body\"><span class=\"UFICommentBody\" data-reactid=\".1r.1:4:1:$comment10150523491219995_10150523508514995:0.0.$right.0.$left.0.0.1.$comment-body.0\"><span data-reactid=\".1r.1:4:1:$comment10150523491219995_10150523508514995:0.0.$right.0.$left.0.0.1.$comment-body.0.$text0:0:$text0:0\">Marek: <strong>Rock am Ring in Mendig ist auf &#8222;5 Jahre plus&#8220; konzipiert<\/strong>. <\/span><\/span><\/span><\/span><\/li>\n<li><span data-reactid=\".1r.1:4:1:$comment10150523491219995_10150523508514995:0.0.$right.0.$left.0.0.1\"><span data-ft=\"{&quot;tn&quot;:&quot;K&quot;}\" data-reactid=\".1r.1:4:1:$comment10150523491219995_10150523508514995:0.0.$right.0.$left.0.0.1.$comment-body\"><span class=\"UFICommentBody\" data-reactid=\".1r.1:4:1:$comment10150523491219995_10150523508514995:0.0.$right.0.$left.0.0.1.$comment-body.0\"><span data-reactid=\".1r.1:4:1:$comment10150523491219995_10150523508514995:0.0.$right.0.$left.0.0.1.$comment-body.0.$text0:0:$text0:0\">Andr\u00e9: <strong>3.-5.Juni 2016<\/strong>.<\/span><\/span><\/span><\/span><\/li>\n<li><span data-reactid=\".1r.1:4:1:$comment10150523491219995_10150523506344995:0.0.$right.0.$left.0.0.1\"><span data-ft=\"{&quot;tn&quot;:&quot;K&quot;}\" data-reactid=\".1r.1:4:1:$comment10150523491219995_10150523506344995:0.0.$right.0.$left.0.0.1.$comment-body\"><span class=\"UFICommentBody\" data-reactid=\".1r.1:4:1:$comment10150523491219995_10150523506344995:0.0.$right.0.$left.0.0.1.$comment-body.0\"><span data-reactid=\".1r.1:4:1:$comment10150523491219995_10150523506344995:0.0.$right.0.$left.0.0.1.$comment-body.0.$end:0:$text0:0\">Marek: &#8222;Das beste Festival, das wir je erlebt haben &#8211; mit diesem Infield, diesem tollen Sound.&#8220;<\/span><\/span><\/span><\/span><\/li>\n<li><span data-reactid=\".1r.1:4:1:$comment10150523491219995_10150523503419995:0.0.$right.0.$left.0.0.1\"><span data-ft=\"{&quot;tn&quot;:&quot;K&quot;}\" data-reactid=\".1r.1:4:1:$comment10150523491219995_10150523503419995:0.0.$right.0.$left.0.0.1.$comment-body\"><span class=\"UFICommentBody\" data-reactid=\".1r.1:4:1:$comment10150523491219995_10150523503419995:0.0.$right.0.$left.0.0.1.$comment-body.0\"><span data-reactid=\".1r.1:4:1:$comment10150523491219995_10150523503419995:0.0.$right.0.$left.0.0.1.$comment-body.0.$end:0:$text0:0\">Festivalplanungschef: Er sitzt hier nur stellvertretend f\u00fcr ein Team von 1000 Leuten, die die Festivalplanung am neuen Standort m\u00f6glich gemacht haben. Er spricht auch Probleme an, Campingplatzfl\u00e4chen, die erweitert werden mussten oder etwa die Unwettersituation. Positiv v.a. die kurzen Wege f\u00fcr die Besucher.<\/span><\/span><\/span><\/span><\/li>\n<li><span data-reactid=\".1r.1:4:1:$comment10150523491219995_10150523502879995:0.0.$right.0.$left.0.0.1\"><span data-ft=\"{&quot;tn&quot;:&quot;K&quot;}\" data-reactid=\".1r.1:4:1:$comment10150523491219995_10150523502879995:0.0.$right.0.$left.0.0.1.$comment-body\"><span class=\"UFICommentBody\" data-reactid=\".1r.1:4:1:$comment10150523491219995_10150523502879995:0.0.$right.0.$left.0.0.1.$comment-body.0\"><span data-reactid=\".1r.1:4:1:$comment10150523491219995_10150523502879995:0.0.$right.0.$left.0.0.1.$comment-body.0.$end:0:$text0:0\">Marek Lieberberg: Es mag alles m\u00e4rchenhaft klingen, aber das ist es aber auch. Sie k\u00f6nnen glauben, wir haben geschuftet, gezittert, gearbeitet. &#8222;Einiges ist noch justierungsbed\u00fcrftig.&#8220;<\/span><\/span><\/span><\/span><\/li>\n<li><span data-reactid=\".1r.1:4:1:$comment10150523491219995_10150523502094995:0.0.$right.0.$left.0.0.1\"><span data-ft=\"{&quot;tn&quot;:&quot;K&quot;}\" data-reactid=\".1r.1:4:1:$comment10150523491219995_10150523502094995:0.0.$right.0.$left.0.0.1.$comment-body\"><span class=\"UFICommentBody\" data-reactid=\".1r.1:4:1:$comment10150523491219995_10150523502094995:0.0.$right.0.$left.0.0.1.$comment-body.0\"><span data-reactid=\".1r.1:4:1:$comment10150523491219995_10150523502094995:0.0.$right.0.$left.0.0.1.$comment-body.0.$end:0:$text0:0\">B\u00fcrgermeister Mendig: &#8222;Nach Heirat, Arbeit und Vater werden, ist das hier das Spannendste was ich so erlebt habe.&#8220; F\u00fcr einen B\u00fcrgermeister gibt das hier ein G\u00e4nsehautgef\u00fchl nach dem anderen. Wir hoffen, dass das hier das erste von vielen RaR-Festivals in Mendig ist.<\/span><\/span><\/span><\/span><\/li>\n<li><span data-reactid=\".1r.1:4:1:$comment10150523491219995_10150523500694995:0.0.$right.0.$left.0.0.1\"><span data-ft=\"{&quot;tn&quot;:&quot;K&quot;}\" data-reactid=\".1r.1:4:1:$comment10150523491219995_10150523500694995:0.0.$right.0.$left.0.0.1.$comment-body\"><span class=\"UFICommentBody\" data-reactid=\".1r.1:4:1:$comment10150523491219995_10150523500694995:0.0.$right.0.$left.0.0.1.$comment-body.0\"><span data-reactid=\".1r.1:4:1:$comment10150523491219995_10150523500694995:0.0.$right.0.$left.0.0.1.$comment-body.0.$end:0:$text0:0\">Verbandsb\u00fcrgermeister: <\/span><br data-reactid=\".1r.1:4:1:$comment10150523491219995_10150523500694995:0.0.$right.0.$left.0.0.1.$comment-body.0.$end:0:$text1:0\" \/><span data-reactid=\".1r.1:4:1:$comment10150523491219995_10150523500694995:0.0.$right.0.$left.0.0.1.$comment-body.0.$end:0:$text2:0\">&#8222;Ein Traum ist wahr geworden.&#8220; Mendig ist nun nicht mehr nur eine Autobahnausfahrt an der A61, sondern die &#8218;Rock City&#8216; Deutschlands.<\/span><\/span><\/span><\/span><\/li>\n<li><span data-reactid=\".1r.1:4:1:$comment10150523491219995_10150523500019995:0.0.$right.0.$left.0.0.1\"><span data-ft=\"{&quot;tn&quot;:&quot;K&quot;}\" data-reactid=\".1r.1:4:1:$comment10150523491219995_10150523500019995:0.0.$right.0.$left.0.0.1.$comment-body\"><span class=\"UFICommentBody\" data-reactid=\".1r.1:4:1:$comment10150523491219995_10150523500019995:0.0.$right.0.$left.0.0.1.$comment-body.0\"><span data-reactid=\".1r.1:4:1:$comment10150523491219995_10150523500019995:0.0.$right.0.$left.0.0.1.$comment-body.0.$end:0:$text0:0\">Polizeidirektor Bertram:<\/span><br data-reactid=\".1r.1:4:1:$comment10150523491219995_10150523500019995:0.0.$right.0.$left.0.0.1.$comment-body.0.$end:0:$text1:0\" \/><span data-reactid=\".1r.1:4:1:$comment10150523491219995_10150523500019995:0.0.$right.0.$left.0.0.1.$comment-body.0.$end:0:$text2:0\">&#8222;Aus polizeilicher Sicht ein absolut positives Res\u00fcmee&#8220;: Anreise hat gut geklappt, Umleitungen haben gut geklappt, Parkplatz bef\u00fcllen bestens. Nur 4 Verkehrsunf\u00e4lle im Zusammenhang mit der Anreise, bis jetzt wurden nur 231 Strafanzeigen gestellt, davon nur 3 K\u00f6rperverletzungsdelikte und 10 Sachbesch\u00e4digungen. F\u00fcr eine Stadt von 100.000 Anwohnern zu vernachl\u00e4ssigen.<\/span><\/span><\/span><\/span><\/li>\n<li><span data-reactid=\".1r.1:4:1:$comment10150523491219995_10150523496649995:0.0.$right.0.$left.0.0.1\"><span data-ft=\"{&quot;tn&quot;:&quot;K&quot;}\" data-reactid=\".1r.1:4:1:$comment10150523491219995_10150523496649995:0.0.$right.0.$left.0.0.1.$comment-body\"><span class=\"UFICommentBody\" data-reactid=\".1r.1:4:1:$comment10150523491219995_10150523496649995:0.0.$right.0.$left.0.0.1.$comment-body.0\"><span data-reactid=\".1r.1:4:1:$comment10150523491219995_10150523496649995:0.0.$right.0.$left.0.0.1.$comment-body.0.$end:0:$text0:0\">Thomas vom SWR: 2 Mio Zuschauer bei EinsPlus (20% Zuwachs), 800.000 bei den Livestreams (30% Zuwachs) &#8211; gestern Abend 1 Mio Zuschauer bei Doku auf ARD, Die Toten Hosen Konzert mdanach mit 6% Marktanteil \/ 500.000 Zuschauer.<\/span><\/span><\/span><\/span><\/li>\n<li>Marek Lieberberg bem\u00fcht sich nochmals das <strong>Unwetter in der Nacht zum Samstag<\/strong> einzuordnen:<br \/>\n-Acht Mitarbeiter der Broilers wurden verletzt (in einem Bus nahe der B\u00fchne &#8211; durch ein Kabel vermutlich)<br \/>\n-zweiter Einschlag: nochmals 25 Personen verletzt von denen einige zur Kontrolle in Krankenhaus gebracht wurden. Alle wurden seines Kenntnisstandes nach, am gleichen Tag wieder entlassen<\/li>\n<\/ul>\n<p><strong>Unsere bisherigen Berichte von Rock am Ring 2015:<\/strong><\/p>\n<ul>\n<li><a title=\"Permalink zu Rock am Ring: Die Toten Hosen und das gro\u00dfe Unwetter\" href=\"https:\/\/www.festivalhopper.de\/news\/2015\/06\/06\/die-toten-hosen-unwetter-rock-am-ring\/\" rel=\"bookmark\">&#8222;Rock am Ring: Die Toten Hosen und das gro\u00dfe Unwetter<\/a>&#8222;<\/li>\n<li><a title=\"Permalink zu \u201cROCK AM RING, siehst Du gut aus!\u201d \u2013 wahnsinniger Kick off mit den DONOTS\" href=\"https:\/\/www.festivalhopper.de\/news\/2015\/06\/05\/rock-am-ring-start-donots\/\" rel=\"bookmark\">\u201cROCK AM RING, siehst Du gut aus!\u201d \u2013 wahnsinniger Kick off mit den DONOTS<\/a><\/li>\n<li><a title=\"Permalink zu Ringrocker mit gefeierter G\u00f6tz Widmann Show zum WarmUp\" href=\"https:\/\/www.festivalhopper.de\/news\/2015\/06\/04\/ringrocker-warmup-goetz-widmann\/\" rel=\"bookmark\">Ringrocker mit gefeierter G\u00f6tz Widmann Show zum WarmUp<\/a><\/li>\n<li><a title=\"Permalink zu \u201cROCK AM RING, siehst Du gut aus!\u201d \u2013 wahnsinniger Kick off mit den DONOTS\" href=\"https:\/\/www.festivalhopper.de\/news\/2015\/06\/05\/rock-am-ring-start-donots\/\" rel=\"bookmark\">Rock am Ring Live \u2013 \u00dcbertragung, Stream, TV, Radio<\/a><\/li>\n<li>Bildergalerie: &#8222;<a title=\"View album: Rock am Ring 2015 - Freitag\" href=\"https:\/\/www.festivalhopper.de\/bilder\/rock-am-ring-2015-freitag\/\">Rock am Ring 2015 &#8211; Freitag<\/a>&#8222;<\/li>\n<li>Bildergalerie: &#8222;<a title=\"View album: Die Toten Hosen bei RaR 2015\" href=\"https:\/\/www.festivalhopper.de\/bilder\/toten-hosen-rar-2015\/\">Die Toten Hosen bei RaR 2015<\/a>&#8222;<\/li>\n<li><em>&#8230; weitere Links folgen<\/em><\/li>\n<\/ul>","protected":false},"excerpt":{"rendered":"<p>&#8222;Wir sehen uns bei Rock am Ring 2016 in Mendig!&#8220; &#8211; mit diesen Worten beendete Marek Lieberberg soeben die Pressekonferenz bei RaR 2015. Weit \u00fcber eine Stunde wurden Statements abgegeben und geduldig Fragen beantwortet. Alle wichtigen Aussagen und Infos, gibt es hier.<\/p>\n","protected":false},"author":45,"featured_media":0,"comment_status":"open","ping_status":"open","sticky":false,"template":"","format":"standard","meta":{"footnotes":""},"categories":[35,2,882,981,1079,40,980,6],"tags":[],"class_list":["post-102473","post","type-post","status-publish","format-standard","hentry","category-festivalberichte","category-festivalnews","category-festivalorganisation","category-festivals-2015","category-festivals-2016","category-festivals-in-europa","category-neuer-termin","category-rock-festivals"],"_links":{"self":[{"href":"https:\/\/www.festivalhopper.de\/news\/wp-json\/wp\/v2\/posts\/102473","targetHints":{"allow":["GET"]}}],"collection":[{"href":"https:\/\/www.festivalhopper.de\/news\/wp-json\/wp\/v2\/posts"}],"about":[{"href":"https:\/\/www.festivalhopper.de\/news\/wp-json\/wp\/v2\/types\/post"}],"author":[{"embeddable":true,"href":"https:\/\/www.festivalhopper.de\/news\/wp-json\/wp\/v2\/users\/45"}],"replies":[{"embeddable":true,"href":"https:\/\/www.festivalhopper.de\/news\/wp-json\/wp\/v2\/comments?post=102473"}],"version-history":[{"count":5,"href":"https:\/\/www.festivalhopper.de\/news\/wp-json\/wp\/v2\/posts\/102473\/revisions"}],"predecessor-version":[{"id":102827,"href":"https:\/\/www.festivalhopper.de\/news\/wp-json\/wp\/v2\/posts\/102473\/revisions\/102827"}],"wp:attachment":[{"href":"https:\/\/www.festivalhopper.de\/news\/wp-json\/wp\/v2\/media?parent=102473"}],"wp:term":[{"taxonomy":"category","embeddable":true,"href":"https:\/\/www.festivalhopper.de\/news\/wp-json\/wp\/v2\/categories?post=102473"},{"taxonomy":"post_tag","embeddable":true,"href":"https:\/\/www.festivalhopper.de\/news\/wp-json\/wp\/v2\/tags?post=102473"}],"curies":[{"name":"wp","href":"https:\/\/api.w.org\/{rel}","templated":true}]}}