{"id":102043,"date":"2015-06-03T15:00:57","date_gmt":"2015-06-03T13:00:57","guid":{"rendered":"http:\/\/www.festivalhopper.de\/news\/?p=102043"},"modified":"2016-05-03T12:54:21","modified_gmt":"2016-05-03T10:54:21","slug":"rock-ring-gelaendeplan-zeitplan-2015","status":"publish","type":"post","link":"https:\/\/www.festivalhopper.de\/news\/2015\/06\/03\/rock-ring-gelaendeplan-zeitplan-2015\/","title":{"rendered":"Rock am Ring Gel\u00e4ndepl\u00e4ne, Zeitpl\u00e4ne und letzte Infos"},"content":{"rendered":"<p><a href=\"https:\/\/www.festivalhopper.de\/news\/wp-content\/uploads\/2015\/06\/rock-am-ring-schild1.jpg\"><img loading=\"lazy\" decoding=\"async\" class=\" size-medium wp-image-102105 alignleft\" src=\"https:\/\/www.festivalhopper.de\/news\/wp-content\/uploads\/2015\/06\/rock-am-ring-schild1-300x200.jpg\" alt=\"rock-am-ring-schild\" width=\"300\" height=\"200\" srcset=\"https:\/\/www.festivalhopper.de\/news\/wp-content\/uploads\/2015\/06\/rock-am-ring-schild1-300x200.jpg 300w, https:\/\/www.festivalhopper.de\/news\/wp-content\/uploads\/2015\/06\/rock-am-ring-schild1.jpg 1024w\" sizes=\"auto, (max-width: 300px) 100vw, 300px\" \/><\/a>&#8222;<strong>Es ist so ein sch\u00f6nes Gel\u00e4nde &#8211; das wird Euch gefallen<\/strong>&#8222;, sagt mein \u00e4ltester Freund, der inzwischen unweit von <strong>Mendig<\/strong> wohnt und oft dort unterwegs ist. Als Lokf\u00fchrer hatte er gestern Abend den letzten Zug an Mendig vorbeigefahren. Denn f\u00fcr acht Tage ist die Bahnstrecke jetzt gesperrt &#8222;<strong>damit ihr dort \u00fcber die Gleise laufen k\u00f6nnt<\/strong>&#8222;, sagt er. Und wir, wir sind gespannt wie sich das <strong>erste Ring-Wochenende an der neuen Location<\/strong> zwischen den vielen Vulkanen anf\u00fchlen wird. Anbei gibt&#8217;s die <strong>letzten Infos<\/strong> vor <a href=\"https:\/\/www.festivalhopper.de\/festival\/rock-am-ring-2015\">Rock am Ring 2015<\/a>.<\/p>\n<p><!--more--><\/p>\n<p><a href=\"https:\/\/www.festivalhopper.de\/news\/wp-content\/uploads\/2011\/06\/hurricane-festival-anreise.jpg\"><img loading=\"lazy\" decoding=\"async\" class=\" size-medium wp-image-45661 alignright\" src=\"https:\/\/www.festivalhopper.de\/news\/wp-content\/uploads\/2011\/06\/hurricane-festival-anreise-200x300.jpg\" alt=\"hurricane festival anreise\" width=\"200\" height=\"300\" srcset=\"https:\/\/www.festivalhopper.de\/news\/wp-content\/uploads\/2011\/06\/hurricane-festival-anreise-200x300.jpg 200w, https:\/\/www.festivalhopper.de\/news\/wp-content\/uploads\/2011\/06\/hurricane-festival-anreise.jpg 683w\" sizes=\"auto, (max-width: 200px) 100vw, 200px\" \/><\/a>Auch ein <strong>Riesenrad<\/strong> hat er gesehen &#8211; ja, die neue Location bietet viele Vorteile. Auch MLK betonte dies in der Vergangenheit \u00f6fters und verwies immer wieder auf die Nachteile die der N\u00fcrburgring als Location aus Veranstaltersicht f\u00fcr ein Festival umitbringe. Man k\u00f6nne sich jetzt besser austoben, die Logistik und Organisation vereinfachen, Wege verk\u00fcrzen und viel mehr bieten. Auch die neuen <strong>Gel\u00e4ndepl\u00e4ne<\/strong> sehen vielversprechend aus.<\/p>\n<p>Sehr lobenswert ist in diesem Zusammenhang die neue Rubrik auf <strong>rock-am-ring.com<\/strong>: &#8222;<a href=\"https:\/\/www.rock-am-ring.com\/2015\/news\/eure-fragen-unsere-antworten\">EURE FRAGEN, UNSERE ANTWORTEN<\/a>&#8220; &#8211; hier werden aktuelle Fragen von Euch zum neuen Gel\u00e4nde direkt vom Veranstalter beantwortet. Dez\u00fcglich <strong>Laufentfernungen, Orientierungspunkten, Handyaufladestationen, Parken und Camping<\/strong> wurden hier schon Fragen beantwortet.<\/p>\n<p><a href=\"https:\/\/www.festivalhopper.de\/news\/wp-content\/uploads\/2015\/06\/Ringrocker-WUP-2105P8070.jpg\"><img loading=\"lazy\" decoding=\"async\" class=\"alignnone wp-image-102160\" src=\"https:\/\/www.festivalhopper.de\/news\/wp-content\/uploads\/2015\/06\/Ringrocker-WUP-2105P8070-300x199.jpg\" alt=\"Ringrocker-WUP-2105P8070\" width=\"271\" height=\"180\" srcset=\"https:\/\/www.festivalhopper.de\/news\/wp-content\/uploads\/2015\/06\/Ringrocker-WUP-2105P8070-300x200.jpg 300w, https:\/\/www.festivalhopper.de\/news\/wp-content\/uploads\/2015\/06\/Ringrocker-WUP-2105P8070.jpg 1024w\" sizes=\"auto, (max-width: 271px) 100vw, 271px\" \/><\/a> <a href=\"https:\/\/www.festivalhopper.de\/news\/wp-content\/uploads\/2015\/06\/rar2015-impressionen-8417.jpg\"><img loading=\"lazy\" decoding=\"async\" class=\"alignnone wp-image-102139\" src=\"https:\/\/www.festivalhopper.de\/news\/wp-content\/uploads\/2015\/06\/rar2015-impressionen-8417-300x200.jpg\" alt=\"rar2015-impressionen-8417\" width=\"270\" height=\"180\" srcset=\"https:\/\/www.festivalhopper.de\/news\/wp-content\/uploads\/2015\/06\/rar2015-impressionen-8417-300x200.jpg 300w, https:\/\/www.festivalhopper.de\/news\/wp-content\/uploads\/2015\/06\/rar2015-impressionen-8417.jpg 1024w\" sizes=\"auto, (max-width: 270px) 100vw, 270px\" \/><\/a><\/p>\n<p><a href=\"https:\/\/www.festivalhopper.de\/news\/wp-content\/uploads\/2015\/06\/Rock-am-Ring-Festival-Camping-Plan-2015.png\"><img loading=\"lazy\" decoding=\"async\" class=\"alignnone wp-image-102093\" src=\"https:\/\/www.festivalhopper.de\/news\/wp-content\/uploads\/2015\/06\/Rock-am-Ring-Festival-Camping-Plan-2015-300x261.png\" alt=\"Rock-am-Ring-Festival-Camping-Plan-2015\" width=\"242\" height=\"210\" srcset=\"https:\/\/www.festivalhopper.de\/news\/wp-content\/uploads\/2015\/06\/Rock-am-Ring-Festival-Camping-Plan-2015-300x261.png 300w, https:\/\/www.festivalhopper.de\/news\/wp-content\/uploads\/2015\/06\/Rock-am-Ring-Festival-Camping-Plan-2015.png 800w\" sizes=\"auto, (max-width: 242px) 100vw, 242px\" \/><\/a> <a href=\"https:\/\/www.festivalhopper.de\/news\/wp-content\/uploads\/2015\/06\/Rock-am-Ring-Festivalgelaende-Plan-2015.png\"><img loading=\"lazy\" decoding=\"async\" class=\"alignnone wp-image-102094\" src=\"https:\/\/www.festivalhopper.de\/news\/wp-content\/uploads\/2015\/06\/Rock-am-Ring-Festivalgelaende-Plan-2015-300x212.png\" alt=\"Rock-am-Ring-Festivalgelaende-Plan-2015\" width=\"298\" height=\"210\" srcset=\"https:\/\/www.festivalhopper.de\/news\/wp-content\/uploads\/2015\/06\/Rock-am-Ring-Festivalgelaende-Plan-2015-300x212.png 300w, https:\/\/www.festivalhopper.de\/news\/wp-content\/uploads\/2015\/06\/Rock-am-Ring-Festivalgelaende-Plan-2015.png 800w\" sizes=\"auto, (max-width: 298px) 100vw, 298px\" \/><\/a><\/p>\n<ul>\n<li><a href=\"https:\/\/www.festivalhopper.de\/news\/wp-content\/uploads\/2015\/06\/Rock-am-Ring-Festival-Camping-Plan-2015.pdf\">Rock-am-Ring-Festival-Camping-Plan-2015 als PDF herunterladen<\/a><\/li>\n<li><a href=\"https:\/\/www.festivalhopper.de\/news\/wp-content\/uploads\/2015\/06\/Rock-am-Ring-Festivalgelaende-Plan-2015.pdf\">Rock-am-Ring-Festivalgelaende-Plan-2015 als PDF herunterladen<\/a><\/li>\n<li><a href=\"https:\/\/www.festivalhopper.de\/news\/wp-content\/uploads\/2015\/06\/Rock-am-Ring-Parken-Campen-Plan-2015.pdf\">Rock-am-Ring-Parken-Campen-Plan-2015 als PDF herunterladen<\/a><\/li>\n<li><a href=\"https:\/\/www.festivalhopper.de\/news\/wp-content\/uploads\/2015\/06\/RaR-Stadtplan-Mendig.pdf\">Stadtplan-Mendig als PDF herunterladen<\/a><\/li>\n<\/ul>\n<p><a href=\"https:\/\/www.festivalhopper.de\/news\/wp-content\/uploads\/2015\/06\/Rock-am-Ring-Parken-Campen-Plan-2015.png\"><img loading=\"lazy\" decoding=\"async\" class=\"alignnone wp-image-102095 \" src=\"https:\/\/www.festivalhopper.de\/news\/wp-content\/uploads\/2015\/06\/Rock-am-Ring-Parken-Campen-Plan-2015-300x261.png\" alt=\"Rock-am-Ring-Parken-Campen-Plan-2015\" width=\"210\" height=\"183\" srcset=\"https:\/\/www.festivalhopper.de\/news\/wp-content\/uploads\/2015\/06\/Rock-am-Ring-Parken-Campen-Plan-2015-300x261.png 300w, https:\/\/www.festivalhopper.de\/news\/wp-content\/uploads\/2015\/06\/Rock-am-Ring-Parken-Campen-Plan-2015.png 800w\" sizes=\"auto, (max-width: 210px) 100vw, 210px\" \/><\/a> <a href=\"https:\/\/www.festivalhopper.de\/news\/wp-content\/uploads\/2015\/06\/RaR-Stadtplan-Mendig.png\"><img loading=\"lazy\" decoding=\"async\" class=\"alignnone wp-image-102092 \" src=\"https:\/\/www.festivalhopper.de\/news\/wp-content\/uploads\/2015\/06\/RaR-Stadtplan-Mendig-300x165.png\" alt=\"RaR-Stadtplan-Mendig\" width=\"333\" height=\"183\" srcset=\"https:\/\/www.festivalhopper.de\/news\/wp-content\/uploads\/2015\/06\/RaR-Stadtplan-Mendig-300x165.png 300w, https:\/\/www.festivalhopper.de\/news\/wp-content\/uploads\/2015\/06\/RaR-Stadtplan-Mendig.png 800w\" sizes=\"auto, (max-width: 333px) 100vw, 333px\" \/><\/a><\/p>\n<p>Ganz wichtig nat\u00fcrlich auch:<\/p>\n<ul>\n<li>hier den aktuellen <a href=\"https:\/\/www.festivalhopper.de\/festival\/lineup\/rock-am-ring-2015\">ROCK AM RING TIMETABLE 2015 anschauen und ausdrucken<\/a> (Die RaR-App bietet leider keine Offline-Funktion, &#8211;&gt;Papierempfehlung)<\/li>\n<\/ul>\n<p>Weitere letzte Infos in der Schnell\u00fcbersicht:<\/p>\n<ul>\n<li>offizielle <strong>Anreise<\/strong> auf den Campingplatz ab Mittwoch m\u00f6glich<\/li>\n<li><a href=\"https:\/\/www.festivalhopper.de\/festival\/ringrocker-warm-up-party-2015\">Ringrocker WarmUp-Party<\/a> im &#8222;<strong>Magma Tent<\/strong>&#8222;, Mittwoch ab 20 Uhr, Eintritt frei<\/li>\n<li>weitere WarmUp-Veranstaltungen am Donnerstag in &#8222;Magma Tent&#8220; und &#8222;Elektro Zelt&#8220;&#8230;<\/li>\n<li>Festivalstart am Freitag um 13:45Uhr mit den Donots auf der Vulcano Stage<\/li>\n<\/ul>\n<p><a href=\"https:\/\/www.festivalhopper.de\/news\/wp-content\/uploads\/2013\/06\/Die-Toten-Hosen-6.jpg\"><img loading=\"lazy\" decoding=\"async\" class=\"alignnone wp-image-81108\" src=\"https:\/\/www.festivalhopper.de\/news\/wp-content\/uploads\/2013\/06\/Die-Toten-Hosen-6-200x300.jpg\" alt=\"Die Toten Hosen-6\" width=\"180\" height=\"270\" srcset=\"https:\/\/www.festivalhopper.de\/news\/wp-content\/uploads\/2013\/06\/Die-Toten-Hosen-6-200x300.jpg 200w, https:\/\/www.festivalhopper.de\/news\/wp-content\/uploads\/2013\/06\/Die-Toten-Hosen-6.jpg 683w\" sizes=\"auto, (max-width: 180px) 100vw, 180px\" \/><\/a> <a href=\"https:\/\/www.festivalhopper.de\/news\/wp-content\/uploads\/2013\/06\/the-prodigy-rar2013-0066.jpg\"><img loading=\"lazy\" decoding=\"async\" class=\"alignnone wp-image-80715\" src=\"https:\/\/www.festivalhopper.de\/news\/wp-content\/uploads\/2013\/06\/the-prodigy-rar2013-0066-199x300.jpg\" alt=\"the-prodigy-rar2013-0066\" width=\"179\" height=\"270\" srcset=\"https:\/\/www.festivalhopper.de\/news\/wp-content\/uploads\/2013\/06\/the-prodigy-rar2013-0066-199x300.jpg 199w, https:\/\/www.festivalhopper.de\/news\/wp-content\/uploads\/2013\/06\/the-prodigy-rar2013-0066.jpg 682w\" sizes=\"auto, (max-width: 179px) 100vw, 179px\" \/><\/a> <a href=\"https:\/\/www.festivalhopper.de\/news\/wp-content\/uploads\/2011\/08\/dave-rockin-foo-fighters-hf2011.jpg\"><img loading=\"lazy\" decoding=\"async\" class=\"alignnone wp-image-51084\" src=\"https:\/\/www.festivalhopper.de\/news\/wp-content\/uploads\/2011\/08\/dave-rockin-foo-fighters-hf2011-200x300.jpg\" alt=\"dave rockin foo-fighters hf2011\" width=\"180\" height=\"270\" srcset=\"https:\/\/www.festivalhopper.de\/news\/wp-content\/uploads\/2011\/08\/dave-rockin-foo-fighters-hf2011-200x300.jpg 200w, https:\/\/www.festivalhopper.de\/news\/wp-content\/uploads\/2011\/08\/dave-rockin-foo-fighters-hf2011.jpg 683w\" sizes=\"auto, (max-width: 180px) 100vw, 180px\" \/><\/a><\/p>\n<p>Zuletzt gab&#8217;s unsere Vorschau auf die <strong>Ringrocker WarmUp-Party<\/strong> &#8220; <a href=\"https:\/\/www.festivalhopper.de\/news\/2015\/05\/27\/goetz-widmann-ringrocker-warmupparty-2015\/\" data-click=\"News|TopNews|2015\/05\/27\/goetz-widmann-ringrocker-warmupparty-2015\/\">G\u00f6tz Widmann spielt bei der ringrocker WarmUpParty<\/a>&#8222;. Aktuell, nur noch heute, l\u00e4uft unser letztes RaR-Gewinnspiel &#8222;<a href=\"https:\/\/www.festivalhopper.de\/news\/2015\/05\/28\/zippo-ring-feuerzeuge-merchandise-sets\/\" data-click=\"News|TopNews|2015\/05\/28\/zippo-ring-feuerzeuge-merchandise-sets\/\">Zippo entflammt den Ring &#8211; Feuerzeuge und Merchandise Sets gewinnen<\/a>&#8222;.<\/p>","protected":false},"excerpt":{"rendered":"<p>&#8222;Es ist so ein sch\u00f6nes Gel\u00e4nde &#8211; das wird Euch gefallen&#8222;, sagt mein \u00e4ltester Freund, der inzwischen unweit von Mendig wohnt und oft dort unterwegs ist. Als Lokf\u00fchrer hatte er gestern Abend den letzten Zug an Mendig vorbeigefahren. Denn f\u00fcr acht Tage ist die Bahnstrecke jetzt gesperrt &#8222;damit ihr dort \u00fcber die Gleise laufen k\u00f6nnt&#8222;, [&hellip;]<\/p>\n","protected":false},"author":45,"featured_media":0,"comment_status":"open","ping_status":"open","sticky":false,"template":"","format":"standard","meta":{"footnotes":""},"categories":[35,2,882,981,40,6],"tags":[],"class_list":["post-102043","post","type-post","status-publish","format-standard","hentry","category-festivalberichte","category-festivalnews","category-festivalorganisation","category-festivals-2015","category-festivals-in-europa","category-rock-festivals"],"_links":{"self":[{"href":"https:\/\/www.festivalhopper.de\/news\/wp-json\/wp\/v2\/posts\/102043","targetHints":{"allow":["GET"]}}],"collection":[{"href":"https:\/\/www.festivalhopper.de\/news\/wp-json\/wp\/v2\/posts"}],"about":[{"href":"https:\/\/www.festivalhopper.de\/news\/wp-json\/wp\/v2\/types\/post"}],"author":[{"embeddable":true,"href":"https:\/\/www.festivalhopper.de\/news\/wp-json\/wp\/v2\/users\/45"}],"replies":[{"embeddable":true,"href":"https:\/\/www.festivalhopper.de\/news\/wp-json\/wp\/v2\/comments?post=102043"}],"version-history":[{"count":5,"href":"https:\/\/www.festivalhopper.de\/news\/wp-json\/wp\/v2\/posts\/102043\/revisions"}],"predecessor-version":[{"id":109845,"href":"https:\/\/www.festivalhopper.de\/news\/wp-json\/wp\/v2\/posts\/102043\/revisions\/109845"}],"wp:attachment":[{"href":"https:\/\/www.festivalhopper.de\/news\/wp-json\/wp\/v2\/media?parent=102043"}],"wp:term":[{"taxonomy":"category","embeddable":true,"href":"https:\/\/www.festivalhopper.de\/news\/wp-json\/wp\/v2\/categories?post=102043"},{"taxonomy":"post_tag","embeddable":true,"href":"https:\/\/www.festivalhopper.de\/news\/wp-json\/wp\/v2\/tags?post=102043"}],"curies":[{"name":"wp","href":"https:\/\/api.w.org\/{rel}","templated":true}]}}