{"id":100627,"date":"2015-03-27T16:06:51","date_gmt":"2015-03-27T15:06:51","guid":{"rendered":"http:\/\/www.festivalhopper.de\/news\/?p=100627"},"modified":"2015-03-27T16:25:19","modified_gmt":"2015-03-27T15:25:19","slug":"der-ring-gruene-hoelle-vor-dem-aus","status":"publish","type":"post","link":"https:\/\/www.festivalhopper.de\/news\/2015\/03\/27\/der-ring-gruene-hoelle-vor-dem-aus\/","title":{"rendered":"&#8222;Ob das Festival gef\u00e4hrdet ist, wird sich noch erweisen&#8220; &#8211; Gr\u00fcne H\u00f6lle Rock vor dem Aus?"},"content":{"rendered":"<p><a href=\"https:\/\/www.festivalhopper.de\/news\/wp-content\/uploads\/2014\/06\/Curbs-Grand-Prix-Strecke-Copyright-Nuerburgring-Betriebsgesellschaft-mbH.jpg\"><img loading=\"lazy\" decoding=\"async\" class=\"alignleft size-medium wp-image-92961\" src=\"https:\/\/www.festivalhopper.de\/news\/wp-content\/uploads\/2014\/06\/Curbs-Grand-Prix-Strecke-Copyright-Nuerburgring-Betriebsgesellschaft-mbH-300x200.jpg\" alt=\"Curbs-Grand-Prix-Strecke-Copyright-Nuerburgring-Betriebsgesellschaft-mbH\" width=\"300\" height=\"200\" srcset=\"https:\/\/www.festivalhopper.de\/news\/wp-content\/uploads\/2014\/06\/Curbs-Grand-Prix-Strecke-Copyright-Nuerburgring-Betriebsgesellschaft-mbH-300x200.jpg 300w, https:\/\/www.festivalhopper.de\/news\/wp-content\/uploads\/2014\/06\/Curbs-Grand-Prix-Strecke-Copyright-Nuerburgring-Betriebsgesellschaft-mbH.jpg 1024w\" sizes=\"auto, (max-width: 300px) 100vw, 300px\" \/><\/a>Ein <a href=\"http:\/\/www.wiwo.de\/unternehmen\/dienstleister\/deag-und-capricorn-rockfestival-am-nuerburgring-droht-das-aus\/11564194.html\">Bericht der Wirtschaftswoche<\/a> sorgt seit heute Mittag f\u00fcr Furore: Rennstreckenbetreiber <strong>Capricorn<\/strong> N\u00fcrburgring (CNG) und Konzertveranstalter <strong>DEAG<\/strong> k\u00f6nnten sich in der aktuellen Organisationsphase nicht einigen, hei\u00dft es &#8211; der Vertrag f\u00fcr das Festival &#8222;<a href=\"https:\/\/www.festivalhopper.de\/festival\/der-ring-gruene-hoelle-rock-2015\">Der Ring \u2013 Gr\u00fcne H\u00f6lle Rock<\/a>&#8220; k\u00f6nne bald aufgel\u00f6st werden.<\/p>\n<p><!--more--><\/p>\n<p>Das kommt uns nicht unbekannt vor &#8211; \u00fcber \u00e4hnliche Querelen zwischen Konzertveranstalter und Rennstreckenbetreiber mussten wir schon im Vorfeld der letzten Ausgabe von <strong>Rock am Ring<\/strong> berichten &#8222;<a title=\"Permalink zu Ein letztes Mal am N\u00fcrburgring \u2013 Rock am Ring 2014\" href=\"https:\/\/www.festivalhopper.de\/news\/2014\/05\/30\/letztes-mal-nuerburgring-rock-ring-2014\/\" rel=\"bookmark\">Ein letztes Mal am N\u00fcrburgring \u2013 Rock am Ring 2014<\/a>&#8222;. Damals hie\u00df der Konzertveranstalter <strong>MLK<\/strong>, der nun mit <a href=\"https:\/\/www.festivalhopper.de\/news\/2014\/06\/12\/rechtsstreit-namensrechte-rock-am-ring\/\">Rock am Ring<\/a><a href=\"https:\/\/www.festivalhopper.de\/news\/2014\/09\/18\/rock-am-ring-2015-location-flugplatz-mendig\/\"> nach Mendig<\/a> umgezogen ist. Die Probleme damals kamen in Zusammenhang mit dem bevorstehenden Besitzerwechsel am N\u00fcrburgring, offiziellen Auflagen und den darauf folgenden Vertrags\u00e4nderungsw\u00fcnschen zwischen MLK und dem N\u00fcrburgring auf. Nun sei auch f\u00fcr das neue Festival am N\u00fcrburgring ein Locationwechsel m\u00f6glich, so die Wirtschaftswoche.<\/p>\n<p>Auf Anfrage f\u00e4llt <strong>das Statement gegen\u00fcber Festivalhopper<\/strong> jedoch moderater aus:<\/p>\n<blockquote><p><em>&#8222;<strong>Wir best\u00e4tigen im Grunde die Aussagen der WiWo<\/strong>, dass es bei dem geplanten Rockkonzert \u201aDER RING &#8211; Gr\u00fcne H\u00f6lle Rock\u2019 nicht so l\u00e4uft, wie es uns in Aussicht gestellt wurde. Das eigentliche Problem ist, dass die DEAG als Veranstalter und Organisator offensichtlich ihre Ziele beim Verkauf der Tickets nicht erreicht und uns in der Vergangenheit nicht ausreichend informiert hat. Dass wir als Partner uns dann Sorgen \u00fcber die weitere Austragung des f\u00fcr Ende Mai geplanten Rockfestivals machen und unsere Handlungsoptionen pr\u00fcfen, ist nachvollziehbar.&#8220; <\/em>&#8211; in einem Statement am Mittag hie\u00df es dazu zusammenfassend: &#8222;<em><strong>Ob das Rockkonzert tats\u00e4chlich gef\u00e4hrdet ist, wird sich noch erweisen<\/strong>.&#8220;<br \/>\n<\/em><\/p><\/blockquote>\n<p><strong><a href=\"https:\/\/www.festivalhopper.de\/news\/wp-content\/uploads\/2014\/06\/24h-Luftaufnahme-Copyright-Nuerburgring-Betriebsgesellschaft-mbH_02b.jpg\"><img loading=\"lazy\" decoding=\"async\" class=\"alignright wp-image-92962 size-medium\" src=\"https:\/\/www.festivalhopper.de\/news\/wp-content\/uploads\/2014\/06\/24h-Luftaufnahme-Copyright-Nuerburgring-Betriebsgesellschaft-mbH_02b-300x205.jpg\" alt=\"24h-Luftaufnahme-Copyright-Nuerburgring-Betriebsgesellschaft-mbH_02b\" width=\"300\" height=\"205\" srcset=\"https:\/\/www.festivalhopper.de\/news\/wp-content\/uploads\/2014\/06\/24h-Luftaufnahme-Copyright-Nuerburgring-Betriebsgesellschaft-mbH_02b-300x205.jpg 300w, https:\/\/www.festivalhopper.de\/news\/wp-content\/uploads\/2014\/06\/24h-Luftaufnahme-Copyright-Nuerburgring-Betriebsgesellschaft-mbH_02b.jpg 1024w\" sizes=\"auto, (max-width: 300px) 100vw, 300px\" \/><\/a>Telefonisch betonte ein Sprecher der CNG gegen\u00fcber Festivalhopper<\/strong>, dass man <strong>nicht daran interessiert sei, das Festival abzusagen<\/strong>. Auch streite man nicht mit der <strong>DEAG<\/strong>, sondern rede als Partner miteinander. Wiederholt wurde auf die wohl problematisch schlechten <strong>Vorverkaufszahlen<\/strong> hingewiesen, auch wenn sich nun mit dem zus\u00e4tzlichen Angebot <a href=\"https:\/\/www.festivalhopper.de\/news\/2015\/03\/09\/der-ring-gruene-hoelle-tagestickets\/\">von <strong>Tagestickets<\/strong><\/a> ein positiverer Trend abzeichne. Das <strong>Konkurrenzfestival<\/strong> &#8222;<a href=\"https:\/\/www.festivalhopper.de\/festival\/rock-am-ring-2015\">Rock am Ring<\/a>&#8222;, das eine Woche sp\u00e4ter und nur 30 Kilometer entfernt stattfinden wird, hat <a href=\"https:\/\/www.festivalhopper.de\/news\/2015\/02\/27\/rock-am-ring-2015-ist-ausverkauft\/\">bereits &#8222;ausverkauft&#8220; gemeldet<\/a>.<\/p>\n<div id=\"attachment_92392\" style=\"width: 210px\" class=\"wp-caption alignleft\"><a href=\"https:\/\/www.festivalhopper.de\/news\/wp-content\/uploads\/2014\/06\/RIP-Freitag-Metallica-102.jpg-.jpg\"><img loading=\"lazy\" decoding=\"async\" aria-describedby=\"caption-attachment-92392\" class=\"wp-image-92392 size-medium\" src=\"https:\/\/www.festivalhopper.de\/news\/wp-content\/uploads\/2014\/06\/RIP-Freitag-Metallica-102.jpg--200x300.jpg\" alt=\"RIP-Freitag-Metallica-102.jpg\" width=\"200\" height=\"300\" srcset=\"https:\/\/www.festivalhopper.de\/news\/wp-content\/uploads\/2014\/06\/RIP-Freitag-Metallica-102.jpg--200x300.jpg 200w, https:\/\/www.festivalhopper.de\/news\/wp-content\/uploads\/2014\/06\/RIP-Freitag-Metallica-102.jpg--682x1024.jpg 682w, https:\/\/www.festivalhopper.de\/news\/wp-content\/uploads\/2014\/06\/RIP-Freitag-Metallica-102.jpg-.jpg 1632w\" sizes=\"auto, (max-width: 200px) 100vw, 200px\" \/><\/a><p id=\"caption-attachment-92392\" class=\"wp-caption-text\">James Hetfield und seine Mannen von Metallica w\u00fcrden nach 2014, dieses Jahr erneut am N\u00fcrburgring spielen. Vielleicht zieht es deshalb viele N\u00fcrburgring-Stammg\u00e4ste zum Rock am Ring Alternativprogramm nach Mendig?<\/p><\/div>\n<p>Den bereits zitierten <strong>Bericht der Wirtschaftswoche<\/strong> <strong>zusammengefasst<\/strong>, geht es im Grunde eben darum, den schleppenden <strong>Vorverkauf und das damit fehlende Geld<\/strong>. Gerade mal 800.000 Euro habe man durch Vorverkaufserl\u00f6se bis Mitte M\u00e4rz eingenommen &#8211; was auf nur etwa 10.000 verkaufter Tickets schlie\u00dfen l\u00e4sst <em>(Anfang Februar meldete die DEAG 7.500 verkaufte Tickets)<\/em>. An Kosten seien bisher aber schon 3,5 Millionen aufgelaufen. Jetzt wo die n\u00e4chste Vorabzahlung an K\u00fcnstlergagen in H\u00f6he von 1,27 Millionen ansteht, kommt es zum Konflikt. Die DEAG fordert nun den Rennstreckenbetreiber auf &#8222;Liquidit\u00e4t zur Verf\u00fcgung zu stellen&#8220; &#8211; man habe eine <strong>h\u00e4lftige Aufteilung der Kosten<\/strong> vereinbart. An dieser Stelle kommt es nun zur Auseinandersetzung und pl\u00f6tzlich stehe von Seitens des Rennstreckenbetreibers <a href=\"https:\/\/www.festivalhopper.de\/news\/2014\/06\/03\/gruene-hoelle-rockfestival-festival-nuerburgring\/\">der bereits geschlossene <strong>5-Jahresvertrag<\/strong> <\/a>zur Disposition. Die <strong>DEAG<\/strong> hingegen wolle den &#8222;Bedingungen der &#8230; vorgeschlagenen Vertragsaufhebung &#8230; nicht zustimmen&#8220;. Nun, zwei Monate vor dem Festival, w\u00fcrden &#8222;<strong>alternative Ausrichtungsorte f\u00fcr die Veranstaltung 2015<\/strong>&#8220; gepr\u00fcft. DEAG-Chef <strong>Schwenkow<\/strong> sehe die DEAG aber dar\u00fcber hinaus \u00fcber eine Ausfallversicherung gut abgesichert.<\/p>\n<p>Die Frage bleibt, ob sich die <strong>DEAG<\/strong> nicht doch etwas verspekuliert hat mit ihrem massiven Eintritt in den Festivalmarkt. Geplant sind insgesamt drei neue Festivals: neben &#8222;<a href=\"https:\/\/www.festivalhopper.de\/festival\/der-ring-gruene-hoelle-rock-2015\">Der Ring &#8211; Gr\u00fcne H\u00f6lle Rock<\/a>&#8220; am letzten Maiwochenende, soll parallel &#8222;<a href=\"https:\/\/www.festivalhopper.de\/festival\/rockavaria\">Rockavaria<\/a>&#8220; im <strong>M\u00fcnchner Olympiapark<\/strong> laufen, am darauffolgenden Wochenende &#8222;<a href=\"https:\/\/www.festivalhopper.de\/festival\/rock-in-vienna-2015\">Rock in Vienna<\/a>&#8220; auf der Donauinsel in <strong>Wien<\/strong>. Der Ververkauf f\u00fcr das <strong>Rockavaria<\/strong> Festival l\u00e4uft am besten, f\u00fcr das Festival mit einer Kapazit\u00e4t von 68.000 Besuchern habe man bereits 33.000 Tickets verkauft (inklusive Tagestickets). F\u00fcr <strong>Rock in Vienna<\/strong> etwa 16.000 (Kapazit\u00e4t 55.000). Am Ende werde man aber gute Besucherzahlen haben, so DEAG Chef Schwenkow.<\/p>\n<p><strong>Bis zur kommenden Woche soll sich die Zukunft des Festivals kl\u00e4ren<\/strong> \u2013 wir bleiben gespannt. <em>(Bilder 1+2 oben links und drunter rechts: PR-Bilder N\u00fcrburgring Copyright Nuerburgring Betriebsgesellschaft mbH)<\/em><\/p>","protected":false},"excerpt":{"rendered":"<p>Ein Bericht der Wirtschaftswoche sorgt seit heute Mittag f\u00fcr Furore: Rennstreckenbetreiber Capricorn N\u00fcrburgring (CNG) und Konzertveranstalter DEAG k\u00f6nnten sich in der aktuellen Organisationsphase nicht einigen, hei\u00dft es &#8211; der Vertrag f\u00fcr das Festival &#8222;Der Ring \u2013 Gr\u00fcne H\u00f6lle Rock&#8220; k\u00f6nne bald aufgel\u00f6st werden.<\/p>\n","protected":false},"author":45,"featured_media":0,"comment_status":"open","ping_status":"open","sticky":false,"template":"","format":"standard","meta":{"footnotes":""},"categories":[2,882,981,6,14],"tags":[],"class_list":["post-100627","post","type-post","status-publish","format-standard","hentry","category-festivalnews","category-festivalorganisation","category-festivals-2015","category-rock-festivals","category-sonstiges"],"_links":{"self":[{"href":"https:\/\/www.festivalhopper.de\/news\/wp-json\/wp\/v2\/posts\/100627","targetHints":{"allow":["GET"]}}],"collection":[{"href":"https:\/\/www.festivalhopper.de\/news\/wp-json\/wp\/v2\/posts"}],"about":[{"href":"https:\/\/www.festivalhopper.de\/news\/wp-json\/wp\/v2\/types\/post"}],"author":[{"embeddable":true,"href":"https:\/\/www.festivalhopper.de\/news\/wp-json\/wp\/v2\/users\/45"}],"replies":[{"embeddable":true,"href":"https:\/\/www.festivalhopper.de\/news\/wp-json\/wp\/v2\/comments?post=100627"}],"version-history":[{"count":5,"href":"https:\/\/www.festivalhopper.de\/news\/wp-json\/wp\/v2\/posts\/100627\/revisions"}],"predecessor-version":[{"id":100644,"href":"https:\/\/www.festivalhopper.de\/news\/wp-json\/wp\/v2\/posts\/100627\/revisions\/100644"}],"wp:attachment":[{"href":"https:\/\/www.festivalhopper.de\/news\/wp-json\/wp\/v2\/media?parent=100627"}],"wp:term":[{"taxonomy":"category","embeddable":true,"href":"https:\/\/www.festivalhopper.de\/news\/wp-json\/wp\/v2\/categories?post=100627"},{"taxonomy":"post_tag","embeddable":true,"href":"https:\/\/www.festivalhopper.de\/news\/wp-json\/wp\/v2\/tags?post=100627"}],"curies":[{"name":"wp","href":"https:\/\/api.w.org\/{rel}","templated":true}]}}