{"id":100265,"date":"2015-03-12T14:39:43","date_gmt":"2015-03-12T13:39:43","guid":{"rendered":"http:\/\/www.festivalhopper.de\/news\/?p=100265"},"modified":"2015-03-12T14:47:02","modified_gmt":"2015-03-12T13:47:02","slug":"rock-am-ring-bandcontest-mendig","status":"publish","type":"post","link":"https:\/\/www.festivalhopper.de\/news\/2015\/03\/12\/rock-am-ring-bandcontest-mendig\/","title":{"rendered":"Slot f\u00fcr Rock am Ring gewinnen: Rock&#8217;n&#8217;Mendig Bandcontest"},"content":{"rendered":"<p><a href=\"https:\/\/www.festivalhopper.de\/news\/wp-content\/uploads\/2015\/03\/Rock-n-Mendig-Bandcontest-2015.png\"><img loading=\"lazy\" decoding=\"async\" class=\"alignleft size-medium wp-image-100278\" src=\"https:\/\/www.festivalhopper.de\/news\/wp-content\/uploads\/2015\/03\/Rock-n-Mendig-Bandcontest-2015-300x225.png\" alt=\"Rock-n-Mendig-Bandcontest-2015\" width=\"300\" height=\"225\" srcset=\"https:\/\/www.festivalhopper.de\/news\/wp-content\/uploads\/2015\/03\/Rock-n-Mendig-Bandcontest-2015-300x225.png 300w, https:\/\/www.festivalhopper.de\/news\/wp-content\/uploads\/2015\/03\/Rock-n-Mendig-Bandcontest-2015.png 600w\" sizes=\"auto, (max-width: 300px) 100vw, 300px\" \/><\/a><b><a href=\"https:\/\/www.festivalhopper.de\/news\/2014\/10\/02\/rock-am-ring-2015-foo-fighters-slipknot-hosen\/\">Slipknot, Foo Fighters, Die Toten Hosen<\/a>, The Prodigy<\/b> &#8211; wer m\u00f6chte als <strong>Nachwuchsband<\/strong> nicht einmal zusammen mit solchen Bands in einem Festival-LineUp stehen? M\u00f6glich wird das auch wieder bei der diesj\u00e4hrigen Ausgabe von <a href=\"https:\/\/www.festivalhopper.de\/festival\/rock-am-ring-2015\">Rock am Ring<\/a>. Aufgrund des Locationwechsels wird der Nachwuchsbandslot nicht mehr wie in den letzten Jahren beim <a href=\"https:\/\/www.festivalhopper.de\/news\/2013\/02\/20\/10-jahre-ringrocker-bandcontest-rock-am-ring\/\"><strong>Ringrocker-Bandcontest<\/strong> <\/a>bestimmt, sondern beim <a href=\"https:\/\/www.festivalhopper.de\/festival\/rock-n-mendig-bandcontest\">Rock&#8217;n&#8217;Mendig Bandcontest<\/a>.<\/p>\n<p><!--more--><\/p>\n<div id=\"attachment_100294\" style=\"width: 310px\" class=\"wp-caption alignright\"><a href=\"https:\/\/www.festivalhopper.de\/news\/wp-content\/uploads\/2015\/03\/Bandcontest-Rock-n-Mendig-PM-2015.jpg\"><img loading=\"lazy\" decoding=\"async\" aria-describedby=\"caption-attachment-100294\" class=\"wp-image-100294 size-medium\" src=\"https:\/\/www.festivalhopper.de\/news\/wp-content\/uploads\/2015\/03\/Bandcontest-Rock-n-Mendig-PM-2015-300x200.jpg\" alt=\"Bandcontest-Rock-n-Mendig-PM-2015\" width=\"300\" height=\"200\" srcset=\"https:\/\/www.festivalhopper.de\/news\/wp-content\/uploads\/2015\/03\/Bandcontest-Rock-n-Mendig-PM-2015-300x200.jpg 300w, https:\/\/www.festivalhopper.de\/news\/wp-content\/uploads\/2015\/03\/Bandcontest-Rock-n-Mendig-PM-2015.jpg 700w\" sizes=\"auto, (max-width: 300px) 100vw, 300px\" \/><\/a><p id=\"caption-attachment-100294\" class=\"wp-caption-text\"><em>Pressekonferenz &#8211; v.l.n.r J\u00fcrgen Zinken (\u00d6ffentlichkeitsarbeit Rock am Ring in Mendig), Marcus Graf (LAG Rock&amp;Pop Rheinland-Pfalz, Verbandsb\u00fcrgermeister J\u00f6rg Lempertz, Jacky Jedlicky (Prokurist und Festivalmanager von MLK), J\u00fcrgen Mittler (Gambrinusfest Mendig), Peter Moskopp (B\u00fcroleiter Verbandsgemeinde Mendig), Kathrin Endes (Projektmanagerin Band-Contest Mendig)<\/em><\/p><\/div>\n<p>Gesucht hierf\u00fcr werden <strong>junge Bands aus Rheinland-Pfalz<\/strong>, die ihre eigenen Songs vor einem gr\u00f6\u00dferen Publikum spielen wollen. Die zu erf\u00fcllenden <strong>Teilnahmevoraussetzungen<\/strong> gibt es hier in der \u00dcbersicht:<\/p>\n<ul>\n<li>Nur Bands aus Rheinland-Pfalz<\/li>\n<li>Jedes Bandmitglied muss mindestens 16 Jahre alt sein<\/li>\n<li>Stilrichtung Rock &amp; Pop<\/li>\n<li>keine Covermusik, nur eigene Songs<\/li>\n<li>Live-Set von mindestens 30 Minuten<\/li>\n<\/ul>\n<p><em>Von dem Contest ausgeschlossen, sind Bands die menschenverachtendes, rechtsradikales oder Gewalt verherrlichendes Gedankengut in ihren Texten und Symbolen verbreiten.<\/em><\/p>\n<p>Da die Veranstalter (die Stadt Mendig in Kooperation mit der LAG ROCK &amp; POP e.V.) <strong>Newcomer<\/strong> unterst\u00fctzen wollen, wird <strong>keine Anmeldegeb\u00fchr<\/strong> erhoben.<\/p>\n<p><strong><a href=\"https:\/\/www.festivalhopper.de\/news\/wp-content\/uploads\/2014\/06\/RivalSons_RaR14-8705.jpg\"><img loading=\"lazy\" decoding=\"async\" class=\"alignright size-medium wp-image-93072\" src=\"https:\/\/www.festivalhopper.de\/news\/wp-content\/uploads\/2014\/06\/RivalSons_RaR14-8705-300x300.jpg\" alt=\"RivalSons_RaR14-8705\" width=\"300\" height=\"300\" srcset=\"https:\/\/www.festivalhopper.de\/news\/wp-content\/uploads\/2014\/06\/RivalSons_RaR14-8705-300x300.jpg 300w, https:\/\/www.festivalhopper.de\/news\/wp-content\/uploads\/2014\/06\/RivalSons_RaR14-8705-150x150.jpg 150w, https:\/\/www.festivalhopper.de\/news\/wp-content\/uploads\/2014\/06\/RivalSons_RaR14-8705.jpg 1000w\" sizes=\"auto, (max-width: 300px) 100vw, 300px\" \/><\/a>Bewerbungen<\/strong> k\u00f6nnt ihr <strong>bis zum 31.M\u00e4rz 2015<\/strong> direkt Online, per Email oder Post an die Verbandsgemeinde Mendig richten. Email: <strong>bandcontest[\u00e4tt]mendig.de<\/strong> Adresse: <strong>Verbandsgemeinde Mendig, Kathrin Endes, Marktplatz 3, 56743 Mendig<\/strong>.<\/p>\n<p>Der <strong>Live-Entscheid<\/strong> wird dann am <strong>13.05.2015<\/strong>, dem Vorabend zum Gambrinusfest auf dem Gel\u00e4nde der <strong>Vulkanbrauerei\/Mendig<\/strong> stattfinden. Auch <strong>Marek Lieberberg<\/strong> wird dann als Jurymitglied dabei sein. Die <strong>Gewinnerband<\/strong> darf dann ein paar Wochen sp\u00e4ter <strong>bei Rock am Ring erneut auftreten<\/strong>!<\/p>\n<p><strong>Rock am Ring<\/strong> selbst ist \u00fcbrigens <a href=\"https:\/\/www.festivalhopper.de\/news\/2015\/02\/27\/rock-am-ring-2015-ist-ausverkauft\/\">seit Februar ausverkauft<\/a>. Weiteres zum <a href=\"https:\/\/www.festivalhopper.de\/festival\/rock-n-mendig-bandcontest\">Bandcontest Mendig hier<\/a>, <a href=\"https:\/\/www.facebook.com\/events\/1412795245698766\/\" target=\"_blank\" rel=\"noopener\">bei Facebook<\/a> oder auf <a href=\"https:\/\/www.mendig.de\/\" target=\"_blank\" rel=\"noopener\">www.mendig.de<\/a>.<\/p>","protected":false},"excerpt":{"rendered":"<p>Slipknot, Foo Fighters, Die Toten Hosen, The Prodigy &#8211; wer m\u00f6chte als Nachwuchsband nicht einmal zusammen mit solchen Bands in einem Festival-LineUp stehen? M\u00f6glich wird das auch wieder bei der diesj\u00e4hrigen Ausgabe von Rock am Ring. Aufgrund des Locationwechsels wird der Nachwuchsbandslot nicht mehr wie in den letzten Jahren beim Ringrocker-Bandcontest bestimmt, sondern beim Rock&#8217;n&#8217;Mendig [&hellip;]<\/p>\n","protected":false},"author":45,"featured_media":0,"comment_status":"open","ping_status":"open","sticky":false,"template":"","format":"standard","meta":{"footnotes":""},"categories":[23,2,981,41,333,980,8,894,6],"tags":[],"class_list":["post-100265","post","type-post","status-publish","format-standard","hentry","category-bandcontests","category-festivalnews","category-festivals-2015","category-nachwuchsbands","category-neue-location","category-neuer-termin","category-neues-festival","category-pop-festivals","category-rock-festivals"],"_links":{"self":[{"href":"https:\/\/www.festivalhopper.de\/news\/wp-json\/wp\/v2\/posts\/100265","targetHints":{"allow":["GET"]}}],"collection":[{"href":"https:\/\/www.festivalhopper.de\/news\/wp-json\/wp\/v2\/posts"}],"about":[{"href":"https:\/\/www.festivalhopper.de\/news\/wp-json\/wp\/v2\/types\/post"}],"author":[{"embeddable":true,"href":"https:\/\/www.festivalhopper.de\/news\/wp-json\/wp\/v2\/users\/45"}],"replies":[{"embeddable":true,"href":"https:\/\/www.festivalhopper.de\/news\/wp-json\/wp\/v2\/comments?post=100265"}],"version-history":[{"count":5,"href":"https:\/\/www.festivalhopper.de\/news\/wp-json\/wp\/v2\/posts\/100265\/revisions"}],"predecessor-version":[{"id":141805,"href":"https:\/\/www.festivalhopper.de\/news\/wp-json\/wp\/v2\/posts\/100265\/revisions\/141805"}],"wp:attachment":[{"href":"https:\/\/www.festivalhopper.de\/news\/wp-json\/wp\/v2\/media?parent=100265"}],"wp:term":[{"taxonomy":"category","embeddable":true,"href":"https:\/\/www.festivalhopper.de\/news\/wp-json\/wp\/v2\/categories?post=100265"},{"taxonomy":"post_tag","embeddable":true,"href":"https:\/\/www.festivalhopper.de\/news\/wp-json\/wp\/v2\/tags?post=100265"}],"curies":[{"name":"wp","href":"https:\/\/api.w.org\/{rel}","templated":true}]}}