{"id":100255,"date":"2015-03-10T10:23:14","date_gmt":"2015-03-10T09:23:14","guid":{"rendered":"http:\/\/www.festivalhopper.de\/news\/?p=100255"},"modified":"2015-03-10T10:23:14","modified_gmt":"2015-03-10T09:23:14","slug":"oben-ohne-open-air-kontra-k","status":"publish","type":"post","link":"https:\/\/www.festivalhopper.de\/news\/2015\/03\/10\/oben-ohne-open-air-kontra-k\/","title":{"rendered":"OBEN OHNE Open Air mit Kontra K als Headliner"},"content":{"rendered":"<p><a href=\"https:\/\/www.festivalhopper.de\/news\/wp-content\/uploads\/2015\/03\/Kontra_K_CU9A4502.jpg\"><img loading=\"lazy\" decoding=\"async\" class=\"alignleft size-medium wp-image-100257\" src=\"https:\/\/www.festivalhopper.de\/news\/wp-content\/uploads\/2015\/03\/Kontra_K_CU9A4502-300x200.jpg\" alt=\"Kontra_K_CU9A4502\" width=\"300\" height=\"200\" srcset=\"https:\/\/www.festivalhopper.de\/news\/wp-content\/uploads\/2015\/03\/Kontra_K_CU9A4502-300x200.jpg 300w, https:\/\/www.festivalhopper.de\/news\/wp-content\/uploads\/2015\/03\/Kontra_K_CU9A4502.jpg 1024w\" sizes=\"auto, (max-width: 300px) 100vw, 300px\" \/><\/a>Nachdem in den letzten Jahren K\u00fcnstler wie <strong><a href=\"https:\/\/www.festivalhopper.de\/news\/2012\/01\/20\/kraftklub-beim-oben-ohne-festival\/\">Kraftklub<\/a>, Prinz Pi<\/strong> oder <a href=\"https:\/\/www.festivalhopper.de\/festival\/oben-ohne-open-air-2014\"><strong>Alligatoah<\/strong><\/a> den Headlinerslot \u00fcbernahmen, bekommt dieses Jahr der Berliner Rapper <strong>Kontra K<\/strong> diesen ehrenvollen Posten zugesprochen.<\/p>\n<p>F\u00fcr das am <strong>18.Juli 2015<\/strong> auf dem <strong>M\u00fcnchner K\u00f6nigsplatz<\/strong> stattfindende <strong><a href=\"https:\/\/www.festivalhopper.de\/festival\/oben-ohne-open-air-2015\">OBEN OHNE Open Air <\/a><\/strong>sind auch bereits zwei weitere Bands best\u00e4tigt.<\/p>\n<p><!--more--><\/p>\n<p><strong><a href=\"https:\/\/www.festivalhopper.de\/news\/wp-content\/uploads\/2015\/03\/Kontra_K_CU9A4862.jpg\"><img loading=\"lazy\" decoding=\"async\" class=\"alignright size-medium wp-image-100258\" src=\"https:\/\/www.festivalhopper.de\/news\/wp-content\/uploads\/2015\/03\/Kontra_K_CU9A4862-300x200.jpg\" alt=\"Kontra_K_CU9A4862\" width=\"300\" height=\"200\" srcset=\"https:\/\/www.festivalhopper.de\/news\/wp-content\/uploads\/2015\/03\/Kontra_K_CU9A4862-300x200.jpg 300w, https:\/\/www.festivalhopper.de\/news\/wp-content\/uploads\/2015\/03\/Kontra_K_CU9A4862.jpg 1024w\" sizes=\"auto, (max-width: 300px) 100vw, 300px\" \/><\/a>Ehrlichkeit, Loyalit\u00e4t und Ehrgeiz<\/strong> \u2013 das sind Werte, die dem 27-j\u00e4hrigen Rapper wichtig sind. W\u00e4hrend der deutsche HipHop sich zum Teil in Selbstverherrlichung verliert, steht er fr\u00fch auf, um die eigene Firma zu leiten, macht leidenschaftlich Kampfsport und ist als Boxtrainer f\u00fcr Jugendliche t\u00e4tig. In seiner Musik zeichnet er eine urbane Realit\u00e4t, ohne deren Probleme zu verherrlichen. Seine <strong>unverkennbare Stimme<\/strong> und die <strong>ehrlichen Raps<\/strong> brachten ihm schon 2013 (mit seinem dritten Soloalbum &#8222;12 Runden&#8220;) einen Top10 Platz in den deutschen Charts.<\/p>\n<p><a href=\"https:\/\/www.festivalhopper.de\/news\/wp-content\/uploads\/2014\/09\/ADDF-2014-P3450-257ers.jpg\"><img loading=\"lazy\" decoding=\"async\" class=\"alignleft size-medium wp-image-97469\" src=\"https:\/\/www.festivalhopper.de\/news\/wp-content\/uploads\/2014\/09\/ADDF-2014-P3450-257ers-300x199.jpg\" alt=\"ADDF-2014-P3450-257ers\" width=\"300\" height=\"199\" srcset=\"https:\/\/www.festivalhopper.de\/news\/wp-content\/uploads\/2014\/09\/ADDF-2014-P3450-257ers-300x200.jpg 300w, https:\/\/www.festivalhopper.de\/news\/wp-content\/uploads\/2014\/09\/ADDF-2014-P3450-257ers.jpg 1024w\" sizes=\"auto, (max-width: 300px) 100vw, 300px\" \/><\/a>Seit ein paar Wochen ist <a title=\"Kontra K\" href=\"https:\/\/www.festivalhopper.de\/bands\/karten\/kontra-k.php\">Kontra K<\/a> mit seinem neuen Album &#8222;<strong>Aus dem Schatten ins Licht<\/strong>&#8220; unterwegs und f\u00fcllt die Clubs und Hallen Deutschlands. Bei der 16.Ausgabe des OBEN OHNE Open Airs wird er diesen Sommer dem Publikum ordentlich einheizen. Au\u00dferdem best\u00e4tig sind bereits die Auftritte der <strong>257ers<\/strong> und von <strong>Mundhaar<\/strong>.<\/p>\n<p>Das OBEN OHNE Open Air ist das <strong>gr\u00f6\u00dfte nicht kommerzielle Festival<\/strong> im s\u00fcddeutschen Raum. Es wird veranstaltet von den <strong>Kreisjugendringen<\/strong> M\u00fcnchen-Stadt und M\u00fcnchen Land und hat auch in der \u00fcberregionalen Festivalszene einen festen Platz. Seit 1998 ist es ein wichtiger Bestandteil der M\u00fcnchner Musikszene. Ziel ist es, jungen Menschen bei <strong>kosteng\u00fcnstigem Eintritt<\/strong> interessante nationale und internationale Bands zu pr\u00e4sentieren, sowie jungen und aufstrebenden Bands eine gro\u00dfe B\u00fchne zu bieten.<\/p>\n<p>So sah das <a href=\"https:\/\/www.festivalhopper.de\/festival\/oben-ohne-open-air-2014\">Oben Ohne LineUp 2014<\/a> aus. Weiteres zum <a href=\"https:\/\/www.festivalhopper.de\/festival\/oben-ohne-open-air-2015\">OBEN OHNE 2015 hier<\/a> und auf <a href=\"http:\/\/www.oben-air.de\" target=\"_blank\">www.oben-air.de<\/a>.<\/p>","protected":false},"excerpt":{"rendered":"<p>Nachdem in den letzten Jahren K\u00fcnstler wie Kraftklub, Prinz Pi oder Alligatoah den Headlinerslot \u00fcbernahmen, bekommt dieses Jahr der Berliner Rapper Kontra K diesen ehrenvollen Posten zugesprochen. F\u00fcr das am 18.Juli 2015 auf dem M\u00fcnchner K\u00f6nigsplatz stattfindende OBEN OHNE Open Air sind auch bereits zwei weitere Bands best\u00e4tigt.<\/p>\n","protected":false},"author":45,"featured_media":0,"comment_status":"open","ping_status":"open","sticky":false,"template":"","format":"standard","meta":{"footnotes":""},"categories":[2,981,22,41,24,6],"tags":[],"class_list":["post-100255","post","type-post","status-publish","format-standard","hentry","category-festivalnews","category-festivals-2015","category-hiphop-festivals","category-nachwuchsbands","category-neue-bands","category-rock-festivals"],"_links":{"self":[{"href":"https:\/\/www.festivalhopper.de\/news\/wp-json\/wp\/v2\/posts\/100255","targetHints":{"allow":["GET"]}}],"collection":[{"href":"https:\/\/www.festivalhopper.de\/news\/wp-json\/wp\/v2\/posts"}],"about":[{"href":"https:\/\/www.festivalhopper.de\/news\/wp-json\/wp\/v2\/types\/post"}],"author":[{"embeddable":true,"href":"https:\/\/www.festivalhopper.de\/news\/wp-json\/wp\/v2\/users\/45"}],"replies":[{"embeddable":true,"href":"https:\/\/www.festivalhopper.de\/news\/wp-json\/wp\/v2\/comments?post=100255"}],"version-history":[{"count":5,"href":"https:\/\/www.festivalhopper.de\/news\/wp-json\/wp\/v2\/posts\/100255\/revisions"}],"predecessor-version":[{"id":100264,"href":"https:\/\/www.festivalhopper.de\/news\/wp-json\/wp\/v2\/posts\/100255\/revisions\/100264"}],"wp:attachment":[{"href":"https:\/\/www.festivalhopper.de\/news\/wp-json\/wp\/v2\/media?parent=100255"}],"wp:term":[{"taxonomy":"category","embeddable":true,"href":"https:\/\/www.festivalhopper.de\/news\/wp-json\/wp\/v2\/categories?post=100255"},{"taxonomy":"post_tag","embeddable":true,"href":"https:\/\/www.festivalhopper.de\/news\/wp-json\/wp\/v2\/tags?post=100255"}],"curies":[{"name":"wp","href":"https:\/\/api.w.org\/{rel}","templated":true}]}}